{"id":9087,"date":"2026-01-04T11:09:21","date_gmt":"2026-01-04T11:09:21","guid":{"rendered":"https:\/\/www.farecentronews.com\/?p=9087"},"modified":"2026-01-04T11:09:22","modified_gmt":"2026-01-04T11:09:22","slug":"museo-dellara-pacis-roma-sguardi-fiori-e-paesaggi-nella-mostra-impressionismo-e-oltre","status":"publish","type":"post","link":"https:\/\/www.farecentronews.com\/?p=9087","title":{"rendered":"Museo dell&#8217;Ara Pacis Roma. Sguardi, fiori e paesaggi nella mostra Impressionismo e oltre"},"content":{"rendered":"<div class=\"wp-block-image\">\n<figure class=\"alignleft size-large is-resized\"><a href=\"https:\/\/www.farecentronews.com\/wp-content\/uploads\/2026\/01\/FOTO-2_14_Impressionismo-e-Oltre_Ara-Pacis_Ph.-Monkeys-Video-Lab_120325-scaled.jpg\"><img loading=\"lazy\" decoding=\"async\" width=\"1024\" height=\"683\" src=\"https:\/\/www.farecentronews.com\/wp-content\/uploads\/2026\/01\/FOTO-2_14_Impressionismo-e-Oltre_Ara-Pacis_Ph.-Monkeys-Video-Lab_120325-1024x683.jpg\" alt=\"\" class=\"wp-image-9090\" style=\"width:389px;height:auto\" srcset=\"https:\/\/www.farecentronews.com\/wp-content\/uploads\/2026\/01\/FOTO-2_14_Impressionismo-e-Oltre_Ara-Pacis_Ph.-Monkeys-Video-Lab_120325-1024x683.jpg 1024w, https:\/\/www.farecentronews.com\/wp-content\/uploads\/2026\/01\/FOTO-2_14_Impressionismo-e-Oltre_Ara-Pacis_Ph.-Monkeys-Video-Lab_120325-300x200.jpg 300w, https:\/\/www.farecentronews.com\/wp-content\/uploads\/2026\/01\/FOTO-2_14_Impressionismo-e-Oltre_Ara-Pacis_Ph.-Monkeys-Video-Lab_120325-768x512.jpg 768w, https:\/\/www.farecentronews.com\/wp-content\/uploads\/2026\/01\/FOTO-2_14_Impressionismo-e-Oltre_Ara-Pacis_Ph.-Monkeys-Video-Lab_120325-1536x1025.jpg 1536w, https:\/\/www.farecentronews.com\/wp-content\/uploads\/2026\/01\/FOTO-2_14_Impressionismo-e-Oltre_Ara-Pacis_Ph.-Monkeys-Video-Lab_120325-2048x1366.jpg 2048w\" sizes=\"auto, (max-width: 1024px) 100vw, 1024px\" \/><\/a><\/figure>\n<\/div>\n\n\n<p class=\"wp-block-paragraph\">Corolle di fiori che sembrano uscire dalla tela. Petali rosso scarlatto e pennellate verdi a contrasto. Occhi aperti ma chiusi, sguardi trasversali, volti contornati di un color smeraldo. Il puntinato, le geometrie cubiste, la drammaticit\u00e0 dell&#8217;espressionismo. La mostra \u201c<strong>Degas \u2013 Matisse\u2013 Picasso \u2013 Renoir \u2013 Van Gogh. Impressionismo e oltre. Capolavori dal Detroit Institute of Arts\u201d <\/strong>in corso al <strong>Museo <\/strong>dell&#8217;<strong>Ara Pacis<\/strong> a Roma sino al 3 maggio 2026, \u00e8 una immersiva esperienza dei sensi e un viaggio nell&#8217;arte europea dall&#8217; XI al XX secolo: precisamente dagli anni Quaranta dell\u2019Ottocento ai primi decenni del Novecento. In mostra i primi impressionisti Degas e Renoir, gli artisti delle avanguardie parigine Matisse e Picasso, alcune opere di Van Gogh sino ad arrivare agli sperimentatori dell\u2019arte tedesca come Kandinsky e Beckmann. Numerosi altri artisti compaiono in questa grande esposizione che \u00e8 un inno alla bellezza e al sublime: a voi scoprire tutte le opere tra le sale del museo nel cuore della Citt\u00e0 Eterna, entro i primi di maggio 2026. Promossa da Roma Capitale, Assessorato alla Cultura, Sovrintendenza Capitolina ai Beni Culturali, coprodotta e organizzata dalla Sovrintendenza Capitolina ai Beni Culturali e da MondoMostre, con il supporto di Z\u00e8tema Progetto Cultura, l\u2019esposizione \u00e8 curata da Ilaria Miarelli Mariani e Claudio Zambianchi. <em>(crediti immagini courtesy of Ufficio Stampa Z\u00e8tema Progetto Cultura: Impressionismo e Oltre_Ara Pacis_Ph. Monkeys Video Lab_120325 Installation views)<\/em><\/p>\n\n\n<div class=\"wp-block-image\">\n<figure class=\"alignright size-large is-resized\"><a href=\"https:\/\/www.farecentronews.com\/wp-content\/uploads\/2026\/01\/FOTO-ULTIMA_04_Mattatoio_ph_WPS-jpg.jpg\"><img loading=\"lazy\" decoding=\"async\" width=\"1024\" height=\"683\" src=\"https:\/\/www.farecentronews.com\/wp-content\/uploads\/2026\/01\/FOTO-ULTIMA_04_Mattatoio_ph_WPS-jpg-1024x683.jpg\" alt=\"\" class=\"wp-image-9091\" style=\"width:379px;height:auto\" srcset=\"https:\/\/www.farecentronews.com\/wp-content\/uploads\/2026\/01\/FOTO-ULTIMA_04_Mattatoio_ph_WPS-jpg-1024x683.jpg 1024w, https:\/\/www.farecentronews.com\/wp-content\/uploads\/2026\/01\/FOTO-ULTIMA_04_Mattatoio_ph_WPS-jpg-300x200.jpg 300w, https:\/\/www.farecentronews.com\/wp-content\/uploads\/2026\/01\/FOTO-ULTIMA_04_Mattatoio_ph_WPS-jpg-768x512.jpg 768w, https:\/\/www.farecentronews.com\/wp-content\/uploads\/2026\/01\/FOTO-ULTIMA_04_Mattatoio_ph_WPS-jpg-1536x1024.jpg 1536w, https:\/\/www.farecentronews.com\/wp-content\/uploads\/2026\/01\/FOTO-ULTIMA_04_Mattatoio_ph_WPS-jpg.jpg 2048w\" sizes=\"auto, (max-width: 1024px) 100vw, 1024px\" \/><\/a><\/figure>\n<\/div>\n\n\n<p class=\"wp-block-paragraph\"><strong>Roma Capodarte 2026<\/strong><br>La mostra <em>Impressionismo e oltre<\/em> \u00e8 stata una delle mete preferite dal pubblico di romani e turisti che hanno partecipato ai numerosi eventi compresi nella giornata del 1\u00b0 gennaio per <strong>Roma Capodarte 2026<\/strong>: dalle esposizioni presenti nei Musei Civici di Roma Capitale al Palazzo delle Esposizioni di via Nazionale, passando per il Museo MACRO di Via Nizza e il Mattatoio a Piazza Giustiniani. Oltre alle iniziative presso il Teatro di Roma per \u201c<em>A tutta Roma! Omaggio alla Costituente!\u201d<\/em> e nei singoli Municipi dove sono state distribuite ben 10.000 copie della nostra Costituzione. Una grande festa che ha totalizzato quest&#8217;anno pi\u00f9 di 70.000 presenze alla sua V edizione, con un&#8217;offerta di oltre 100 eventi. Tutte le iniziative sono state promosse da Roma Capitale, Assessorato alla Cultura e al Coordinamento delle iniziative riconducibili alla Giornata della Memoria e con la collaborazione dell\u2019Assessorato alle Attivit\u00e0 Produttive, alle Pari Opportunit\u00e0 e all&#8217;Attrazione investimenti, con il coordinamento del Dipartimento Attivit\u00e0 Culturali, in collaborazione con i Municipi, l\u2019Istituzione Biblioteche di Roma, la Sovrintendenza Capitolina ai Beni Culturali, le istituzioni del Tavolo tecnico per la produzione culturale contemporanea \u2013 Accademia Nazionale di Santa Cecilia, Fondazione Cinema per Roma, Fondazione Musica per Roma, Azienda Speciale Palaexpo, Teatro dell&#8217;Opera di Roma, Fondazione Romaeuropa, Fondazione Teatro di Roma \u2013 e ancora TiC &#8211; Teatri in Comune e Nuovo Cinema Aquila; e inoltre, Fondazione Roma Lazio Film Commission, Banda Musicale del Corpo di Polizia Locale di Roma Capitale, EUR SpA, associazioni, operatrici e operatori culturali, artiste e artisti. Con il supporto organizzativo di Z\u00e8tema Progetto Cultura e la collaborazione di SIAE. <em>(crediti immagini courtesy of Ufficio Stampa Z\u00e8tema Progetto Cultura: Mattatoio_ph_WPS)<\/em><\/p>\n\n\n\n<p class=\"wp-block-paragraph\"><strong>Degas \u2013 Matisse\u2013 Picasso \u2013 Renoir \u2013 Van Gogh. Impressionismo e oltre<\/strong><br>sino al 3 maggio 2026<br>Museo dell&#8217;Ara Pacis &#8211; Lungotevere in Augusta (angolo via Tomacelli) Roma<br>orari: Tutti i giorni 9.30-19.30; ultimo ingresso un&#8217;ora prima della chiusura<br>info: tel. 060608 (tutti i giorni ore 9.00 \u2013 19.00)<br><strong><a href=\"http:\/\/www.arapacis.it\/\">www.arapacis.it<\/a> <a href=\"http:\/\/www.museiincomune.it\/\">www.museiincomune.it<\/a> <\/strong><a href=\"http:\/\/www.mondomostre.it\/\"><strong>www.mondomostre.it<\/strong><\/a><br>Le prevendite (anche biglietti OPEN) sono disponibili a <a href=\"https:\/\/museiincomuneroma.vivaticket.it\/it\/event\/impressionismo-e-oltre-capolavori-del-detroit-institute-of-arts\/284725?idt=4510&amp;qubsq=af58f860-0a59-4c87-960e-07724d745c41&amp;qubsp=ade9c419-9c9a-47d5-b9b5-b397c09bfbfb&amp;qubsts=1761838870&amp;qubsc=bestunion&amp;qubse=vivaticketserver&amp;qubsrt=Safetynet&amp;qubsh=4bfde28e105429cdd742be372db237f5\"><u><strong>QUESTO LINK<\/strong><\/u><\/a><\/p>\n","protected":false},"excerpt":{"rendered":"<p>Corolle di fiori che sembrano uscire dalla tela. Petali rosso scarlatto e pennellate verdi a contrasto. Occhi aperti ma chiusi, sguardi trasversali, volti contornati di un color smeraldo. Il puntinato, le geometrie cubiste, la drammaticit\u00e0 dell&#8217;espressionismo. La mostra \u201cDegas \u2013 Matisse\u2013 Picasso \u2013 Renoir \u2013 Van Gogh. Impressionismo e oltre. Capolavori dal Detroit Institute of [&hellip;]<\/p>\n","protected":false},"author":5,"featured_media":9089,"comment_status":"closed","ping_status":"closed","sticky":false,"template":"","format":"standard","meta":{"footnotes":""},"categories":[3,30],"tags":[4313,86,136,4314],"class_list":["post-9087","post","type-post","status-publish","format-standard","has-post-thumbnail","hentry","category-arte-cultura","category-mostre","tag-degas-matisse-picasso-renoir-van-gogh-impressionismo-e-oltre-capolavori-dal-detroit-institute-of-arts","tag-in-evidenza","tag-museo-dellara-pacis","tag-roma-capodarte-2026"],"_links":{"self":[{"href":"https:\/\/www.farecentronews.com\/index.php?rest_route=\/wp\/v2\/posts\/9087","targetHints":{"allow":["GET"]}}],"collection":[{"href":"https:\/\/www.farecentronews.com\/index.php?rest_route=\/wp\/v2\/posts"}],"about":[{"href":"https:\/\/www.farecentronews.com\/index.php?rest_route=\/wp\/v2\/types\/post"}],"author":[{"embeddable":true,"href":"https:\/\/www.farecentronews.com\/index.php?rest_route=\/wp\/v2\/users\/5"}],"replies":[{"embeddable":true,"href":"https:\/\/www.farecentronews.com\/index.php?rest_route=%2Fwp%2Fv2%2Fcomments&post=9087"}],"version-history":[{"count":2,"href":"https:\/\/www.farecentronews.com\/index.php?rest_route=\/wp\/v2\/posts\/9087\/revisions"}],"predecessor-version":[{"id":9092,"href":"https:\/\/www.farecentronews.com\/index.php?rest_route=\/wp\/v2\/posts\/9087\/revisions\/9092"}],"wp:featuredmedia":[{"embeddable":true,"href":"https:\/\/www.farecentronews.com\/index.php?rest_route=\/wp\/v2\/media\/9089"}],"wp:attachment":[{"href":"https:\/\/www.farecentronews.com\/index.php?rest_route=%2Fwp%2Fv2%2Fmedia&parent=9087"}],"wp:term":[{"taxonomy":"category","embeddable":true,"href":"https:\/\/www.farecentronews.com\/index.php?rest_route=%2Fwp%2Fv2%2Fcategories&post=9087"},{"taxonomy":"post_tag","embeddable":true,"href":"https:\/\/www.farecentronews.com\/index.php?rest_route=%2Fwp%2Fv2%2Ftags&post=9087"}],"curies":[{"name":"wp","href":"https:\/\/api.w.org\/{rel}","templated":true}]}}