{"id":8843,"date":"2025-05-06T10:28:01","date_gmt":"2025-05-06T10:28:01","guid":{"rendered":"https:\/\/www.farecentronews.com\/?p=8843"},"modified":"2025-05-06T10:28:02","modified_gmt":"2025-05-06T10:28:02","slug":"world-press-photo-exhibition-2025","status":"publish","type":"post","link":"https:\/\/www.farecentronews.com\/?p=8843","title":{"rendered":"World Press Photo Exhibition 2025"},"content":{"rendered":"<div class=\"wp-block-image\">\n<figure class=\"alignleft size-large is-resized\"><a href=\"https:\/\/www.farecentronews.com\/wp-content\/uploads\/2025\/05\/03_North-and-Central-America_Singles_John-Moore_Getty-Images-scaled.jpg\"><img loading=\"lazy\" decoding=\"async\" width=\"1024\" height=\"683\" src=\"https:\/\/www.farecentronews.com\/wp-content\/uploads\/2025\/05\/03_North-and-Central-America_Singles_John-Moore_Getty-Images-1024x683.jpg\" alt=\"\" class=\"wp-image-8846\" style=\"width:404px;height:auto\" srcset=\"https:\/\/www.farecentronews.com\/wp-content\/uploads\/2025\/05\/03_North-and-Central-America_Singles_John-Moore_Getty-Images-1024x683.jpg 1024w, https:\/\/www.farecentronews.com\/wp-content\/uploads\/2025\/05\/03_North-and-Central-America_Singles_John-Moore_Getty-Images-300x200.jpg 300w, https:\/\/www.farecentronews.com\/wp-content\/uploads\/2025\/05\/03_North-and-Central-America_Singles_John-Moore_Getty-Images-768x512.jpg 768w, https:\/\/www.farecentronews.com\/wp-content\/uploads\/2025\/05\/03_North-and-Central-America_Singles_John-Moore_Getty-Images-1536x1024.jpg 1536w, https:\/\/www.farecentronews.com\/wp-content\/uploads\/2025\/05\/03_North-and-Central-America_Singles_John-Moore_Getty-Images-2048x1366.jpg 2048w\" sizes=\"auto, (max-width: 1024px) 100vw, 1024px\" \/><\/a><\/figure>\n<\/div>\n\n\n<p class=\"has-text-align-left wp-block-paragraph\">Dal 6 maggio all\u20198 giugno 2025<strong> Palazzo Esposizioni Roma <\/strong>presenta<strong> World Press Photo Exhibition<br>2025<\/strong>, promossa da Assessorato alla Cultura di Roma Capitale e Azienda Speciale Palaexpo, ideata<br>dalla World Press Photo Foundation e organizzata in collaborazione con 10b Photography.<br>La mostra presenta le foto vincitrici della 68\u00b0 edizione del prestigioso contest di fotogiornalismo, che da<br>70 anni, dal 1955, premia ogni anno i migliori fotografi professionisti, contribuendo a costruire la storia<br>del giornalismo visivo mondiale. Le fotografie esposte a Palazzo Esposizioni raccontano i momenti chiave dei fatti di cronaca accaduti nel 2024, soffermandosi sull\u2019immigrazione, sulle conseguenze della crisi climatica, sui conflitti in Sudan, Ucraina e nella Striscia di Gaza, testimoniando anche le storie dei sopravvissuti. Tra le tre categorie del Premio \u2013 Single, Story e Long-Term Project \u2013 sono stati selezionati 42 progetti e sono state premiate 144 fotografie scelte tra 59.320 immagini ricevute da 3.778 fotografi provenienti da141 Paesi.<br><\/p>\n\n\n<div class=\"wp-block-image\">\n<figure class=\"alignright size-large is-resized\"><a href=\"https:\/\/www.farecentronews.com\/wp-content\/uploads\/2025\/05\/06_Africa_Long-Term-Projects_Cinzia-Canneri_Association-Camille-Lepage-3-scaled.jpg\"><img loading=\"lazy\" decoding=\"async\" width=\"1024\" height=\"683\" src=\"https:\/\/www.farecentronews.com\/wp-content\/uploads\/2025\/05\/06_Africa_Long-Term-Projects_Cinzia-Canneri_Association-Camille-Lepage-3-1024x683.jpg\" alt=\"\" class=\"wp-image-8851\" style=\"width:430px;height:auto\" srcset=\"https:\/\/www.farecentronews.com\/wp-content\/uploads\/2025\/05\/06_Africa_Long-Term-Projects_Cinzia-Canneri_Association-Camille-Lepage-3-1024x683.jpg 1024w, https:\/\/www.farecentronews.com\/wp-content\/uploads\/2025\/05\/06_Africa_Long-Term-Projects_Cinzia-Canneri_Association-Camille-Lepage-3-300x200.jpg 300w, https:\/\/www.farecentronews.com\/wp-content\/uploads\/2025\/05\/06_Africa_Long-Term-Projects_Cinzia-Canneri_Association-Camille-Lepage-3-768x512.jpg 768w, https:\/\/www.farecentronews.com\/wp-content\/uploads\/2025\/05\/06_Africa_Long-Term-Projects_Cinzia-Canneri_Association-Camille-Lepage-3-1536x1024.jpg 1536w, https:\/\/www.farecentronews.com\/wp-content\/uploads\/2025\/05\/06_Africa_Long-Term-Projects_Cinzia-Canneri_Association-Camille-Lepage-3-2048x1365.jpg 2048w\" sizes=\"auto, (max-width: 1024px) 100vw, 1024px\" \/><\/a><\/figure>\n<\/div>\n\n\n<p class=\"has-text-align-left wp-block-paragraph\">Il nome del vincitore dell\u2019edizione 2025 e dei due finalisti sono stati annunciati il 17 aprile durante la conferenza stampa inaugurale della mostra presso De Nieuwe Kerk ad Amsterdam e attraverso i canali online della Fondazione; a vincere il World Press Photo of the Year, lo scatto della fotografa palestinese <strong>Samar Abu Elouf<\/strong>, fatta per il New York Times, che ritrae un bambino di 9 anni \u2013 Mahmoud Ajjour \u2013 rimasto coinvolto in un&#8217;esplosione perdendo entrambe le braccia mentre cercava di fuggire con la sua famiglia da un attacco israeliano a Gaza (marzo 2024).<br>Le due fotografie finaliste sono<strong> Night Crossing<\/strong> un ritratto significativo del complesso meccanismo della<br>migrazione, realizzato dallo statunitense<strong> John Moore<\/strong>, che ritrae migranti cinesi mentre si scaldano<br>intorno al fuoco dopo aver attraversato il confine fra Messico e Stati Uniti; e <strong>Droughts in the Amazon<\/strong> del<br>fotografo messicano <strong>Musuk Nolte <\/strong>che racconta di un ragazzo che porta del cibo alla madre nel villaggio<br>di Manacapuru, raggiungibile oggi solo a piedi, lungo il letto arido di un fiume. Per anni l&#8217;unico accesso<br>al villaggio era tramite imbarcazioni, ma il cambiamento climatico ha stravolto il paesaggio e la vita dei<br>suoi abitanti. In mostra a Palazzo Esposizione anche il lavoro di <strong>Cinzia Canneri<\/strong>, unica fotografa italiana premiata quest\u2019anno, che ha vinto il premio Long-Term Projects \u2013 assegnato ai lavori che abbracciano un periodo di tempo pi\u00f9 esteso \u2013 per l\u2019area dell\u2019Africa, dove ha seguito le vite di alcune donne in fuga dal regime repressivo in Eritrea e dal conflitto in Etiopia.<br><\/p>\n\n\n<div class=\"wp-block-image\">\n<figure class=\"alignleft size-large is-resized\"><a href=\"https:\/\/www.farecentronews.com\/wp-content\/uploads\/2025\/05\/01_West-Central-and-South-Asia_Singles_Samar-Abu-Elouf_for-The-New-York-Times-1-scaled.jpg\"><img loading=\"lazy\" decoding=\"async\" width=\"683\" height=\"1024\" src=\"https:\/\/www.farecentronews.com\/wp-content\/uploads\/2025\/05\/01_West-Central-and-South-Asia_Singles_Samar-Abu-Elouf_for-The-New-York-Times-1-683x1024.jpg\" alt=\"\" class=\"wp-image-8857\" style=\"width:245px;height:auto\" srcset=\"https:\/\/www.farecentronews.com\/wp-content\/uploads\/2025\/05\/01_West-Central-and-South-Asia_Singles_Samar-Abu-Elouf_for-The-New-York-Times-1-683x1024.jpg 683w, https:\/\/www.farecentronews.com\/wp-content\/uploads\/2025\/05\/01_West-Central-and-South-Asia_Singles_Samar-Abu-Elouf_for-The-New-York-Times-1-200x300.jpg 200w, https:\/\/www.farecentronews.com\/wp-content\/uploads\/2025\/05\/01_West-Central-and-South-Asia_Singles_Samar-Abu-Elouf_for-The-New-York-Times-1-768x1151.jpg 768w, https:\/\/www.farecentronews.com\/wp-content\/uploads\/2025\/05\/01_West-Central-and-South-Asia_Singles_Samar-Abu-Elouf_for-The-New-York-Times-1-1025x1536.jpg 1025w, https:\/\/www.farecentronews.com\/wp-content\/uploads\/2025\/05\/01_West-Central-and-South-Asia_Singles_Samar-Abu-Elouf_for-The-New-York-Times-1-1366x2048.jpg 1366w, https:\/\/www.farecentronews.com\/wp-content\/uploads\/2025\/05\/01_West-Central-and-South-Asia_Singles_Samar-Abu-Elouf_for-The-New-York-Times-1-scaled.jpg 1708w\" sizes=\"auto, (max-width: 683px) 100vw, 683px\" \/><\/a><\/figure>\n<\/div>\n\n\n<p class=\"has-text-align-left wp-block-paragraph\">La <strong>World Press Photo Foundation<\/strong> \u2013 organizzazione creativa, indipendente e senza scopo di lucro con<br>sede ad Amsterdam, nei Paesi Bassi \u2013 \u00e8 una piattaforma globale che mette in contatto fotografi documentaristi, fotogiornalisti e il pubblico globale attraverso una narrazione affidabile.<br>World Press Photo \u00e8 stata fondata nel 1955 quando un gruppo di fotografi olandesi organizz\u00f2 un concorso (&#8220;World Press Photo&#8221;) per esporre il proprio lavoro a un pubblico internazionale. Da allora il<br>World Press Photo \u00e8 cresciuto fino a diventare uno dei concorsi pi\u00f9 prestigiosi al mondo, premiando il meglio del fotogiornalismo e della fotografia documentaria di tutto il mondo. Attraverso un programma di mostre di successo, la World Press Photo Foundation presenta a milioni di persone le storie che contano. (foto di apertura: <em>Siccit\u00e0 in Amazzonia<\/em> \u00a9 <strong>Musuk Nolte<\/strong>, Panos Pictures, Bertha Foundation; <em>Attraversamento notturno<\/em> \u00a9 <strong>John Moore<\/strong>, Getty Images; <em>I corpi delle donne come campi di battaglia<\/em> \u00a9 <strong>Cinzia Canneri<\/strong> Italia, Association Camille Lepage; <em>Mahmoud Ajjour, nove anni<\/em><strong>\u00a9 Samar Abu Elouf,<\/strong> The New York Times.<strong> World Press Photo of the Year<\/strong>\u00a0\u00a0)<br><br><strong>Dal 6 maggio 2025 all&#8217;8 giugno 2025<\/strong><br><strong>PALAZZO ESPOSIZIONI ROMA<\/strong><br>Roma, via Nazionale 194<br>www.palazzoesposizioniroma.it<br>Facebook: @PalazzoEsposizioni | Instagram: @palazzoesposizioni | Twitter: @Esposizioni<br><strong>ORARI<\/strong><br>Fino al 13 maggio 2025<br>Dal marted\u00ec a domenica 10.00_20.00<br>Luned\u00ec chiuso<br>Dal 14 maggio 2025<br>Da domenica a mercoled\u00ec 10.00_20.00<br>Da gioved\u00ec a sabato 10.00_22.30<br>Ultimo ingresso un&#8217;ora prima della chiusura<br><strong>BIGLIETTI<\/strong><br>Fino al 19 maggio 2025 (solo mostra World Press Photo)<br>Intero \u20ac 10,00<br>Ridotto \u20ac 8,00<br>Ragazzi dai 7 ai 18 anni \u20ac 6,00<br>Dal 20 maggio 2025 (mostre World Press Photo e Mario Giacomelli)<br>Intero \u20ac 12,50<br>Ridotto \u20ac 10,00<br>Ragazzi dai 7 ai 18 anni \u20ac 6,00<\/p>\n\n\n","protected":false},"excerpt":{"rendered":"<p>Dal 6 maggio all\u20198 giugno 2025 Palazzo Esposizioni Roma presenta World Press Photo Exhibition2025, promossa da Assessorato alla Cultura di Roma Capitale e Azienda Speciale Palaexpo, ideatadalla World Press Photo Foundation e organizzata in collaborazione con 10b Photography.La mostra presenta le foto vincitrici della 68\u00b0 edizione del prestigioso contest di fotogiornalismo, che da70 anni, dal [&hellip;]<\/p>\n","protected":false},"author":5,"featured_media":8845,"comment_status":"closed","ping_status":"closed","sticky":false,"template":"","format":"standard","meta":{"footnotes":""},"categories":[3,30],"tags":[4239,852,86,4238,4237,3983,4240,4236],"class_list":["post-8843","post","type-post","status-publish","format-standard","has-post-thumbnail","hentry","category-arte-cultura","category-mostre","tag-cinzia-canneri","tag-fotografia","tag-in-evidenza","tag-john-moore","tag-musuk-nolte","tag-palazzo-esposizioni-roma","tag-samar-abu-elouf","tag-world-press-photo-exhibition-2025"],"_links":{"self":[{"href":"https:\/\/www.farecentronews.com\/index.php?rest_route=\/wp\/v2\/posts\/8843","targetHints":{"allow":["GET"]}}],"collection":[{"href":"https:\/\/www.farecentronews.com\/index.php?rest_route=\/wp\/v2\/posts"}],"about":[{"href":"https:\/\/www.farecentronews.com\/index.php?rest_route=\/wp\/v2\/types\/post"}],"author":[{"embeddable":true,"href":"https:\/\/www.farecentronews.com\/index.php?rest_route=\/wp\/v2\/users\/5"}],"replies":[{"embeddable":true,"href":"https:\/\/www.farecentronews.com\/index.php?rest_route=%2Fwp%2Fv2%2Fcomments&post=8843"}],"version-history":[{"count":9,"href":"https:\/\/www.farecentronews.com\/index.php?rest_route=\/wp\/v2\/posts\/8843\/revisions"}],"predecessor-version":[{"id":8860,"href":"https:\/\/www.farecentronews.com\/index.php?rest_route=\/wp\/v2\/posts\/8843\/revisions\/8860"}],"wp:featuredmedia":[{"embeddable":true,"href":"https:\/\/www.farecentronews.com\/index.php?rest_route=\/wp\/v2\/media\/8845"}],"wp:attachment":[{"href":"https:\/\/www.farecentronews.com\/index.php?rest_route=%2Fwp%2Fv2%2Fmedia&parent=8843"}],"wp:term":[{"taxonomy":"category","embeddable":true,"href":"https:\/\/www.farecentronews.com\/index.php?rest_route=%2Fwp%2Fv2%2Fcategories&post=8843"},{"taxonomy":"post_tag","embeddable":true,"href":"https:\/\/www.farecentronews.com\/index.php?rest_route=%2Fwp%2Fv2%2Ftags&post=8843"}],"curies":[{"name":"wp","href":"https:\/\/api.w.org\/{rel}","templated":true}]}}