{"id":8787,"date":"2025-03-06T13:38:35","date_gmt":"2025-03-06T13:38:35","guid":{"rendered":"https:\/\/www.farecentronews.com\/?p=8787"},"modified":"2025-03-06T13:38:36","modified_gmt":"2025-03-06T13:38:36","slug":"effimero-perenne-ikebana-la-via-giapponese-dei-fiori-e-in-mostra-a-roma","status":"publish","type":"post","link":"https:\/\/www.farecentronews.com\/?p=8787","title":{"rendered":"Effimero perenne. Ikebana: la via giapponese dei fiori \u00e8 in mostra a Roma"},"content":{"rendered":"<div class=\"wp-block-image\">\n<figure class=\"alignleft size-large is-resized\"><a href=\"https:\/\/www.farecentronews.com\/wp-content\/uploads\/2025\/03\/foto-2-scaled.jpg\"><img loading=\"lazy\" decoding=\"async\" width=\"1024\" height=\"1024\" src=\"https:\/\/www.farecentronews.com\/wp-content\/uploads\/2025\/03\/foto-2-1024x1024.jpg\" alt=\"\" class=\"wp-image-8790\" style=\"width:361px;height:auto\" srcset=\"https:\/\/www.farecentronews.com\/wp-content\/uploads\/2025\/03\/foto-2-1024x1024.jpg 1024w, https:\/\/www.farecentronews.com\/wp-content\/uploads\/2025\/03\/foto-2-300x300.jpg 300w, https:\/\/www.farecentronews.com\/wp-content\/uploads\/2025\/03\/foto-2-150x150.jpg 150w, https:\/\/www.farecentronews.com\/wp-content\/uploads\/2025\/03\/foto-2-768x768.jpg 768w, https:\/\/www.farecentronews.com\/wp-content\/uploads\/2025\/03\/foto-2-1536x1536.jpg 1536w, https:\/\/www.farecentronews.com\/wp-content\/uploads\/2025\/03\/foto-2-2048x2048.jpg 2048w\" sizes=\"auto, (max-width: 1024px) 100vw, 1024px\" \/><\/a><\/figure>\n<\/div>\n\n\n<p class=\"wp-block-paragraph\"><em>Rikka<\/em>, <em>shoka<\/em>, <em>stile libero<\/em>: le diverse composizioni di fiori sapientemente create dalle maestre giapponesi e italiane, sono per pochi giorni in mostra a Roma presso l&#8217;<strong>Istituto Giapponese di Cultura <\/strong>che ha sede in via Antonio Gramsci al 74. La bellissima esposizione racchiude l&#8217;arte di tre storiche scuole di ikebana &#8211;<em>Ikenobo<\/em>, <em>Ohara<\/em>,<em> Sogetsu<\/em> \u2013 e rappresenta appieno il senso del bello cos\u00ec come \u00e8 inteso in chi pratica questa arte: equilibrio tra pieno e vuoto, assenza di eccessi, sensibilit\u00e0, ritualit\u00e0 nei gesti. Un approccio alla natura, al susseguirsi delle stagioni, al soffio del vento e a ci\u00f2 che si ha nell&#8217;animo, che si riflette nella maniera stessa in cui il maestro sceglie di sistemare i fiori nel vaso. Quello che si ricrea \u00e8 un piccolo mondo naturale, un delizioso giardino giapponese, effimero per definizione ma eterno negli intimi significati.<\/p>\n\n\n<div class=\"wp-block-image\">\n<figure class=\"alignright size-large is-resized\"><a href=\"https:\/\/www.farecentronews.com\/wp-content\/uploads\/2025\/03\/foto-3-scaled.jpg\"><img loading=\"lazy\" decoding=\"async\" width=\"1024\" height=\"768\" src=\"https:\/\/www.farecentronews.com\/wp-content\/uploads\/2025\/03\/foto-3-1024x768.jpg\" alt=\"\" class=\"wp-image-8791\" style=\"width:371px;height:auto\" srcset=\"https:\/\/www.farecentronews.com\/wp-content\/uploads\/2025\/03\/foto-3-1024x768.jpg 1024w, https:\/\/www.farecentronews.com\/wp-content\/uploads\/2025\/03\/foto-3-300x225.jpg 300w, https:\/\/www.farecentronews.com\/wp-content\/uploads\/2025\/03\/foto-3-768x576.jpg 768w, https:\/\/www.farecentronews.com\/wp-content\/uploads\/2025\/03\/foto-3-1536x1152.jpg 1536w, https:\/\/www.farecentronews.com\/wp-content\/uploads\/2025\/03\/foto-3-2048x1536.jpg 2048w\" sizes=\"auto, (max-width: 1024px) 100vw, 1024px\" \/><\/a><\/figure>\n<\/div>\n\n\n<p class=\"wp-block-paragraph\"><strong>Dipingere con i fiori<\/strong><br>Il tutto \u00e8 visibile <em>in fieri<\/em> nelle due conferenze organizzate durante la durata della mostra presso l&#8217;Istituto. Cos\u00ec assistiamo alle sublimi creazioni di maestre e assistenti, nella prima dimostrazione tenutasi marted\u00ec 4 marzo dove si susseguono Flavia De Giovanni, Kurata Yoko, Mezaki Mayumi, Araki Mayumi, Francesca Riccheo, Silvana Mattei, Paolo Biagini, Paola Belfiore, Lucia Pierelli. E ci perdiamo in una dimensione nuova, tra anemoni che sembrano di velluto rosso e che si ergono verso il sole sui lunghi steli, intricati rami secchi, foglie di sottobosco, legni ritorti, camelie in bocciolo, elementi di bamb\u00f9, vasi geometrici bassi oppure genati dal recupero di un grande bossolo metallico. Ci\u00f2 che vediamo nascere sotto i nostri occhi sono opere d&#8217;arte uniche, perfetta sintesi di creativit\u00e0, armonia del s\u00e9, dialogo fra uomo e natura. <em>(crediti immagini: foto e composit di Marina De Benedictis, tutti i diritti riservati; in apertura una bellissima composizione ad opera della maestra Lucia Pierelli; a seguire un composit di ikebana in vari stili, esposti nella mostra; a chiudere, una creazione che sprigiona l&#8217;arte dell&#8217;ikebana in tutta la sua armonia)<\/em><\/p>\n\n\n\n<p class=\"wp-block-paragraph\"><strong>Effimero perenne. Ikebana: la via giapponese dei fiori<\/strong><br>Istituto Giapponese di Cultura Roma<br>Via Antonio Gramsci, 74<br>Fino a venerd\u00ec 7 marzo (9.00-12.30\/13.30-17.00). Poi di nuovo luned\u00ec 10 (14.00-19.30), fino a gioved\u00ec 13 (9.00-12.30\/13.30-17.00). ingresso libero.<br><a href=\"http:\/\/www.facebook.com\/istitutogiapponesedicultura\"><strong>www.facebook.com\/istitutogiapponesedicultura<\/strong><\/a><br><a href=\"http:\/\/www.jpf.go.jp\/\"><strong>www.jpf.go.jp<\/strong><\/a><br>Gli incontri\/dimostrazione sono solo su prenotazione ai link:<br><strong><a href=\"https:\/\/jfroma.us12.list-manage.com\/track\/click?u=cff2c74d7547b16e1e87e713d&amp;id=9a710a8df5&amp;e=3f7d1d864f\" target=\"_blank\" rel=\"noreferrer noopener\"><u>martedi 4 marzo<\/u><\/a><br><a href=\"https:\/\/jfroma.us12.list-manage.com\/track\/click?u=cff2c74d7547b16e1e87e713d&amp;id=efef4c9149&amp;e=3f7d1d864f\" target=\"_blank\" rel=\"noreferrer noopener\"><u><strong>luned\u00ec 10 marzo<\/strong><\/u><\/a><\/strong><\/p>\n","protected":false},"excerpt":{"rendered":"<p>Rikka, shoka, stile libero: le diverse composizioni di fiori sapientemente create dalle maestre giapponesi e italiane, sono per pochi giorni in mostra a Roma presso l&#8217;Istituto Giapponese di Cultura che ha sede in via Antonio Gramsci al 74. La bellissima esposizione racchiude l&#8217;arte di tre storiche scuole di ikebana &#8211;Ikenobo, Ohara, Sogetsu \u2013 e rappresenta [&hellip;]<\/p>\n","protected":false},"author":4,"featured_media":8789,"comment_status":"closed","ping_status":"closed","sticky":false,"template":"","format":"standard","meta":{"footnotes":""},"categories":[3,30],"tags":[4216,86,3911,243],"class_list":["post-8787","post","type-post","status-publish","format-standard","has-post-thumbnail","hentry","category-arte-cultura","category-mostre","tag-ikebana","tag-in-evidenza","tag-istituto-giapponese-di-cultura-2","tag-marina-de-benedictis"],"_links":{"self":[{"href":"https:\/\/www.farecentronews.com\/index.php?rest_route=\/wp\/v2\/posts\/8787","targetHints":{"allow":["GET"]}}],"collection":[{"href":"https:\/\/www.farecentronews.com\/index.php?rest_route=\/wp\/v2\/posts"}],"about":[{"href":"https:\/\/www.farecentronews.com\/index.php?rest_route=\/wp\/v2\/types\/post"}],"author":[{"embeddable":true,"href":"https:\/\/www.farecentronews.com\/index.php?rest_route=\/wp\/v2\/users\/4"}],"replies":[{"embeddable":true,"href":"https:\/\/www.farecentronews.com\/index.php?rest_route=%2Fwp%2Fv2%2Fcomments&post=8787"}],"version-history":[{"count":2,"href":"https:\/\/www.farecentronews.com\/index.php?rest_route=\/wp\/v2\/posts\/8787\/revisions"}],"predecessor-version":[{"id":8792,"href":"https:\/\/www.farecentronews.com\/index.php?rest_route=\/wp\/v2\/posts\/8787\/revisions\/8792"}],"wp:featuredmedia":[{"embeddable":true,"href":"https:\/\/www.farecentronews.com\/index.php?rest_route=\/wp\/v2\/media\/8789"}],"wp:attachment":[{"href":"https:\/\/www.farecentronews.com\/index.php?rest_route=%2Fwp%2Fv2%2Fmedia&parent=8787"}],"wp:term":[{"taxonomy":"category","embeddable":true,"href":"https:\/\/www.farecentronews.com\/index.php?rest_route=%2Fwp%2Fv2%2Fcategories&post=8787"},{"taxonomy":"post_tag","embeddable":true,"href":"https:\/\/www.farecentronews.com\/index.php?rest_route=%2Fwp%2Fv2%2Ftags&post=8787"}],"curies":[{"name":"wp","href":"https:\/\/api.w.org\/{rel}","templated":true}]}}