{"id":8756,"date":"2025-02-24T09:09:31","date_gmt":"2025-02-24T09:09:31","guid":{"rendered":"https:\/\/www.farecentronews.com\/?p=8756"},"modified":"2025-02-24T09:09:32","modified_gmt":"2025-02-24T09:09:32","slug":"nicola-sansone-la-fotografia-come-liberta","status":"publish","type":"post","link":"https:\/\/www.farecentronews.com\/?p=8756","title":{"rendered":"Nicola Sansone. La fotografia come libert\u00e0"},"content":{"rendered":"<div class=\"wp-block-image\">\n<figure class=\"alignleft size-large is-resized\"><a href=\"https:\/\/www.farecentronews.com\/wp-content\/uploads\/2025\/02\/2939-1959-max-scaled.jpg\"><img loading=\"lazy\" decoding=\"async\" width=\"1024\" height=\"683\" src=\"https:\/\/www.farecentronews.com\/wp-content\/uploads\/2025\/02\/2939-1959-max-1024x683.jpg\" alt=\"\" class=\"wp-image-8759\" style=\"width:460px;height:auto\" srcset=\"https:\/\/www.farecentronews.com\/wp-content\/uploads\/2025\/02\/2939-1959-max-1024x683.jpg 1024w, https:\/\/www.farecentronews.com\/wp-content\/uploads\/2025\/02\/2939-1959-max-300x200.jpg 300w, https:\/\/www.farecentronews.com\/wp-content\/uploads\/2025\/02\/2939-1959-max-768x512.jpg 768w, https:\/\/www.farecentronews.com\/wp-content\/uploads\/2025\/02\/2939-1959-max-1536x1024.jpg 1536w, https:\/\/www.farecentronews.com\/wp-content\/uploads\/2025\/02\/2939-1959-max-2048x1365.jpg 2048w\" sizes=\"auto, (max-width: 1024px) 100vw, 1024px\" \/><\/a><\/figure>\n<\/div>\n\n\n<p class=\"wp-block-paragraph\">Per Nicola Sansone la fotografia non \u00e8 stata una decisione professionale o l&#8217;identificazione di un mestiere da fare solo per necessit\u00e0 economica.\u00a0\u00c8\u00a0stata una scelta di vita, una necessit\u00e0 esistenziale alla ricerca di una propria identit\u00e0. Al fotografo napoletano, esponente di quella \u201cschiera romana\u201d di reporter che a partire dagli anni \u201950 ha segnato una stagione di grande fermento culturale nell\u2019ambito del fotogiornalismo italiano, il Museo di Roma in Trastevere dedica la retrospettiva\u00a0<strong>NICOLA SANSONE &#8211;\u00a0La fotografia come libert\u00e0<\/strong>, ospitata nelle sale del Pianoforte dal 19 febbraio al 6 maggio 2025. Il percorso espositivo si compone di fotografie realizzate dagli anni \u201950 fino alla fine degli anni \u201960, in America, in Giappone e naturalmente in Italia per un totale di circa sessanta immagini in bianco e nero con stampa ai sali d\u2019argento su carta baritata.\u00a0\u00a0Il titolo della mostra, \u201c<strong>Nicola Sansone. La fotografia come libert\u00e0<\/strong>\u201d restituisce proprio il senso della libert\u00e0, la molla che ha fatto scattare in Nicola Sansone la passione per la fotografia: la libert\u00e0 del viaggio, la libert\u00e0 di rispondere alla sola committenza per lui possibile, quella della sua onest\u00e0 intellettuale e della sua voglia di essere testimone di eventi. I giornali, i responsabili delle immagini, i capo redazione e le censure della stampa vengono dopo, operano a posteriori e si assumono, al massimo, la responsabilit\u00e0, storica, di avere o non avere fatto le scelte giuste. Negli anni 50 e 60, Nicola Sansone e gli altri della \u201cbanda\u201d della colonna romana della fotografia, contraltare di quella milanese con il covo nel celebrato Bar Jamaica, sono l&#8217;espressione di un modo di interpretare il giornalismo che, come recita Uliano Lucas, \u201cgetta il proprio sguardo oltre i consueti modi di utilizzare la fotografia della stampa italiana del tempo e scopre il linguaggio delle immagini come strumento di denuncia e di libert\u00e0, di rottura e di indipendenza\u201d.<br><\/p>\n\n\n<div class=\"wp-block-image\">\n<figure class=\"alignright size-full is-resized\"><a href=\"https:\/\/www.farecentronews.com\/wp-content\/uploads\/2025\/02\/863-934-max.jpg\"><img loading=\"lazy\" decoding=\"async\" width=\"863\" height=\"934\" src=\"https:\/\/www.farecentronews.com\/wp-content\/uploads\/2025\/02\/863-934-max.jpg\" alt=\"\" class=\"wp-image-8760\" style=\"width:307px;height:auto\" srcset=\"https:\/\/www.farecentronews.com\/wp-content\/uploads\/2025\/02\/863-934-max.jpg 863w, https:\/\/www.farecentronews.com\/wp-content\/uploads\/2025\/02\/863-934-max-277x300.jpg 277w, https:\/\/www.farecentronews.com\/wp-content\/uploads\/2025\/02\/863-934-max-768x831.jpg 768w\" sizes=\"auto, (max-width: 863px) 100vw, 863px\" \/><\/a><\/figure>\n<\/div>\n\n\n<p class=\"wp-block-paragraph\"><strong>Nicola Sansone<\/strong>\u00a0(1921-1984), napoletano, inizia nel 1949 l&#8217;attivit\u00e0 di fotogiornalista nella quale presto coinvolge il fratello minore Antonio. Fondano, nel 1957, con Calogero Cascio, Caio Garrubba, Franco Pinna e altri, l&#8217;agenzia Realfoto. Dell&#8217;Italia del dopoguerra i fratelli Sansone documentano gli aspetti sociali e culturali del Paese, le permanenze della tradizione e le trasformazioni, dunque le campagne e le periferie, le borgate, i nuovi luoghi di aggregazione. Il suo archivio racconta poi i protagonisti e i rituali della scena politica: congressi, incontri, conferenze di partito. A Roma opera anche come fotografo di scena e ritrattista a Cinecitt\u00e0, realizza servizi in esclusiva su Stefania Sandrelli, Claudia Cardinale, Monica Vitti, Lucia Bos\u00e8; ritrae artisti e intellettuali come Eugenio Montale, Cesare Zavattini, Rafael Alberti. Compie numerosi r\u00e9portage all&#8217;estero, in particolare nei paesi del &#8220;socialismo reale&#8221;, pubblicati principalmente dalla stampa di impronta progressista e legata alla sinistra italiana e non. Vanno ricordati i servizi sui disordini in Algeria (1959) durante e dopo il processo di decolonizzazione, la movimentata scena politica dei paesi africani (\u00e8 in Congo nel 1963) toccati da guerre e rivoluzioni. \u00c8 incaricato di seguire le conferenze eurasiatiche di Cuba e Kartoum, la seconda conferenza dei Paesi Arabi (1969). Realizza servizi sulla vita quotidiana e politica della Cecoslovacchia, della DDR, dell&#8217;Unione Sovietica, viaggia e lavora in Irlanda, Tunisia, Turchia, Grecia. Ha pubblicato su testate italiane ed estere, come L&#8217; Espresso, Vie Nuove, Le Ore, Il Mondo, Stern. Il suo archivio, custodito per decenni come \u201cil mio tesoro nascosto\u201d nelle amorevoli mani della figlia Lea, torna alla luce nel 2020, quando Renato Corsini ne viene a contatto organizzandolo ed interpretandolo per proporre la completezza insieme al valore artistico e storico del suo lavoro.<\/p>\n\n\n\n<p class=\"wp-block-paragraph\"><em><strong>Dal 19 febbraio al 6 maggio 2025<\/strong><\/em><br><strong>NICOLA SANSONE<\/strong> <strong>La fotografia come libert\u00e0<\/strong><br>Museo di Roma in Trastevere &#8211; <em>Piazza S. Egidio 1b \u2013 Roma<\/em><\/p>\n\n\n\n<p class=\"wp-block-paragraph\"><\/p>\n","protected":false},"excerpt":{"rendered":"<p>Per Nicola Sansone la fotografia non \u00e8 stata una decisione professionale o l&#8217;identificazione di un mestiere da fare solo per necessit\u00e0 economica.\u00a0\u00c8\u00a0stata una scelta di vita, una necessit\u00e0 esistenziale alla ricerca di una propria identit\u00e0. Al fotografo napoletano, esponente di quella \u201cschiera romana\u201d di reporter che a partire dagli anni \u201950 ha segnato una stagione [&hellip;]<\/p>\n","protected":false},"author":5,"featured_media":8758,"comment_status":"closed","ping_status":"closed","sticky":false,"template":"","format":"standard","meta":{"footnotes":""},"categories":[3,30],"tags":[852,86,315,4208],"class_list":["post-8756","post","type-post","status-publish","format-standard","has-post-thumbnail","hentry","category-arte-cultura","category-mostre","tag-fotografia","tag-in-evidenza","tag-museo-di-roma-in-trastevere","tag-nicola-sansone"],"_links":{"self":[{"href":"https:\/\/www.farecentronews.com\/index.php?rest_route=\/wp\/v2\/posts\/8756","targetHints":{"allow":["GET"]}}],"collection":[{"href":"https:\/\/www.farecentronews.com\/index.php?rest_route=\/wp\/v2\/posts"}],"about":[{"href":"https:\/\/www.farecentronews.com\/index.php?rest_route=\/wp\/v2\/types\/post"}],"author":[{"embeddable":true,"href":"https:\/\/www.farecentronews.com\/index.php?rest_route=\/wp\/v2\/users\/5"}],"replies":[{"embeddable":true,"href":"https:\/\/www.farecentronews.com\/index.php?rest_route=%2Fwp%2Fv2%2Fcomments&post=8756"}],"version-history":[{"count":2,"href":"https:\/\/www.farecentronews.com\/index.php?rest_route=\/wp\/v2\/posts\/8756\/revisions"}],"predecessor-version":[{"id":8761,"href":"https:\/\/www.farecentronews.com\/index.php?rest_route=\/wp\/v2\/posts\/8756\/revisions\/8761"}],"wp:featuredmedia":[{"embeddable":true,"href":"https:\/\/www.farecentronews.com\/index.php?rest_route=\/wp\/v2\/media\/8758"}],"wp:attachment":[{"href":"https:\/\/www.farecentronews.com\/index.php?rest_route=%2Fwp%2Fv2%2Fmedia&parent=8756"}],"wp:term":[{"taxonomy":"category","embeddable":true,"href":"https:\/\/www.farecentronews.com\/index.php?rest_route=%2Fwp%2Fv2%2Fcategories&post=8756"},{"taxonomy":"post_tag","embeddable":true,"href":"https:\/\/www.farecentronews.com\/index.php?rest_route=%2Fwp%2Fv2%2Ftags&post=8756"}],"curies":[{"name":"wp","href":"https:\/\/api.w.org\/{rel}","templated":true}]}}