{"id":8742,"date":"2025-01-29T17:03:10","date_gmt":"2025-01-29T17:03:10","guid":{"rendered":"https:\/\/www.farecentronews.com\/?p=8742"},"modified":"2025-01-30T07:43:14","modified_gmt":"2025-01-30T07:43:14","slug":"maria-milella-e-kena-arts-presentano-egocentrica-show-dal-1-febbraio-alla-galleria-delle-arti-in-roma","status":"publish","type":"post","link":"https:\/\/www.farecentronews.com\/?p=8742","title":{"rendered":"Maria Milella e Kena Arts presentano: Egocentrica Show. Dal 1\u00b0 Febbraio alla Galleria delle Arti in Roma"},"content":{"rendered":"<div class=\"wp-block-image\">\n<figure class=\"alignleft size-full is-resized\"><a href=\"https:\/\/www.farecentronews.com\/wp-content\/uploads\/2025\/01\/IMG-20250123-WA0008.jpg\"><img loading=\"lazy\" decoding=\"async\" width=\"508\" height=\"903\" src=\"https:\/\/www.farecentronews.com\/wp-content\/uploads\/2025\/01\/IMG-20250123-WA0008.jpg\" alt=\"\" class=\"wp-image-8745\" style=\"width:342px;height:auto\" srcset=\"https:\/\/www.farecentronews.com\/wp-content\/uploads\/2025\/01\/IMG-20250123-WA0008.jpg 508w, https:\/\/www.farecentronews.com\/wp-content\/uploads\/2025\/01\/IMG-20250123-WA0008-169x300.jpg 169w\" sizes=\"auto, (max-width: 508px) 100vw, 508px\" \/><\/a><\/figure>\n<\/div>\n\n\n<p class=\"wp-block-paragraph\">Si intitola \u201cEgocentrica Show\u201d lo spettacolo a cavallo tra musica e teatro ideato dalla giovanissima attrice e performer Maria Milella e dalla curatrice artistica \u201c Kena_Arts \u201d(Greta Castagna), che andr\u00e0 in scena sabato 1\u00b0Febbraio alle ore 20:00 presso La Galleria delle Arti in Via dei Sabelli 2 (quartiere S.Lorenzo) a Roma, spazio polifunzionale noto come location artistica a 360\u00b0. Una serata multiculturale che inizia con l\u2019apertura dello spazio alle ore 18:00 per l\u2019anteprima della mostra di illustrazioni grafiche ed acquerelli dell\u2019artista Viola Di Silvestre . A seguire, prima dello show, avremo l\u2019apertura musicale dell\u2019artista Sylvia ed il Dj- Set di Andrew. Tornando allo show, sul palco, oltre alle comparse, reciteranno da protagonisti Maria Milella , Jeanne Parlato e Daniele Messina . \u201cEgocentrica Show\u201d \u00e8 un\u2019opera che pu\u00f2 essere definita come un \u201cviaggio\u201d all\u2019interno dell\u2019immaginario artistico di una narcisista; \u00e8 un percorso molto intimo e personale, che affronta tutta la fragilit\u00e0 ed il disagio emotivo di una donna in bilico tra la vita sul palco e quella esterna. Un legame tra \u201cvero e presunto\u201d, tra una faccia ed una maschera, uno specchio e gli occhi esterni del pubblico. &lt;&lt;\u201cIo esisto per ricordare che l\u2019essere umano \u00e8 una creatura fragile&#8230;soggiogata al pensiero degli altri&#8230;\u201d&gt;&gt; \u201cEgocentrica Show\u201d \u00e8 in sintesi chiedersi \u201c Chi sono io ?\u201d in una lotta tra la persona in quanto tale e la percezione che gli altri ne hanno di essa, in un mondo fatto di compromessi, soprattutto se riguarda una donna, del modo di trattare il suo corpo, dei pregiudizi sulle sue scelte sessuali, dei commenti sommari che la societ\u00e0 perbenista dispensa, di un malessere interiore che ci fa essere qualcuno perch\u00e9 gli altri ci vedono cos\u00ec. Vestiti di marche e simboli, per mostrare un\u2019apparenza di essere, che in realt\u00e0 \u00e8 solo vetrina.<\/p>\n\n\n\n<p class=\"wp-block-paragraph\">\u201cEgocentrica Show\u201d \u00e8 una tempesta interiore, scardina dei nodi, in un gioco di equilibri che portano in scena la versione \u201cesasperata di Milella\u201d che si dipana nell\u2019atto intitolato \u201cGirotondo\u201d, parte intensa e corposa del progetto che analizza il dilemma sempre attuale dell\u2019 \u201cesistere o essere \u201d. Il tutto gestito con l\u2019interattivit\u00e0 del pubblico ed un finale che lascia comunque un messaggio positivo, in un legame assai difficile e controverso con il sentimento dell\u2019amore: &lt;&lt;\u201c per quanto l\u2019amore possa o non possa esistere, \u00e8 la pi\u00f9 bella delle bugie, il pi\u00f9 studiato degli inganni, il pi\u00f9 persuasivo dei discorsi. \u201d&gt;&gt; Maria Milella ha scritto il soggetto di quest\u2019opera, cos\u00ec come la sceneggiatura in collaborazione con il compositore e scrittore Luca Perrone , qui in veste di regista.<br>Una menzione doverosa va agli sponsor: I come si chiamano, che nasce con l&#8217;intento di dare spazio e visibilit\u00e0 a numerosi artisti (spesso sconosciuti) attraverso vari progetti e &#8220;Movie&#8217;ndienews.it&#8221; \u201d, progetto editoriale multiartistico nato nel 2023, frutto della collaborazione di Gianpiero Farina e Francesco Grano, con news e approfondimenti su musica, cinema, cultura, spettacolo, tv, attualit\u00e0, fumetti e videogame.<\/p>\n\n\n\n<p class=\"wp-block-paragraph\">( Elisa Riolo )<\/p>\n\n\n\n<p class=\"wp-block-paragraph\">\u201cEgocentrica show\u201d_ Credits <br>Soggetto: Maria Milella<br>Sceneggiatura: Maria Milella e Luca Perrone<br>Regia: Luca Perrone<br>Protagonisti: Maria Milella, Jeanne Parlato, Daniele Messina<br>Comparse: Alessandro Cecconi, Samuele Sensini,Sara Pugliese,Alessio Caterini, Alessandra Eva Modica,<br>Arianna Moretti, Riccardo Maggiani<br>Musicisti\/Band: Artem Martiriggiano, Jacopo Moscato,Diego Amantini,Sarai.<br>Apertura musicale: Sylvia<br>DJ- Set: Andrew<br>Sponsor: Movie\u2019ndienews.it e Associazione \u201cI come si chiamano\u201d<\/p>\n\n\n\n<p class=\"wp-block-paragraph\"><\/p>\n\n\n\n<p class=\"wp-block-paragraph\">\u200b<\/p>\n\n\n\n<p class=\"wp-block-paragraph\"><\/p>\n\n\n\n<p class=\"wp-block-paragraph\"><\/p>\n\n\n\n<p class=\"wp-block-paragraph\"><\/p>\n","protected":false},"excerpt":{"rendered":"<p>Si intitola \u201cEgocentrica Show\u201d lo spettacolo a cavallo tra musica e teatro ideato dalla giovanissima attrice e performer Maria Milella e dalla curatrice artistica \u201c Kena_Arts \u201d(Greta Castagna), che andr\u00e0 in scena sabato 1\u00b0Febbraio alle ore 20:00 presso La Galleria delle Arti in Via dei Sabelli 2 (quartiere S.Lorenzo) a Roma, spazio polifunzionale noto come [&hellip;]<\/p>\n","protected":false},"author":5,"featured_media":8744,"comment_status":"closed","ping_status":"closed","sticky":false,"template":"","format":"standard","meta":{"footnotes":""},"categories":[5,33],"tags":[4204,4203,4164],"class_list":["post-8742","post","type-post","status-publish","format-standard","has-post-thumbnail","hentry","category-musica-spettacolo","category-teatro","tag-egocentrica-show","tag-galleria-della-arti","tag-maria-milella"],"_links":{"self":[{"href":"https:\/\/www.farecentronews.com\/index.php?rest_route=\/wp\/v2\/posts\/8742","targetHints":{"allow":["GET"]}}],"collection":[{"href":"https:\/\/www.farecentronews.com\/index.php?rest_route=\/wp\/v2\/posts"}],"about":[{"href":"https:\/\/www.farecentronews.com\/index.php?rest_route=\/wp\/v2\/types\/post"}],"author":[{"embeddable":true,"href":"https:\/\/www.farecentronews.com\/index.php?rest_route=\/wp\/v2\/users\/5"}],"replies":[{"embeddable":true,"href":"https:\/\/www.farecentronews.com\/index.php?rest_route=%2Fwp%2Fv2%2Fcomments&post=8742"}],"version-history":[{"count":4,"href":"https:\/\/www.farecentronews.com\/index.php?rest_route=\/wp\/v2\/posts\/8742\/revisions"}],"predecessor-version":[{"id":8748,"href":"https:\/\/www.farecentronews.com\/index.php?rest_route=\/wp\/v2\/posts\/8742\/revisions\/8748"}],"wp:featuredmedia":[{"embeddable":true,"href":"https:\/\/www.farecentronews.com\/index.php?rest_route=\/wp\/v2\/media\/8744"}],"wp:attachment":[{"href":"https:\/\/www.farecentronews.com\/index.php?rest_route=%2Fwp%2Fv2%2Fmedia&parent=8742"}],"wp:term":[{"taxonomy":"category","embeddable":true,"href":"https:\/\/www.farecentronews.com\/index.php?rest_route=%2Fwp%2Fv2%2Fcategories&post=8742"},{"taxonomy":"post_tag","embeddable":true,"href":"https:\/\/www.farecentronews.com\/index.php?rest_route=%2Fwp%2Fv2%2Ftags&post=8742"}],"curies":[{"name":"wp","href":"https:\/\/api.w.org\/{rel}","templated":true}]}}