{"id":8680,"date":"2024-12-04T18:13:43","date_gmt":"2024-12-04T18:13:43","guid":{"rendered":"https:\/\/www.farecentronews.com\/?p=8680"},"modified":"2024-12-04T18:13:43","modified_gmt":"2024-12-04T18:13:43","slug":"grandi-mostre-il-tempo-del-futurismo-alla-gnamc-di-roma","status":"publish","type":"post","link":"https:\/\/www.farecentronews.com\/?p=8680","title":{"rendered":"Grandi mostre. Il tempo del Futurismo alla GNAMC di Roma"},"content":{"rendered":"<div class=\"wp-block-image\">\n<figure class=\"alignleft size-large is-resized\"><a href=\"https:\/\/www.farecentronews.com\/wp-content\/uploads\/2024\/12\/FOTO-2_.-Giacomo-Balla-Forme-grido-viva-lItalia-ph-Studio-Idini-scaled.jpg\"><img loading=\"lazy\" decoding=\"async\" width=\"1024\" height=\"756\" src=\"https:\/\/www.farecentronews.com\/wp-content\/uploads\/2024\/12\/FOTO-2_.-Giacomo-Balla-Forme-grido-viva-lItalia-ph-Studio-Idini-1024x756.jpg\" alt=\"\" class=\"wp-image-8684\" style=\"width:417px;height:auto\" srcset=\"https:\/\/www.farecentronews.com\/wp-content\/uploads\/2024\/12\/FOTO-2_.-Giacomo-Balla-Forme-grido-viva-lItalia-ph-Studio-Idini-1024x756.jpg 1024w, https:\/\/www.farecentronews.com\/wp-content\/uploads\/2024\/12\/FOTO-2_.-Giacomo-Balla-Forme-grido-viva-lItalia-ph-Studio-Idini-300x221.jpg 300w, https:\/\/www.farecentronews.com\/wp-content\/uploads\/2024\/12\/FOTO-2_.-Giacomo-Balla-Forme-grido-viva-lItalia-ph-Studio-Idini-768x567.jpg 768w, https:\/\/www.farecentronews.com\/wp-content\/uploads\/2024\/12\/FOTO-2_.-Giacomo-Balla-Forme-grido-viva-lItalia-ph-Studio-Idini-1536x1134.jpg 1536w, https:\/\/www.farecentronews.com\/wp-content\/uploads\/2024\/12\/FOTO-2_.-Giacomo-Balla-Forme-grido-viva-lItalia-ph-Studio-Idini-2048x1512.jpg 2048w\" sizes=\"auto, (max-width: 1024px) 100vw, 1024px\" \/><\/a><\/figure>\n<\/div>\n\n\n<p class=\"wp-block-paragraph\">Roma, <strong>Galleria Nazionale d&#8217;Arte Moderna e Contemporanea<\/strong>. E&#8217; stata appena inaugurata nella Capitale una delle pi\u00f9 importanti mostre dedicate alle opere del XX secolo: \u201c<strong>Il Tempo del Futurismo<\/strong>\u201d. L&#8217;esposizione raccoglie infatti una grande quantit\u00e0 di opere d&#8217;arte fra pittura, scultura, manifesti pubblicitari, libri, disegni, film, auto e moto ed \u00e8 stata organizzata proprio in occasione dell&#8217;80\u00b0 anniversario dalla scomparsa di Filippo Tommaso Marinetti, promossa e sostenuta dal <strong>Ministero della Cultura<\/strong> e curata da <strong>Gabriele Simongini<\/strong>. Il nucleo della mostra \u00e8 costituito dal rapporto tra arte, scienza e tecnologia e illustra quel \u201c<em>completo rinnovamento della sensibilit\u00e0 umana avvenuto per effetto delle grandi scoperte scientifiche<\/em>\u201d alla base della nascita del Futurismo. Dimostrando che molte intuizioni del Movimento precorrevano i tempi: il boom tecnologico, l&#8217;A.I., la macchinizzazione dell\u2019umano e l\u2019umanizzazione della macchina. Fra i concetti espressi, la mostra d\u00e0 risalto ai temi di velocit\u00e0, spazio, distanza e sensibilit\u00e0 percettiva tanto cari ai Futuristi. Inoltre, due installazioni sitespecific di Magister Art e di Lorenzo Marini e numerosi eventi di approfondimento completano l&#8217;esposizione. <em>(fonte testi: Gabriele Simongini, courtesy of Ufficio Stampa GNAMC)<\/em><\/p>\n\n\n\n<p class=\"wp-block-paragraph\"><strong>I numeri della mostra<\/strong><br>26 sale, 10 sezioni, oltre 350 opere pi\u00f9 i prestiti esterni per un totale di oltre 500 oggetti in oltre 3000 mq di esposizione, sapientemente allestiti dallo Studio Decima Casa. Fra i pezzi esposti, anche il mockup dell\u2019idrovolante da corsa Macchi-Castoldi MC-72 a grandezza naturale.<br>\u201c<em>Dopo la grandiosa mostra di Palazzo Grassi aperta a Venezia nel 1986, quella allestita al Palazzo Reale di Milano nel 2009 e quella inaugurata alle Scuderie del Quirinale nello stesso anno, immagino sembrasse giunto il momento di organizzare una nuova retrospettiva dedicata al futurismo: un movimento rivoluzionario che promosse anticipazioni intellettuali di raro acume, diventando contagioso soprattutto in Paesi, come l\u2019Italia e la Russia, che agli albori del Novecento ancora vagheggiavano la modernit\u00e0\u201d (fonte: prefazione al catalogo, testo di Renata Cristina Mazzantini Direttrice della Galleria Nazionale d\u2019Arte Moderna e Contemporanea).<\/em><\/p>\n\n\n<div class=\"wp-block-image\">\n<figure class=\"alignright size-large is-resized\"><a href=\"https:\/\/www.farecentronews.com\/wp-content\/uploads\/2024\/12\/FOTO-3_-Gerardo-Dottori-Trittico-della-Velocita-\u2013-Larrivo-scaled.jpg\"><img loading=\"lazy\" decoding=\"async\" width=\"1024\" height=\"956\" src=\"https:\/\/www.farecentronews.com\/wp-content\/uploads\/2024\/12\/FOTO-3_-Gerardo-Dottori-Trittico-della-Velocita-\u2013-Larrivo-1024x956.jpg\" alt=\"\" class=\"wp-image-8685\" style=\"width:389px;height:auto\" srcset=\"https:\/\/www.farecentronews.com\/wp-content\/uploads\/2024\/12\/FOTO-3_-Gerardo-Dottori-Trittico-della-Velocita-\u2013-Larrivo-1024x956.jpg 1024w, https:\/\/www.farecentronews.com\/wp-content\/uploads\/2024\/12\/FOTO-3_-Gerardo-Dottori-Trittico-della-Velocita-\u2013-Larrivo-300x280.jpg 300w, https:\/\/www.farecentronews.com\/wp-content\/uploads\/2024\/12\/FOTO-3_-Gerardo-Dottori-Trittico-della-Velocita-\u2013-Larrivo-768x717.jpg 768w, https:\/\/www.farecentronews.com\/wp-content\/uploads\/2024\/12\/FOTO-3_-Gerardo-Dottori-Trittico-della-Velocita-\u2013-Larrivo-1536x1433.jpg 1536w, https:\/\/www.farecentronews.com\/wp-content\/uploads\/2024\/12\/FOTO-3_-Gerardo-Dottori-Trittico-della-Velocita-\u2013-Larrivo-2048x1911.jpg 2048w\" sizes=\"auto, (max-width: 1024px) 100vw, 1024px\" \/><\/a><\/figure>\n<\/div>\n\n\n<p class=\"wp-block-paragraph\"><strong>Eventi in rassegna<\/strong><br>La rassegna <em>Vita Futurista<\/em>, organizzata dalla Fondazione Magna Carta e curata da Federico Palmaroli si svolger\u00e0 presso la GNAMC da questo mese a marzo 2025, con una serie di interessanti eventi: \u2022 Il futuro \u00e8 manifesto \u2013 Evento celebrativo su Marinetti (Dicembre 2024). Filippo Tommaso Marinetti: la vita, le invenzioni e le provocazioni del genio fondatore del Futurismo a ottant\u2019anni dalla sua scomparsa. Con Giordano Bruno Guerri, Marcello Veneziani, Simonetta Bartolini, Massimiliano Finazzer Flory, Guido Strazza. \u2022 L\u2019arte in tavola \u2013 Talk sulla cucina futurista (Gennaio 2025). La rivoluzione culinaria futurista tra paradossi gastronomici e sperimentazione non convenzionale. Con Guido Andrea Pautasso, Fulvio Piccinino, Chef Francesco Aquila. \u2022 Il futurismo \u00e8 di moda \u2013 Talk sulla moda futurista (Gennaio 2025). La sfida futurista agli schemi tradizionali e la sua influenza sulla creativit\u00e0 degli stilisti contemporanei. Con Guido Andrea Pautasso, Antonella Basilico, Stefania Ricci, Antonio Fiore Ufagr\u00e0. \u2022 Tutta un\u2019altra musica \u2013 Talk sulla musica futurista (Febbraio 2025). L\u2019intonarumori e la ribellione sonora del futurismo. Con Beatrice Venezi, Lucia Ianniello, Giulia Mazzoni fino alla ensemble di percussioni Aura con legni, metalli, pelli, mani, piedi, Bach e tutto ci\u00f2 che fa rumore. A cura del Conservatorio di musica O. Respighi di Latina. \u2022 Un\u2019idea che lascia il segno. Talk sull\u2019Architettura Futurista (Febbraio 2025). Dall\u2019utopia futurista di Antonio Sant\u2019Elia al futuro possibile nell&#8217;architettura contemporanea, Con Livio Sacchi, Umberto Vattani, eredi Sant\u2019Elia. \u2022 Va in scena la sorpresa. Talk sul Teatro Futurista (Febbraio 2025). Immaginazione senza fili e parole in libert\u00e0. Con i performer Massimiliano Finazzer Flory e Michela Lucenti (Balletto Civile). \u2022 La Grande Guerra della Cultura &#8211; Evento conclusivo (Marzo 2025). Il convegno analizza la frattura culturale causata dalla Prima Guerra Mondiale e come il conflitto abbia trasformato le culture politiche. Con (in attesa di conferma) Gaetano Quagliariello, Giovanni Orsina, Giordano Bruno Guerri, Rosario Forlenza, Vera Capperucci, Maurizio Griffo, Eugenio Capozzi, Gerardo Nicolosi, Simona Colarizi, Stefano De Luca, Dino Cofrancesco, Francesco Perfetti, Renato Moro, Silvia Pons, Roberto Pertici, Fulvio Cammarano, Giuseppe Parlato, Andrea Ungari e Marina Cattaruzza.<\/p>\n\n\n\n<p class=\"wp-block-paragraph\"><strong>Attivit\u00e0 didattiche<\/strong><br>L&#8217;offerta educativa, ideata dal Concessionario dei Servizi Educativi L\u2019Orologio &#8211; BU Sistema Museo, prevede una serie di incontri a tema dedicati alle scuole ma anche per gli adulti di ogni et\u00e0.<br><em>Veloce velocissimo: come i puntini corrono sulla tela<\/em>, Visita con laboratorio, consigliato per la scuola dell\u2019infanzia; <em>Pittura e tecnica<\/em>: <em>il rapporto tra arte e innovazione tecnologica<\/em>, Visita con laboratorio, consigliato per la scuola primaria; <em>Zang Tumb Tumb: Futuristi tra arte e poesia<\/em>, Percorso didattico, consigliato per la scuola primaria; <em>Manifesto: l&#8217;incontro di testo, arte e vita nell&#8217;opera Futurista<\/em>, Percorso didattico, consigliato per la scuola secondaria di I e II grado; <em>Il Tempo del Futurismo<\/em>, Percorso didattico generale alla mostra, consigliato per la scuola secondaria di II grado; <em>Design e immaginazione: laboratorio di progettazione di una Futur-casa<\/em>, Visita alla mostra con laboratorio per famiglie con bambini a partire dai 3 anni; <em>Il gioco serio dei Futuristi<\/em>: <em>laboratorio di costruzione di marionette futuriste<\/em>, Visita alla mostra con laboratorio per bambini dai 6 agli 11 anni. Informazioni e prenotazioni: <a href=\"mailto:prenotalagalleria@sistemamuseo.it\">prenotalagalleria@sistemamuseo.it<\/a><br><br><strong>Le opere e i prestiti esterni<\/strong><br>Per i preziosi prestiti si ringraziano i musei italiani e stranieri, tra cui il MoMA, il Metropolitan Museum di New York, il Philadelphia Museum of Art, la Estorick Collection di Londra e il Kunstmuseum Den Haag de L\u2019Aia che con i loro prestiti hanno generosamente contribuito alla mostra. Il catalogo sar\u00e0 pubblicato da Treccani e conterr\u00e0, oltre ai saluti istituzionali, i testi di Gabriele Simongini, Francesca Barbi Marinetti, G\u00fcnter Berghaus, Elena Gigli, Claudio Giorgione, Giovanni Lista, Ada Masoero, Ida Mitrano, Riccardo Notte, Francesco Perfetti e Marcello Veneziani. Preziosa anche la collaborazione con il Museo <strong>MAXXI<\/strong>, che apre nuovamente al pubblico <strong>Casa Balla<\/strong> in via Oslavia; la Fondazione Magna Carta con un programma di attivit\u00e0 culturali a finalit\u00e0 pedagogiche; il Museo Nazionale Scienza e Tecnologia Leonardo da Vinci, per il prestito di numerosi oggetti che hanno arricchito la mostra anche con un taglio scientifico.<br>Main sponsor: Autostrade per l\u2019Italia e Enel; Sponsor: Gruppo Ferrovie dello Stato Italiane e Unipol Gruppo; Partner tecnico: ACI Storico. Catalogo Treccani.<br><em>(crediti immagini SIAE: in apertura, Giacomo Balla, Pessimismo e ottimismo, 1923, olio su tela courtesy Galleria Nazionale d&#8217;Arte Moderna e Contemporanea, ph. Studio Idin; a seguire, Giacomo Balla, Forme grido Viva l&#8217;Italia, 1915, olio su tela courtesy Galleria Nazionale d&#8217;Arte Moderna e Contemporanea, ph. Studio Idin; Gerardo Dottori, Trittico della Velocit\u00e0 \u2013 L\u2019arrivo, 1925-27, olio su tela courtesy Comune di Perugia \u2013 Museo civico di Palazzo della Penna, ph. Comune di Perugia).<\/em><\/p>\n\n\n\n<p class=\"wp-block-paragraph\"><strong>Il Tempo del Futurismo<\/strong><br>GNAMC Via delle belle Arti, 131 Roma<br>Dal 3 dicembre 2024 al 28 Febbraio 2025<br>Dal marted\u00ec a domenica dalle 9:00 alle 19:00; Per i giorni 24 e 31 dicembre 2024: chiusura ore 18:00, con ultimo ingresso ore 17:15 ; Giorni di chiusura: 25 dicembre, 1 gennaio<br><a href=\"https:\/\/lagallerianazionale.com\">https:\/\/lagallerianazionale.com<\/a><br><a href=\"https:\/\/casaballa.maxxi.art\/\">https:\/\/casaballa.maxxi.art\/<\/a><\/p>\n\n\n\n<p class=\"wp-block-paragraph\"><\/p>\n","protected":false},"excerpt":{"rendered":"<p>Roma, Galleria Nazionale d&#8217;Arte Moderna e Contemporanea. E&#8217; stata appena inaugurata nella Capitale una delle pi\u00f9 importanti mostre dedicate alle opere del XX secolo: \u201cIl Tempo del Futurismo\u201d. L&#8217;esposizione raccoglie infatti una grande quantit\u00e0 di opere d&#8217;arte fra pittura, scultura, manifesti pubblicitari, libri, disegni, film, auto e moto ed \u00e8 stata organizzata proprio in occasione [&hellip;]<\/p>\n","protected":false},"author":4,"featured_media":8683,"comment_status":"closed","ping_status":"closed","sticky":false,"template":"","format":"standard","meta":{"footnotes":""},"categories":[3,30],"tags":[4189,4190,86,243],"class_list":["post-8680","post","type-post","status-publish","format-standard","has-post-thumbnail","hentry","category-arte-cultura","category-mostre","tag-galleria-nazionale-darte-moderna-e-contemporanea","tag-il-tempo-del-futurismo","tag-in-evidenza","tag-marina-de-benedictis"],"_links":{"self":[{"href":"https:\/\/www.farecentronews.com\/index.php?rest_route=\/wp\/v2\/posts\/8680","targetHints":{"allow":["GET"]}}],"collection":[{"href":"https:\/\/www.farecentronews.com\/index.php?rest_route=\/wp\/v2\/posts"}],"about":[{"href":"https:\/\/www.farecentronews.com\/index.php?rest_route=\/wp\/v2\/types\/post"}],"author":[{"embeddable":true,"href":"https:\/\/www.farecentronews.com\/index.php?rest_route=\/wp\/v2\/users\/4"}],"replies":[{"embeddable":true,"href":"https:\/\/www.farecentronews.com\/index.php?rest_route=%2Fwp%2Fv2%2Fcomments&post=8680"}],"version-history":[{"count":3,"href":"https:\/\/www.farecentronews.com\/index.php?rest_route=\/wp\/v2\/posts\/8680\/revisions"}],"predecessor-version":[{"id":8686,"href":"https:\/\/www.farecentronews.com\/index.php?rest_route=\/wp\/v2\/posts\/8680\/revisions\/8686"}],"wp:featuredmedia":[{"embeddable":true,"href":"https:\/\/www.farecentronews.com\/index.php?rest_route=\/wp\/v2\/media\/8683"}],"wp:attachment":[{"href":"https:\/\/www.farecentronews.com\/index.php?rest_route=%2Fwp%2Fv2%2Fmedia&parent=8680"}],"wp:term":[{"taxonomy":"category","embeddable":true,"href":"https:\/\/www.farecentronews.com\/index.php?rest_route=%2Fwp%2Fv2%2Fcategories&post=8680"},{"taxonomy":"post_tag","embeddable":true,"href":"https:\/\/www.farecentronews.com\/index.php?rest_route=%2Fwp%2Fv2%2Ftags&post=8680"}],"curies":[{"name":"wp","href":"https:\/\/api.w.org\/{rel}","templated":true}]}}