{"id":8604,"date":"2024-10-30T10:57:53","date_gmt":"2024-10-30T10:57:53","guid":{"rendered":"https:\/\/www.farecentronews.com\/?p=8604"},"modified":"2024-10-30T10:57:53","modified_gmt":"2024-10-30T10:57:53","slug":"al-teatro-olimpico-torna-miguel-angel-zotto-con-lomaggio-a-piazzolla","status":"publish","type":"post","link":"https:\/\/www.farecentronews.com\/?p=8604","title":{"rendered":"Al Teatro Olimpico torna Miguel \u00c1ngel Zotto. Con l&#8217;omaggio a Piazzolla"},"content":{"rendered":"<div class=\"wp-block-image\">\n<figure class=\"alignleft size-large is-resized\"><a href=\"https:\/\/www.farecentronews.com\/wp-content\/uploads\/2024\/10\/FOTO-2_Miguel-Angel-Zotto_Daiana-Guspero_ridt-1.jpg\"><img loading=\"lazy\" decoding=\"async\" width=\"1024\" height=\"831\" src=\"https:\/\/www.farecentronews.com\/wp-content\/uploads\/2024\/10\/FOTO-2_Miguel-Angel-Zotto_Daiana-Guspero_ridt-1-1024x831.jpg\" alt=\"\" class=\"wp-image-8608\" style=\"width:399px;height:auto\" srcset=\"https:\/\/www.farecentronews.com\/wp-content\/uploads\/2024\/10\/FOTO-2_Miguel-Angel-Zotto_Daiana-Guspero_ridt-1-1024x831.jpg 1024w, https:\/\/www.farecentronews.com\/wp-content\/uploads\/2024\/10\/FOTO-2_Miguel-Angel-Zotto_Daiana-Guspero_ridt-1-300x244.jpg 300w, https:\/\/www.farecentronews.com\/wp-content\/uploads\/2024\/10\/FOTO-2_Miguel-Angel-Zotto_Daiana-Guspero_ridt-1-768x624.jpg 768w, https:\/\/www.farecentronews.com\/wp-content\/uploads\/2024\/10\/FOTO-2_Miguel-Angel-Zotto_Daiana-Guspero_ridt-1-1536x1247.jpg 1536w, https:\/\/www.farecentronews.com\/wp-content\/uploads\/2024\/10\/FOTO-2_Miguel-Angel-Zotto_Daiana-Guspero_ridt-1.jpg 1569w\" sizes=\"auto, (max-width: 1024px) 100vw, 1024px\" \/><\/a><\/figure>\n<\/div>\n\n\n<p class=\"wp-block-paragraph\">Astor Pantal\u00e9on Piazzolla \u00e8 al centro del nuovo spettacolo \u201c<strong>Tango. Historias de Astor\u201d<\/strong> di <strong>Miguel \u00c1ngel Zotto<\/strong>, che torna per la stagione dell\u2019<strong>Accademia Filarmonica Romana<\/strong> al <strong>Teatro Olimpico <\/strong>da gioved\u00ec 31 ottobre a domenica 3 novembre. Quattro appuntamenti per una coreografia scritta, diretta e danzata da Zotto insieme ai suoi ballerini: la storica<strong> Compagnia TangoX2<\/strong>, l&#8217;affascinate <strong>Daiana Guspero <\/strong>nonch\u00e9 i componenti della <strong>Zotto Tango Academy<\/strong>.Le coppie di ballerini che si esibiranno quest&#8217;anno sono: Pablo Garc\u00eda e Roberta Beccarini, Leandro Oliver e Johana Copes, Cristian Luna e Ludovica Antonietti, Mauro Rodr\u00edguez e Suria L\u00f3pez Echeverr\u00eda. Sul palco anche i cantanti Laura Offen (anche attrice) e Carlos Habiague; i musicisti dell\u2019Orchestra Tango sono Nicola Ippolito (pianoforte), Antonio Ippolito (bandone\u00f3n), Alessio Menegolli (contrabbasso) e Simone Rossetti Bazzaro (violino). Tutti i brani di Piazzolla saranno dunque eseguiti dal vivo, con l&#8217;apporto di immagini su videowall e la guida narrativa dell&#8217;Angelo del tango.<\/p>\n\n\n<div class=\"wp-block-image\">\n<figure class=\"alignright size-large is-resized\"><a href=\"https:\/\/www.farecentronews.com\/wp-content\/uploads\/2024\/10\/FOTO-3_021-694A0842_ridt.jpg\"><img loading=\"lazy\" decoding=\"async\" width=\"1024\" height=\"844\" src=\"https:\/\/www.farecentronews.com\/wp-content\/uploads\/2024\/10\/FOTO-3_021-694A0842_ridt-1024x844.jpg\" alt=\"\" class=\"wp-image-8609\" style=\"width:390px;height:auto\" srcset=\"https:\/\/www.farecentronews.com\/wp-content\/uploads\/2024\/10\/FOTO-3_021-694A0842_ridt-1024x844.jpg 1024w, https:\/\/www.farecentronews.com\/wp-content\/uploads\/2024\/10\/FOTO-3_021-694A0842_ridt-300x247.jpg 300w, https:\/\/www.farecentronews.com\/wp-content\/uploads\/2024\/10\/FOTO-3_021-694A0842_ridt-768x633.jpg 768w, https:\/\/www.farecentronews.com\/wp-content\/uploads\/2024\/10\/FOTO-3_021-694A0842_ridt-1536x1267.jpg 1536w, https:\/\/www.farecentronews.com\/wp-content\/uploads\/2024\/10\/FOTO-3_021-694A0842_ridt.jpg 1557w\" sizes=\"auto, (max-width: 1024px) 100vw, 1024px\" \/><\/a><\/figure>\n<\/div>\n\n\n<p class=\"wp-block-paragraph\"><strong>Miguel \u00c1ngel Zotto<\/strong><br><em>\u00abHo conosciuto Astor Piazzolla nel 1989 a Parigi. Portavo in scena un mio spettacolo a Parigi e lui mi avvicin\u00f2 tramite un amico comune, Jos\u00e9 Pons, per complimentarsi con me\u00bb<\/em>, ricorda Zotto che considera Piazzolla il suo nume tutelare. E cos\u00ec il coreografo ancora una volta omaggia con questo spettacolo il musicista e compositore argentino di origine italiana, nato da una famiglia di Trani a Mar Del Plata nel 1921 e morto a Buenos Aires nel 1992. Si potranno ascoltare i migliori brani di Piazzolla, la summa dell&#8217;anima stessa del popolo Argentino: da <em>Triunfal <\/em>a <em>Libertango<\/em>, da<em> Milonga del Angel<\/em> a <em>Quejas de bandone\u00f3n<\/em>, fino alla commovente <em>Adi\u00f3s Nonino<\/em> scritta per la morte del padre Vicente Piazzolla. Perch\u00e9 il tango \u00e8 \u201cil pensiero triste che si balla\u201d. <em>(crediti foto, courtesy of Ufficio Stampa AFR: in apertura, una scena dello spettacolo con Daiana Guspero e Miguel \u00c1ngel Zotto insieme alla Compagnia; a seguire, Daiana Guspero e Miguel \u00c1ngel Zotto ballano in coppia; infine una scena dello spettacolo)<\/em><\/p>\n\n\n\n<p class=\"wp-block-paragraph\"><strong>Tango. Historias de Astor<\/strong><br>Spettacolo di parole, musica e tango di Miguel \u00c1ngel Zotto<br>Teatro Olimpico, Piazza Gentile da Fabriano, 17 Roma<br>Dal 31 Ottobre al 3 Novembre 202<br>Info e prenotazioni: tel. 349 2378200 &#8211; <a href=\"mailto:biglietti@teatroolimpico.it\">biglietti@teatroolimpico.it<\/a><br>Biglietti da 28,50 a 46\u20ac (ridotto ragazzi da 14 a 19.50 euro) -disponibili su <a href=\"http:\/\/www.teatroolimpico.it\/\">www.teatroolimpico.it<\/a><br><a href=\"http:\/\/www.filarmonicaromana.org\/\">www.filarmonicaromana.org<\/a><\/p>\n","protected":false},"excerpt":{"rendered":"<p>Astor Pantal\u00e9on Piazzolla \u00e8 al centro del nuovo spettacolo \u201cTango. Historias de Astor\u201d di Miguel \u00c1ngel Zotto, che torna per la stagione dell\u2019Accademia Filarmonica Romana al Teatro Olimpico da gioved\u00ec 31 ottobre a domenica 3 novembre. Quattro appuntamenti per una coreografia scritta, diretta e danzata da Zotto insieme ai suoi ballerini: la storica Compagnia TangoX2, [&hellip;]<\/p>\n","protected":false},"author":7,"featured_media":8607,"comment_status":"closed","ping_status":"closed","sticky":false,"template":"","format":"standard","meta":{"footnotes":""},"categories":[32,5],"tags":[2012,3483,3096,86,368,4174],"class_list":["post-8604","post","type-post","status-publish","format-standard","has-post-thumbnail","hentry","category-concerti","category-musica-spettacolo","tag-accademia-filarmonica-romana","tag-astor-piazolla","tag-daiana-guspero","tag-in-evidenza","tag-miguel-angel-zotto","tag-zotto-tango-academy"],"_links":{"self":[{"href":"https:\/\/www.farecentronews.com\/index.php?rest_route=\/wp\/v2\/posts\/8604","targetHints":{"allow":["GET"]}}],"collection":[{"href":"https:\/\/www.farecentronews.com\/index.php?rest_route=\/wp\/v2\/posts"}],"about":[{"href":"https:\/\/www.farecentronews.com\/index.php?rest_route=\/wp\/v2\/types\/post"}],"author":[{"embeddable":true,"href":"https:\/\/www.farecentronews.com\/index.php?rest_route=\/wp\/v2\/users\/7"}],"replies":[{"embeddable":true,"href":"https:\/\/www.farecentronews.com\/index.php?rest_route=%2Fwp%2Fv2%2Fcomments&post=8604"}],"version-history":[{"count":3,"href":"https:\/\/www.farecentronews.com\/index.php?rest_route=\/wp\/v2\/posts\/8604\/revisions"}],"predecessor-version":[{"id":8610,"href":"https:\/\/www.farecentronews.com\/index.php?rest_route=\/wp\/v2\/posts\/8604\/revisions\/8610"}],"wp:featuredmedia":[{"embeddable":true,"href":"https:\/\/www.farecentronews.com\/index.php?rest_route=\/wp\/v2\/media\/8607"}],"wp:attachment":[{"href":"https:\/\/www.farecentronews.com\/index.php?rest_route=%2Fwp%2Fv2%2Fmedia&parent=8604"}],"wp:term":[{"taxonomy":"category","embeddable":true,"href":"https:\/\/www.farecentronews.com\/index.php?rest_route=%2Fwp%2Fv2%2Fcategories&post=8604"},{"taxonomy":"post_tag","embeddable":true,"href":"https:\/\/www.farecentronews.com\/index.php?rest_route=%2Fwp%2Fv2%2Ftags&post=8604"}],"curies":[{"name":"wp","href":"https:\/\/api.w.org\/{rel}","templated":true}]}}