{"id":8575,"date":"2024-10-13T20:30:08","date_gmt":"2024-10-13T20:30:08","guid":{"rendered":"https:\/\/www.farecentronews.com\/?p=8575"},"modified":"2024-10-13T20:30:10","modified_gmt":"2024-10-13T20:30:10","slug":"lezioni-di-creativita-contemporanea-con-jago-scultore-delle-anime","status":"publish","type":"post","link":"https:\/\/www.farecentronews.com\/?p=8575","title":{"rendered":"Lezioni di creativit\u00e0 contemporanea. Con JAGO scultore delle anime"},"content":{"rendered":"<div class=\"wp-block-image\">\n<figure class=\"alignleft size-large is-resized\"><a href=\"https:\/\/www.farecentronews.com\/wp-content\/uploads\/2024\/10\/FOTO-2_JAGO-AUDITORIUM-PH-MDB-scaled.jpg\"><img loading=\"lazy\" decoding=\"async\" width=\"1024\" height=\"1024\" src=\"https:\/\/www.farecentronews.com\/wp-content\/uploads\/2024\/10\/FOTO-2_JAGO-AUDITORIUM-PH-MDB-1024x1024.jpg\" alt=\"\" class=\"wp-image-8578\" style=\"width:410px;height:auto\" srcset=\"https:\/\/www.farecentronews.com\/wp-content\/uploads\/2024\/10\/FOTO-2_JAGO-AUDITORIUM-PH-MDB-1024x1024.jpg 1024w, https:\/\/www.farecentronews.com\/wp-content\/uploads\/2024\/10\/FOTO-2_JAGO-AUDITORIUM-PH-MDB-300x300.jpg 300w, https:\/\/www.farecentronews.com\/wp-content\/uploads\/2024\/10\/FOTO-2_JAGO-AUDITORIUM-PH-MDB-150x150.jpg 150w, https:\/\/www.farecentronews.com\/wp-content\/uploads\/2024\/10\/FOTO-2_JAGO-AUDITORIUM-PH-MDB-768x768.jpg 768w, https:\/\/www.farecentronews.com\/wp-content\/uploads\/2024\/10\/FOTO-2_JAGO-AUDITORIUM-PH-MDB-1536x1536.jpg 1536w, https:\/\/www.farecentronews.com\/wp-content\/uploads\/2024\/10\/FOTO-2_JAGO-AUDITORIUM-PH-MDB-2048x2048.jpg 2048w\" sizes=\"auto, (max-width: 1024px) 100vw, 1024px\" \/><\/a><\/figure>\n<\/div>\n\n\n<p class=\"wp-block-paragraph\">Si apre con <strong>JAGO <\/strong>la serie di incontri &#8220;<strong>Lezioni di Creativit\u00e0 contemporanea<\/strong>&#8221; nella sala del Teatro Studio Borgna dell&#8217;<strong>Auditorium Parco della Musica Ennio Morricone<\/strong> a Roma, Mentre sullo schermo scorrono in loop i video che ritraggono l&#8217;artista mentre crea o sceglie i blocchi di marmo nelle cave.<\/p>\n\n\n\n<p class=\"wp-block-paragraph\"><strong>Affettivit\u00e0 e azione<\/strong><br>Cos\u00ec il pubblico eterogeneo presente in sala scopre che Jago, figlio di una insegnante di arte e di un architetto scenografo, \u00e8 cresciuto in una famiglia sensibile alle arti visive ma soprattutto propensa a favorire il libero sviluppo di una tendenza che Jago manifesta in modo innato sin da ragazzo. La determinazione, la passione e la disciplina sono, come lui stesso spiega rivolgendosi<em> in primis<\/em> al<em> parterre<\/em> dei giovani, le qualit\u00e0 fondamentali per poi poter realizzare i propri desideri professionali e di vita. Non importa se all&#8217;inizio si \u00e8 confusi: l&#8217;importante \u00e8 ascoltare se stessi, far maturare l&#8217;idea in gestazione e soprattutto confrontarsi con poche persone fidate per metterla alla luce ed agire. Tutto ci\u00f2 va unito nel tempo a una squadra di collaboratori ancor pi\u00f9 bravi dell&#8217;artista stesso che crea, perch\u00e9 l&#8217;arte diventa una vera e propria impresa.<\/p>\n\n\n\n<p class=\"wp-block-paragraph\"><strong>Umano e artificiale<\/strong><br>Ci\u00f2 che colpisce, quando qualcuno lo vuole paragonare a Michelangelo e Canova o quando i critici lo giudicano, \u00e8 l&#8217;atteggiamento di pura consapevolezza di s\u00e9 che il 37enne ha raggiunto: consapevolezza che lo rende forte e dolce come il marmo che plasma con le sue mani. L&#8217;atto creativo, che dal punto di vista psicologico nel suo divenire \u00e8 sempre un mistero, per Jago \u00e8 fonte di conoscenza: ad ogni opera &#8220;<em>io non sono pi\u00f9 quello di prima<\/em>&#8220;, dichiara. Quindi \u00e8 un artista in continuo divenire, la cui consapevolezza \u00e8 <em>in fieri <\/em>attraverso la sua stessa creativit\u00e0. Riguardo infine l&#8217;uso dell&#8217;intelligenza artificiale, Jago fornisce la sua personale visione che spiazza subito perch\u00e9 nega<em> in primis<\/em> il termine &#8220;artificiale&#8221;: infatti c&#8217;\u00e8 sempre l&#8217;uomo che crea anche dietro la A.I. e dunque demonizzarla \u00e8 un esercizio inutile. Inoltre l&#8217;indole curiosa di Jago lo porta a essere aperto e a osservare soluzioni artistiche anche molto diverse dal proprio stile, ma che possono divenire nutrimento (o meno), fonte di ispirazione, conoscenza. Del resto chi utilizza il cosiddetto pensiero divergente, attinge quotidianamente dall&#8217;inconscio ma anche dalla realt\u00e0 tangibile, per realizzare la piena espressione di s\u00e9 con l&#8217;atto creativo e gli <em>insight<\/em> artistici.<\/p>\n\n\n<div class=\"wp-block-image\">\n<figure class=\"alignright size-large is-resized\"><a href=\"https:\/\/www.farecentronews.com\/wp-content\/uploads\/2024\/10\/FOTO-3_JAGO-HABEMUS-HOMINEM-PH-MDB-scaled.jpg\"><img loading=\"lazy\" decoding=\"async\" width=\"1024\" height=\"768\" src=\"https:\/\/www.farecentronews.com\/wp-content\/uploads\/2024\/10\/FOTO-3_JAGO-HABEMUS-HOMINEM-PH-MDB-1024x768.jpg\" alt=\"\" class=\"wp-image-8579\" style=\"width:442px;height:auto\" srcset=\"https:\/\/www.farecentronews.com\/wp-content\/uploads\/2024\/10\/FOTO-3_JAGO-HABEMUS-HOMINEM-PH-MDB-1024x768.jpg 1024w, https:\/\/www.farecentronews.com\/wp-content\/uploads\/2024\/10\/FOTO-3_JAGO-HABEMUS-HOMINEM-PH-MDB-300x225.jpg 300w, https:\/\/www.farecentronews.com\/wp-content\/uploads\/2024\/10\/FOTO-3_JAGO-HABEMUS-HOMINEM-PH-MDB-768x576.jpg 768w, https:\/\/www.farecentronews.com\/wp-content\/uploads\/2024\/10\/FOTO-3_JAGO-HABEMUS-HOMINEM-PH-MDB-1536x1152.jpg 1536w, https:\/\/www.farecentronews.com\/wp-content\/uploads\/2024\/10\/FOTO-3_JAGO-HABEMUS-HOMINEM-PH-MDB-2048x1536.jpg 2048w\" sizes=\"auto, (max-width: 1024px) 100vw, 1024px\" \/><\/a><\/figure>\n<\/div>\n\n\n<p class=\"wp-block-paragraph\"><strong>Jago_bio<\/strong><br>Jago \u00e8 uno scultore italiano nato a Frosinone nel 1987. La sua ricerca artistica fonda le radici nelle tecniche tradizionali e instaura un rapporto diretto con il pubblico mediante l\u2019utilizzo di video e dei social network, per condividere il processo produttivo. A 24 anni \u00e8 stato selezionato per partecipare alla 54a edizione della Biennale di Venezia, esponendo il busto in marmo di Papa Benedetto XVI (2009) che gli \u00e8 valso la Medaglia Pontificia. La scultura giovanile \u00e8 stata poi rielaborata nel 2016, prendendo il nome di <em>Habemus Hominem <\/em>e divenendo uno dei suoi lavori pi\u00f9 noti. Nel 2019, in occasione della missione Beyond dell\u2019ESA, Jago \u00e8 stato il primo artista ad aver inviato una scultura in marmo (<em>The First Baby<\/em>) sulla Stazione Spaziale Internazionale. Nel novembre 2020 realizza l\u2019installazione <em>Look Down<\/em>, che viene collocata in Piazza del Plebiscito a Napoli, per poi essere esposta nel deserto di Al Haniyah a Fujairah (UAE). Il 1 ottobre 2021 Jago installa la sua <em>Piet\u00e0 <\/em>nella Basilica di Santa Maria in Montesanto, in Piazza del Popolo (Roma) e il 12 marzo 2022 inaugura la mostra <em>JAGO \u2013 The Exhibition<\/em> presso Palazzo Bonaparte a Roma (<a href=\"http:\/\/www.farecentronews.com\/?p=7323\">www.farecentronews.com\/?p=7323<\/a>). Il 20 maggio 2023 il laboratorio nella Chiesa di Sant\u2019Aspreno ai Crociferi (Napoli) apre al pubblico come Jago Museum. A giugno 2024 viene presentato al Tribeca Film Festival ed esce al cinema il film documentario \u201c<em>Jago Into The White<\/em>\u201d, con la regia di Luigi Pingitore.<br><em>(crediti immagini_ph Marina De Benedictis: in apertura, Jago sul palco del Teatro Studio Borgna durante l&#8217;incontro; a seguire, un composit dei momenti salienti della lezione; a chiudere, JAGO_Habemus Hominem<\/em>, opera esposta alla mostra romana del 2022 <em>JAGO \u2013 The Exhibition)<\/em><\/p>\n\n\n\n<p class=\"wp-block-paragraph\"><strong>Programma<\/strong><br>Nel programma in corso presso l&#8217;Auditorium &#8211; dall\u2019arte alla fotografia, dall\u2019architettura al design &#8211; le lezioni esplorano il ruolo della creativit\u00e0 in diverse discipline, presentando ogni volta un protagonista internazionale e rivelandone il processo creativo, le fonti di ispirazione e l\u2019impatto culturale delle sue opere. La <strong>Fondazione Musica per Roma<\/strong>, insieme alla <strong>Fondazione De Sanctis<\/strong>, con le lezioni amplia cos\u00ec la sua offerta culturale nel panorama delle attivit\u00e0 gi\u00e0 in essere, come eventi e festival musicali, rassegne di libri, lezioni di storia, lezioni di ascolto. I prossimi incontri creativi sono:<br>31\/10\/2024 ore 19.30 Incontro con Isabel Mu\u00f1oz<br>15\/11\/2024 ore 19.30 Incontro con Piero Lissoni<br>01\/12\/2024 ore 19.30 Incontro con Edoardo Tresoldi<br>09\/12\/2024 ore 19.30 Incontro con Santiago Calatrava<br><a href=\"http:\/\/www.farecentronews.com\/?p=8546\">www.farecentronews.com\/?p=8546<\/a><br><strong>Lezioni di creativit\u00e0 contemporanea<\/strong><br>Dal 10 ottobre al 9 dicembre 2024<br>Auditorium Parco della Musica \u201cEnnio Morricone\u201d \u2013 Teatro Studio Borgna<br>Roma, Via Pietro de Coubertin 30<br>Costo per assistere alla singola lezione10\u20ac; abbonamento a tutte le lezioni \u00e8 di 35\u20ac<br>Biglietti acquistabili su <a href=\"https:\/\/www.ticketone.it\/artist\/lezioni-creativita\/\">Ticket One \u2013 Lezioni di Creativit\u00e0 Contemporanea<\/a><br>Info: <strong><a href=\"http:\/\/creativitacontemporanea.cultura.gov.it\/\">creativitacontemporanea.cultura.gov.it<\/a><\/strong><br><strong><a href=\"http:\/\/www.fondazionedesanctis.it\/\">fondazionedesanctis.it<\/a><\/strong><br><strong><a href=\"http:\/\/www.auditorium.com\/\">auditorium.com<\/a><\/strong><br><strong><a href=\"http:\/\/www.jago.art.it\/\">www.jago.art\/it<\/a><\/strong><\/p>\n","protected":false},"excerpt":{"rendered":"<p>Si apre con JAGO la serie di incontri &#8220;Lezioni di Creativit\u00e0 contemporanea&#8221; nella sala del Teatro Studio Borgna dell&#8217;Auditorium Parco della Musica Ennio Morricone a Roma, Mentre sullo schermo scorrono in loop i video che ritraggono l&#8217;artista mentre crea o sceglie i blocchi di marmo nelle cave. Affettivit\u00e0 e azioneCos\u00ec il pubblico eterogeneo presente in [&hellip;]<\/p>\n","protected":false},"author":4,"featured_media":8577,"comment_status":"closed","ping_status":"closed","sticky":false,"template":"","format":"standard","meta":{"footnotes":""},"categories":[31,3],"tags":[3281,86,3683,243,3684],"class_list":["post-8575","post","type-post","status-publish","format-standard","has-post-thumbnail","hentry","category-appuntamenti-culturali","category-arte-cultura","tag-auditorium-parco-della-muisca","tag-in-evidenza","tag-jago","tag-marina-de-benedictis","tag-scultura"],"_links":{"self":[{"href":"https:\/\/www.farecentronews.com\/index.php?rest_route=\/wp\/v2\/posts\/8575","targetHints":{"allow":["GET"]}}],"collection":[{"href":"https:\/\/www.farecentronews.com\/index.php?rest_route=\/wp\/v2\/posts"}],"about":[{"href":"https:\/\/www.farecentronews.com\/index.php?rest_route=\/wp\/v2\/types\/post"}],"author":[{"embeddable":true,"href":"https:\/\/www.farecentronews.com\/index.php?rest_route=\/wp\/v2\/users\/4"}],"replies":[{"embeddable":true,"href":"https:\/\/www.farecentronews.com\/index.php?rest_route=%2Fwp%2Fv2%2Fcomments&post=8575"}],"version-history":[{"count":3,"href":"https:\/\/www.farecentronews.com\/index.php?rest_route=\/wp\/v2\/posts\/8575\/revisions"}],"predecessor-version":[{"id":8581,"href":"https:\/\/www.farecentronews.com\/index.php?rest_route=\/wp\/v2\/posts\/8575\/revisions\/8581"}],"wp:featuredmedia":[{"embeddable":true,"href":"https:\/\/www.farecentronews.com\/index.php?rest_route=\/wp\/v2\/media\/8577"}],"wp:attachment":[{"href":"https:\/\/www.farecentronews.com\/index.php?rest_route=%2Fwp%2Fv2%2Fmedia&parent=8575"}],"wp:term":[{"taxonomy":"category","embeddable":true,"href":"https:\/\/www.farecentronews.com\/index.php?rest_route=%2Fwp%2Fv2%2Fcategories&post=8575"},{"taxonomy":"post_tag","embeddable":true,"href":"https:\/\/www.farecentronews.com\/index.php?rest_route=%2Fwp%2Fv2%2Ftags&post=8575"}],"curies":[{"name":"wp","href":"https:\/\/api.w.org\/{rel}","templated":true}]}}