{"id":8546,"date":"2024-10-04T08:59:12","date_gmt":"2024-10-04T08:59:12","guid":{"rendered":"https:\/\/www.farecentronews.com\/?p=8546"},"modified":"2024-10-04T11:47:42","modified_gmt":"2024-10-04T11:47:42","slug":"lezioni-di-creativita-contemporanea-cinque-artisti-per-il-pubblico-dellauditorium-parco-della-musica","status":"publish","type":"post","link":"https:\/\/www.farecentronews.com\/?p=8546","title":{"rendered":"Lezioni di creativit\u00e0 contemporanea. Cinque artisti per il pubblico dell&#8217;Auditorium Parco della Musica"},"content":{"rendered":"<div class=\"wp-block-image\">\n<figure class=\"alignleft size-large is-resized\"><a href=\"https:\/\/www.farecentronews.com\/wp-content\/uploads\/2024\/10\/FOTO-2_Jago.jpg\"><img loading=\"lazy\" decoding=\"async\" width=\"819\" height=\"1024\" src=\"https:\/\/www.farecentronews.com\/wp-content\/uploads\/2024\/10\/FOTO-2_Jago-819x1024.jpg\" alt=\"\" class=\"wp-image-8549\" style=\"width:341px;height:auto\" srcset=\"https:\/\/www.farecentronews.com\/wp-content\/uploads\/2024\/10\/FOTO-2_Jago-819x1024.jpg 819w, https:\/\/www.farecentronews.com\/wp-content\/uploads\/2024\/10\/FOTO-2_Jago-240x300.jpg 240w, https:\/\/www.farecentronews.com\/wp-content\/uploads\/2024\/10\/FOTO-2_Jago-768x960.jpg 768w, https:\/\/www.farecentronews.com\/wp-content\/uploads\/2024\/10\/FOTO-2_Jago.jpg 1080w\" sizes=\"auto, (max-width: 819px) 100vw, 819px\" \/><\/a><\/figure>\n<\/div>\n\n\n<p class=\"wp-block-paragraph\"><strong>Auditorium Parco della Musica Ennio Morricone<\/strong> Roma. Dal 10 ottobre al 9 dicembre 2024 si svolge l&#8217;evento \u201c<strong>Lezioni di creativit\u00e0 contemporanea<\/strong>\u201d: 5 incontri con 5 personaggi del mondo dell&#8217;arte, dell&#8217;architettura e della fotografia. Si comincia con<strong> Jago<\/strong> per proseguire nel calendario con la fotografa <strong>Isabel Mu\u00f1oz<\/strong>, l\u2019architetto e designer <strong>Piero Lissoni<\/strong>, l\u2019artista e scultore <strong>Edoardo Tresoldi<\/strong>, l\u2019architetto <strong>Santiago Calatrava<\/strong>. Le 5 lezioni programmate e dedicate al pubblico dell&#8217;Auditorium, esplorano il ruolo della creativit\u00e0 in diverse discipline, attraverso un protagonista internazionale a sera che racconter\u00e0 il suo processo creativo, le fonti di ispirazione e l\u2019impatto culturale delle sue opere. L&#8217;evento \u00e8 promosso dalla Direzione Generale Creativit\u00e0 Contemporanea del Ministero della Cultura, dalla Fondazione De Sanctis e dalla Fondazione Musica per Roma. Il ciclo \u00e8 ospitato nel Teatro Studio Borgna dell\u2019Auditorium Parco della Musica \u201cEnnio Morricone\u201d a Roma.<\/p>\n\n\n\n<p class=\"wp-block-paragraph\"><strong>La prima edizione a Roma<\/strong> <br>Cos\u00ec il Direttore Generale Creativit\u00e0 Contemporanea del Ministero della Cultura, Angelo Piero Cappello: \u201c<em>Sono lieto di poter inaugurare questo primo ciclo di Lezioni, un&#8217;iniziativa che riflette l\u2019impegno della nostra Direzione Generale nel valorizzare la creativit\u00e0 italiana in tutte le sue forme d\u2019espressione. Questo progetto rappresenta una straordinaria opportunit\u00e0 per incontrare i protagonisti della scena creativa, per stimolare nuove idee e per coinvolgere un sempre pi\u00f9 ampio pubblico. Come istituzione, abbiamo infatti il compito non solo di rivolgerci ai professionisti del settore e a coloro che sono gi\u00e0 sensibilizzati rispetto alle nostre aree di competenza, ma anche di \u2018parlare\u2019 a tutti i cittadini &#8211; in particolare alle giovani generazioni &#8211; trovando gli strumenti per far riflettere sull\u2019importanza della creativit\u00e0 contemporanea per il progresso civile, sociale ed economico del Paese<\/em>\u201d.<br><\/p>\n\n\n<div class=\"wp-block-image\">\n<figure class=\"alignright size-large is-resized\"><a href=\"https:\/\/www.farecentronews.com\/wp-content\/uploads\/2024\/10\/FOTO-3_Calatrava-\u00a9-Thomas-Hoeffgen-scaled.jpg\"><img loading=\"lazy\" decoding=\"async\" width=\"683\" height=\"1024\" src=\"https:\/\/www.farecentronews.com\/wp-content\/uploads\/2024\/10\/FOTO-3_Calatrava-\u00a9-Thomas-Hoeffgen-683x1024.jpg\" alt=\"\" class=\"wp-image-8550\" style=\"width:339px;height:auto\" srcset=\"https:\/\/www.farecentronews.com\/wp-content\/uploads\/2024\/10\/FOTO-3_Calatrava-\u00a9-Thomas-Hoeffgen-683x1024.jpg 683w, https:\/\/www.farecentronews.com\/wp-content\/uploads\/2024\/10\/FOTO-3_Calatrava-\u00a9-Thomas-Hoeffgen-200x300.jpg 200w, https:\/\/www.farecentronews.com\/wp-content\/uploads\/2024\/10\/FOTO-3_Calatrava-\u00a9-Thomas-Hoeffgen-768x1151.jpg 768w, https:\/\/www.farecentronews.com\/wp-content\/uploads\/2024\/10\/FOTO-3_Calatrava-\u00a9-Thomas-Hoeffgen-1025x1536.jpg 1025w, https:\/\/www.farecentronews.com\/wp-content\/uploads\/2024\/10\/FOTO-3_Calatrava-\u00a9-Thomas-Hoeffgen-1367x2048.jpg 1367w, https:\/\/www.farecentronews.com\/wp-content\/uploads\/2024\/10\/FOTO-3_Calatrava-\u00a9-Thomas-Hoeffgen-scaled.jpg 1708w\" sizes=\"auto, (max-width: 683px) 100vw, 683px\" \/><\/a><\/figure>\n<\/div>\n\n\n<p class=\"wp-block-paragraph\">Francesco De Sanctis, Presidente della Fondazione De Sanctis commenta: \u201c<em>Siamo entusiasti di inaugurare la prima edizione della rassegna Lezioni di Creativit\u00e0 Contemporanea, e ringrazio il Direttore Generale Creativit\u00e0 Contemporanea del Ministero della Cultura Angelo Piero Cappello e la sua eccellente \u00e9quipe per aver deciso di sposare questa iniziativa donandole immenso prestigio. Inoltre, desidero ringraziare la Fondazione Musica per Roma che ha scelto di appoggiare le iniziative della Fondazione ospitando la rassegna presso l\u2019Auditorium Parco della Musica di Roma con la cooperazione sempre efficace del suo poliedrico staff. Abbiamo scelto questo tema perch\u00e9 la creativit\u00e0 \u00e8 una forza universale che permea ogni ambito dell\u2019arte e del design. Contemporanea perch\u00e9 il programma \u00e8 onorato dalla presenza di cinque artisti contemporanei, \u201cgiganti\u201d internazionali del mondo della scultura, dell\u2019arte figurativa, della fotografia e dell\u2019architettura<\/em>\u201d. <em>(crediti immagini courtesy of_Ufficio Stampa Fondazione Musica per Roma: in apertura, Piero Lissoni ph\u00a9Veronica Gaido; a seguire, un intenso ritratto dell&#8217;artista Jago; Calatrava ph\u00a9Thomas Hoeffgen)<\/em><\/p>\n\n\n\n<p class=\"wp-block-paragraph\"><strong>Il programma<\/strong><br>10\/10\/2024 ore 19.30 Incontro con Jago<br>31\/10\/2024 ore 19.30 Incontro con Isabel Mu\u00f1oz<br>15\/11\/2024 ore 19.30 Incontro con Piero Lissoni<br>01\/12\/2024 ore 19.30 Incontro con Edoardo Tresoldi<br>09\/12\/2024 ore 19.30 Incontro con Santiago Calatrava<br><strong>Lezioni di creativit\u00e0 contemporanea<\/strong><br>Dal 10 ottobre al 9 dicembre 2024<br>Auditorium Parco della Musica \u201cEnnio Morricone\u201d &#8211; Teatro Studio Borgna<br>Roma, Via Pietro de Coubertin 30<br>Costo per assistere alla singola lezione10\u20ac; abbonamento a tutte le lezioni \u00e8 di 35\u20ac<br>Biglietti acquistabili su <a href=\"https:\/\/www.ticketone.it\/artist\/lezioni-creativita\/\">Ticket One \u2013 Lezioni di Creativit\u00e0 Contemporanea<\/a><br>Info: <a href=\"http:\/\/creativitacontemporanea.cultura.gov.it\/\"><strong>creativitacontemporanea.cultura.gov.it<\/strong><\/a><br><a href=\"http:\/\/www.fondazionedesanctis.it\/\"><strong>fondazionedesanctis.it<\/strong><\/a><br><a href=\"http:\/\/www.auditorium.com\/\"><strong>auditorium.com<\/strong><\/a><\/p>\n","protected":false},"excerpt":{"rendered":"<p>Auditorium Parco della Musica Ennio Morricone Roma. Dal 10 ottobre al 9 dicembre 2024 si svolge l&#8217;evento \u201cLezioni di creativit\u00e0 contemporanea\u201d: 5 incontri con 5 personaggi del mondo dell&#8217;arte, dell&#8217;architettura e della fotografia. Si comincia con Jago per proseguire nel calendario con la fotografa Isabel Mu\u00f1oz, l\u2019architetto e designer Piero Lissoni, l\u2019artista e scultore Edoardo [&hellip;]<\/p>\n","protected":false},"author":4,"featured_media":8566,"comment_status":"closed","ping_status":"closed","sticky":false,"template":"","format":"standard","meta":{"footnotes":""},"categories":[31,3],"tags":[3281,4157,86,4155,243,4156,4158],"class_list":["post-8546","post","type-post","status-publish","format-standard","has-post-thumbnail","hentry","category-appuntamenti-culturali","category-arte-cultura","tag-auditorium-parco-della-muisca","tag-edoardo-tresoldi","tag-in-evidenza","tag-isabel-munoz","tag-marina-de-benedictis","tag-piero-lissoni","tag-santiago-calatrava"],"_links":{"self":[{"href":"https:\/\/www.farecentronews.com\/index.php?rest_route=\/wp\/v2\/posts\/8546","targetHints":{"allow":["GET"]}}],"collection":[{"href":"https:\/\/www.farecentronews.com\/index.php?rest_route=\/wp\/v2\/posts"}],"about":[{"href":"https:\/\/www.farecentronews.com\/index.php?rest_route=\/wp\/v2\/types\/post"}],"author":[{"embeddable":true,"href":"https:\/\/www.farecentronews.com\/index.php?rest_route=\/wp\/v2\/users\/4"}],"replies":[{"embeddable":true,"href":"https:\/\/www.farecentronews.com\/index.php?rest_route=%2Fwp%2Fv2%2Fcomments&post=8546"}],"version-history":[{"count":5,"href":"https:\/\/www.farecentronews.com\/index.php?rest_route=\/wp\/v2\/posts\/8546\/revisions"}],"predecessor-version":[{"id":8554,"href":"https:\/\/www.farecentronews.com\/index.php?rest_route=\/wp\/v2\/posts\/8546\/revisions\/8554"}],"wp:featuredmedia":[{"embeddable":true,"href":"https:\/\/www.farecentronews.com\/index.php?rest_route=\/wp\/v2\/media\/8566"}],"wp:attachment":[{"href":"https:\/\/www.farecentronews.com\/index.php?rest_route=%2Fwp%2Fv2%2Fmedia&parent=8546"}],"wp:term":[{"taxonomy":"category","embeddable":true,"href":"https:\/\/www.farecentronews.com\/index.php?rest_route=%2Fwp%2Fv2%2Fcategories&post=8546"},{"taxonomy":"post_tag","embeddable":true,"href":"https:\/\/www.farecentronews.com\/index.php?rest_route=%2Fwp%2Fv2%2Ftags&post=8546"}],"curies":[{"name":"wp","href":"https:\/\/api.w.org\/{rel}","templated":true}]}}