{"id":8347,"date":"2024-04-26T15:30:12","date_gmt":"2024-04-26T15:30:12","guid":{"rendered":"https:\/\/www.farecentronews.com\/?p=8347"},"modified":"2024-04-26T15:30:13","modified_gmt":"2024-04-26T15:30:13","slug":"interno-pompeiano-scatti-a-spasso-nel-parco-archeologico-di-pompei","status":"publish","type":"post","link":"https:\/\/www.farecentronews.com\/?p=8347","title":{"rendered":"Interno pompeiano: Scatti a spasso nel Parco Archeologico di Pompei"},"content":{"rendered":"<div class=\"wp-block-image\">\n<figure class=\"alignleft size-large is-resized\"><a href=\"https:\/\/www.farecentronews.com\/wp-content\/uploads\/2024\/04\/INTERNO-POMPEIANO-Casa-Amorini-dorati-VI-16-7-\u00a9luigispina-15-bm-scaled.jpg\"><img loading=\"lazy\" decoding=\"async\" width=\"1024\" height=\"768\" src=\"https:\/\/www.farecentronews.com\/wp-content\/uploads\/2024\/04\/INTERNO-POMPEIANO-Casa-Amorini-dorati-VI-16-7-\u00a9luigispina-15-bm-1024x768.jpg\" alt=\"\" class=\"wp-image-8351\" style=\"width:408px;height:auto\" srcset=\"https:\/\/www.farecentronews.com\/wp-content\/uploads\/2024\/04\/INTERNO-POMPEIANO-Casa-Amorini-dorati-VI-16-7-\u00a9luigispina-15-bm-1024x768.jpg 1024w, https:\/\/www.farecentronews.com\/wp-content\/uploads\/2024\/04\/INTERNO-POMPEIANO-Casa-Amorini-dorati-VI-16-7-\u00a9luigispina-15-bm-300x225.jpg 300w, https:\/\/www.farecentronews.com\/wp-content\/uploads\/2024\/04\/INTERNO-POMPEIANO-Casa-Amorini-dorati-VI-16-7-\u00a9luigispina-15-bm-768x576.jpg 768w, https:\/\/www.farecentronews.com\/wp-content\/uploads\/2024\/04\/INTERNO-POMPEIANO-Casa-Amorini-dorati-VI-16-7-\u00a9luigispina-15-bm-1536x1152.jpg 1536w, https:\/\/www.farecentronews.com\/wp-content\/uploads\/2024\/04\/INTERNO-POMPEIANO-Casa-Amorini-dorati-VI-16-7-\u00a9luigispina-15-bm-2048x1536.jpg 2048w\" sizes=\"auto, (max-width: 1024px) 100vw, 1024px\" \/><\/a><\/figure>\n<\/div>\n\n\n<p class=\"wp-block-paragraph\">Il progetto fotografico di <strong>Luigi Spina<\/strong>:<strong> Interno Pompeiano<\/strong>, in mostra a <strong>Castel Sant&#8217;Angelo<\/strong> fino al<em> 16 giugno<\/em>, nasce approfittando della chiusura, sotto pandemia, del<strong> Parco Archeologico di Pompei<\/strong>. Ci\u00f2 ha permesso al fotografo di indagare indisturbato in oltre 120 domus, gli ha consentito di &#8220;abitare&#8221; e di vivere l&#8217;intero arco delle giornate cogliendone le sfumature di luce in completa tranquillit\u00e0 e concentrazione, senza le inevitabili distrazioni del pubblico. Tutto questo \u00e8 racchiuso nelle 60 fotografie di grande formato che ci regalano suggestioni ed emozioni uniche che Spina ha saputo cogliere grazie ad un&#8217;estrema sensibilit\u00e0 e pazienza. Come sottolinea il Direttore generale Musei Prof. <strong>Massimo Osanna<\/strong>, &#8221; <em>Pompei \u00e8 stata raccontata, rappresentata, narrata milioni di volte, eppure continua sempre ad offrire nuove angolazioni e punti di vista: questa mostra, in particolare, \u00e8 un esempio di come, attraverso l\u2019uso della fotografia, sia possibile ritrarre le domus pompeiane in un modo inedito, creando un\u2019atmosfera di magia e rara suggestione. Si tratta di un\u2019esposizione di grande impatto, che andr\u00e0, nei prossimi mesi, a implementare e arricchire l\u2019offerta culturale di un altro sito straordinario, quale Castel Sant\u2019 Angelo. Come Direzione generale Musei<\/em> \u2013 conclude Osanna \u2013 <em>ci siamo gi\u00e0 attivati, inoltre, affinch\u00e9 il Castello diventi tappa inaugurale di un percorso pi\u00f9 ampio, che porter\u00e0 la magia di Pompei, letta attraverso l\u2019obiettivo di Spina, anche in altri luoghi della cultura del nostro Paese<\/em>&#8220;.<\/p>\n\n\n<div class=\"wp-block-image\">\n<figure class=\"alignright size-large is-resized\"><a href=\"https:\/\/www.farecentronews.com\/wp-content\/uploads\/2024\/04\/INTERNO-POMPEIANO-Casa-del-Labirinto-VI-11-9-\u00a9luigispina-02m-scaled.jpg\"><img loading=\"lazy\" decoding=\"async\" width=\"768\" height=\"1024\" src=\"https:\/\/www.farecentronews.com\/wp-content\/uploads\/2024\/04\/INTERNO-POMPEIANO-Casa-del-Labirinto-VI-11-9-\u00a9luigispina-02m-768x1024.jpg\" alt=\"\" class=\"wp-image-8352\" style=\"width:344px;height:auto\" srcset=\"https:\/\/www.farecentronews.com\/wp-content\/uploads\/2024\/04\/INTERNO-POMPEIANO-Casa-del-Labirinto-VI-11-9-\u00a9luigispina-02m-768x1024.jpg 768w, https:\/\/www.farecentronews.com\/wp-content\/uploads\/2024\/04\/INTERNO-POMPEIANO-Casa-del-Labirinto-VI-11-9-\u00a9luigispina-02m-225x300.jpg 225w, https:\/\/www.farecentronews.com\/wp-content\/uploads\/2024\/04\/INTERNO-POMPEIANO-Casa-del-Labirinto-VI-11-9-\u00a9luigispina-02m-1152x1536.jpg 1152w, https:\/\/www.farecentronews.com\/wp-content\/uploads\/2024\/04\/INTERNO-POMPEIANO-Casa-del-Labirinto-VI-11-9-\u00a9luigispina-02m-1536x2048.jpg 1536w, https:\/\/www.farecentronews.com\/wp-content\/uploads\/2024\/04\/INTERNO-POMPEIANO-Casa-del-Labirinto-VI-11-9-\u00a9luigispina-02m-scaled.jpg 1920w\" sizes=\"auto, (max-width: 768px) 100vw, 768px\" \/><\/a><\/figure>\n<\/div>\n\n\n<p class=\"wp-block-paragraph\">Nei suoi scatti Spina fa tornare in vita le case, ne esalta i colori degli intonaci che vanno dal rosso sinopsis, al giallo tenue, al verde delicato, all&#8217;azzurro polvere. Lo stesso dicasi per i mosaici ricchi di elementi decorativi e pietre preziose che bene si armonizzano con le pitture murali rappresentanti scene paradisiache e di vita quotidiana. Gli interni delle domus si manifestano a noi in tutto il loro splendore intatto e testimoniano il culto dei Romani dell&#8217;abitare in dimore architettonicamente ed esteticamente perfette. Tutto questo Luigi Spina ha l&#8217;intuizione di mostrarcelo attraverso il mutevole gioco di luci dalla mattina alla sera.<br><strong><em>Fino al 16 giugno<\/em><\/strong><br><strong>Interno Pompeiano<\/strong><br>Castel Sant\u2019Angelo &#8211; Lungotevere Castello, 50<br>Orari &#8211; dal marted\u00ec alla domenica, dalle ore 9.00 alle ore 19.30 (ultimo ingresso ore 18.30). Chiuso il luned\u00ec.<br>Biglietti e tariffe: intero \u20ac 16,00, ridotto (18-25 anni) \u20ac 2,00<br><a href=\"http:\/\/castelsantangelo.beniculturali.it\/\">http:\/\/castelsantangelo.beniculturali.it\/<\/a><br><a href=\"https:\/\/direzionemuseiroma.cultura.gov.it\/museo-nazionale-di-castel-santangelo\/\">https:\/\/direzionemuseiroma.cultura.gov.it\/museo-nazionale-di-castel-santangelo\/<\/a><\/p>\n\n\n\n<p class=\"wp-block-paragraph\"><\/p>\n","protected":false},"excerpt":{"rendered":"<p>Il progetto fotografico di Luigi Spina: Interno Pompeiano, in mostra a Castel Sant&#8217;Angelo fino al 16 giugno, nasce approfittando della chiusura, sotto pandemia, del Parco Archeologico di Pompei. Ci\u00f2 ha permesso al fotografo di indagare indisturbato in oltre 120 domus, gli ha consentito di &#8220;abitare&#8221; e di vivere l&#8217;intero arco delle giornate cogliendone le sfumature [&hellip;]<\/p>\n","protected":false},"author":3,"featured_media":8350,"comment_status":"closed","ping_status":"closed","sticky":false,"template":"","format":"standard","meta":{"footnotes":""},"categories":[3,30],"tags":[239,242,86,4111,4110,4112,4113],"class_list":["post-8347","post","type-post","status-publish","format-standard","has-post-thumbnail","hentry","category-arte-cultura","category-mostre","tag-carlo-valenti","tag-castel-santangelo","tag-in-evidenza","tag-interno-pompeiano","tag-luigi-spina","tag-massimo-osanna","tag-parco-archelologico-di-pompei"],"_links":{"self":[{"href":"https:\/\/www.farecentronews.com\/index.php?rest_route=\/wp\/v2\/posts\/8347","targetHints":{"allow":["GET"]}}],"collection":[{"href":"https:\/\/www.farecentronews.com\/index.php?rest_route=\/wp\/v2\/posts"}],"about":[{"href":"https:\/\/www.farecentronews.com\/index.php?rest_route=\/wp\/v2\/types\/post"}],"author":[{"embeddable":true,"href":"https:\/\/www.farecentronews.com\/index.php?rest_route=\/wp\/v2\/users\/3"}],"replies":[{"embeddable":true,"href":"https:\/\/www.farecentronews.com\/index.php?rest_route=%2Fwp%2Fv2%2Fcomments&post=8347"}],"version-history":[{"count":3,"href":"https:\/\/www.farecentronews.com\/index.php?rest_route=\/wp\/v2\/posts\/8347\/revisions"}],"predecessor-version":[{"id":8353,"href":"https:\/\/www.farecentronews.com\/index.php?rest_route=\/wp\/v2\/posts\/8347\/revisions\/8353"}],"wp:featuredmedia":[{"embeddable":true,"href":"https:\/\/www.farecentronews.com\/index.php?rest_route=\/wp\/v2\/media\/8350"}],"wp:attachment":[{"href":"https:\/\/www.farecentronews.com\/index.php?rest_route=%2Fwp%2Fv2%2Fmedia&parent=8347"}],"wp:term":[{"taxonomy":"category","embeddable":true,"href":"https:\/\/www.farecentronews.com\/index.php?rest_route=%2Fwp%2Fv2%2Fcategories&post=8347"},{"taxonomy":"post_tag","embeddable":true,"href":"https:\/\/www.farecentronews.com\/index.php?rest_route=%2Fwp%2Fv2%2Ftags&post=8347"}],"curies":[{"name":"wp","href":"https:\/\/api.w.org\/{rel}","templated":true}]}}