{"id":8341,"date":"2024-04-26T06:03:49","date_gmt":"2024-04-26T06:03:49","guid":{"rendered":"https:\/\/www.farecentronews.com\/?p=8341"},"modified":"2024-04-26T06:03:49","modified_gmt":"2024-04-26T06:03:49","slug":"tributo-a-renato-balestra-roma-si-veste-di-blu-in-onore-dello-stilista","status":"publish","type":"post","link":"https:\/\/www.farecentronews.com\/?p=8341","title":{"rendered":"Tributo a Renato Balestra. Roma si veste di blu in onore dello Stilista"},"content":{"rendered":"<div class=\"wp-block-image\">\n<figure class=\"alignleft size-large is-resized\"><a href=\"https:\/\/www.farecentronews.com\/wp-content\/uploads\/2024\/04\/Balestra-1962-Musei-Capitolini-scaled.jpg\"><img loading=\"lazy\" decoding=\"async\" width=\"768\" height=\"1024\" src=\"https:\/\/www.farecentronews.com\/wp-content\/uploads\/2024\/04\/Balestra-1962-Musei-Capitolini-768x1024.jpg\" alt=\"\" class=\"wp-image-8344\" style=\"width:274px;height:auto\" srcset=\"https:\/\/www.farecentronews.com\/wp-content\/uploads\/2024\/04\/Balestra-1962-Musei-Capitolini-768x1024.jpg 768w, https:\/\/www.farecentronews.com\/wp-content\/uploads\/2024\/04\/Balestra-1962-Musei-Capitolini-225x300.jpg 225w, https:\/\/www.farecentronews.com\/wp-content\/uploads\/2024\/04\/Balestra-1962-Musei-Capitolini-1152x1536.jpg 1152w, https:\/\/www.farecentronews.com\/wp-content\/uploads\/2024\/04\/Balestra-1962-Musei-Capitolini-1536x2048.jpg 1536w, https:\/\/www.farecentronews.com\/wp-content\/uploads\/2024\/04\/Balestra-1962-Musei-Capitolini-scaled.jpg 1919w\" sizes=\"auto, (max-width: 768px) 100vw, 768px\" \/><\/a><\/figure>\n<\/div>\n\n\n<p class=\"wp-block-paragraph\">Un blu profondo, pieno, totale, tra l&#8217;indaco, e l&#8217;oltremare: \u00e8 il colore d&#8217;eccellenza che ha caratterizzato tutte le collezioni firmate da <strong>Renato Balestra<\/strong>. E blu \u00e8 il colore che vestir\u00e0 la notte romana tra il 3 e il 4 maggio per celebrare &#8211; nel giorno del centenario della sua nascita &#8211; il Maestro della Couture italiana scomparso il 26 novembre 2022. L&#8217;omaggio di Roma Capitale, in collaborazione con la famiglia Balestra, \u00e8 il simbolico riconoscimento a un grande artista, ambasciatore e precursore del Made in Italy. Saranno illuminati in <em>Blu Balestra<\/em> le location che lo Stilista ha utilizzato come scenario per le sue bellissime collezioni: Piazza del Campidoglio, la Scalinata di Trinit\u00e0 dei Monti e Porta Pinciana. Un trittico di pura arte che avvolger\u00e0 gli sguardi di romani e turisti, per una notte indimenticabile nel cuore di Roma.<\/p>\n\n\n\n<p class=\"wp-block-paragraph\"><strong>Il pittore della moda<\/strong><br>Alessandro Onorato, Assessore Moda, Sport, Turismo e Grandi Eventi: <em>\u201cAbbiamo voluto rendere omaggio a Renato Balestra nel giorno del centenario della sua nascita. L&#8217;amore del Maestro con Roma \u00e8 stato lungo e intenso. Si sono piaciuti fin da subito e si sono valorizzati a vicenda. Questa citt\u00e0 l&#8217;ha accolto a braccia aperte e si \u00e8 lasciata incantare dalla sua creativit\u00e0. Se Roma \u00e8 la capitale della moda, dell&#8217;arte e della cultura \u00e8 anche grazie alle intuizioni e al lavoro di Balestra, che dagli anni Cinquanta ha portato in alto il nome della citt\u00e0, rendendola attraente per artisti, modelli e attori. Ha rappresentato e rappresenta ancora la qualit\u00e0 dell\u2019artigianato Made in Italy, un patrimonio che tutto il mondo ci invidia e che dobbiamo valorizzare ogni giorno. L\u2019esempio di Balestra deve indirizzare tanti giovani a inseguire il proprio sogno. Siamo contenti di avergli reso omaggio con il Sindaco Gualtieri: prima di annunciare la notizia dei monumenti illuminati abbiamo consegnato alla famiglia Balestra, alle figlie Fabiana, Federica e alla nipote Sofia, una targa celebrativa di Roma Capitale\u201d<\/em>.<\/p>\n\n\n<div class=\"wp-block-image\">\n<figure class=\"alignright size-large is-resized\"><a href=\"https:\/\/www.farecentronews.com\/wp-content\/uploads\/2024\/04\/img052-copia-2-scaled.jpg\"><img loading=\"lazy\" decoding=\"async\" width=\"1024\" height=\"684\" src=\"https:\/\/www.farecentronews.com\/wp-content\/uploads\/2024\/04\/img052-copia-2-1024x684.jpg\" alt=\"\" class=\"wp-image-8345\" style=\"width:428px;height:auto\" srcset=\"https:\/\/www.farecentronews.com\/wp-content\/uploads\/2024\/04\/img052-copia-2-1024x684.jpg 1024w, https:\/\/www.farecentronews.com\/wp-content\/uploads\/2024\/04\/img052-copia-2-300x200.jpg 300w, https:\/\/www.farecentronews.com\/wp-content\/uploads\/2024\/04\/img052-copia-2-768x513.jpg 768w, https:\/\/www.farecentronews.com\/wp-content\/uploads\/2024\/04\/img052-copia-2-1536x1025.jpg 1536w, https:\/\/www.farecentronews.com\/wp-content\/uploads\/2024\/04\/img052-copia-2-2048x1367.jpg 2048w\" sizes=\"auto, (max-width: 1024px) 100vw, 1024px\" \/><\/a><\/figure>\n<\/div>\n\n\n<p class=\"wp-block-paragraph\">Federica Balestra: <em>\u201cRenato Balestra \u00e8 stato un pioniere della moda italiana nel mondo, capace di conquistare sin dalla fine degli anni \u201950 del secolo scorso il jet set internazionale con il suo stile elegante e raffinato. Un\u2019icona di stile dall\u2019animo puro e l\u2019entusiasmo di un fanciullo. La sua fantasia e le sue emozioni si riflettono nelle sue creazioni trasformandole in opere d\u2019arte e sogni da indossare. Con il blu sempre nel cuore, negli occhi e nei suoi abiti indimenticabili\u201d. <\/em>(credit immagini, courtesy Parini Associati: in apertura, la grandiosa sfilata tributo a Cinecitt\u00e0; a seguire arte e moda, con un bellissimo abito d&#8217;epoca fra le opere dei Musei Capitolini; Balestra fra le sue modelle a fine sfilata)<\/p>\n\n\n\n<p class=\"wp-block-paragraph\"><strong>@Balestra_official<\/strong><br><strong>#Balestra #RomaBluBalestra #CentenarioBalestra<\/strong><br><strong><a href=\"http:\/\/www.balestraroma.com\/\">www.balestraroma.com<\/a><\/strong><\/p>\n","protected":false},"excerpt":{"rendered":"<p>Un blu profondo, pieno, totale, tra l&#8217;indaco, e l&#8217;oltremare: \u00e8 il colore d&#8217;eccellenza che ha caratterizzato tutte le collezioni firmate da Renato Balestra. E blu \u00e8 il colore che vestir\u00e0 la notte romana tra il 3 e il 4 maggio per celebrare &#8211; nel giorno del centenario della sua nascita &#8211; il Maestro della Couture [&hellip;]<\/p>\n","protected":false},"author":4,"featured_media":8343,"comment_status":"closed","ping_status":"closed","sticky":false,"template":"","format":"standard","meta":{"footnotes":""},"categories":[35,1],"tags":[86,243,681,1382,4109],"class_list":["post-8341","post","type-post","status-publish","format-standard","has-post-thumbnail","hentry","category-fashion-news","category-moda-shopping","tag-in-evidenza","tag-marina-de-benedictis","tag-moda","tag-renato-balestra","tag-trinita-dei-monti"],"_links":{"self":[{"href":"https:\/\/www.farecentronews.com\/index.php?rest_route=\/wp\/v2\/posts\/8341","targetHints":{"allow":["GET"]}}],"collection":[{"href":"https:\/\/www.farecentronews.com\/index.php?rest_route=\/wp\/v2\/posts"}],"about":[{"href":"https:\/\/www.farecentronews.com\/index.php?rest_route=\/wp\/v2\/types\/post"}],"author":[{"embeddable":true,"href":"https:\/\/www.farecentronews.com\/index.php?rest_route=\/wp\/v2\/users\/4"}],"replies":[{"embeddable":true,"href":"https:\/\/www.farecentronews.com\/index.php?rest_route=%2Fwp%2Fv2%2Fcomments&post=8341"}],"version-history":[{"count":2,"href":"https:\/\/www.farecentronews.com\/index.php?rest_route=\/wp\/v2\/posts\/8341\/revisions"}],"predecessor-version":[{"id":8346,"href":"https:\/\/www.farecentronews.com\/index.php?rest_route=\/wp\/v2\/posts\/8341\/revisions\/8346"}],"wp:featuredmedia":[{"embeddable":true,"href":"https:\/\/www.farecentronews.com\/index.php?rest_route=\/wp\/v2\/media\/8343"}],"wp:attachment":[{"href":"https:\/\/www.farecentronews.com\/index.php?rest_route=%2Fwp%2Fv2%2Fmedia&parent=8341"}],"wp:term":[{"taxonomy":"category","embeddable":true,"href":"https:\/\/www.farecentronews.com\/index.php?rest_route=%2Fwp%2Fv2%2Fcategories&post=8341"},{"taxonomy":"post_tag","embeddable":true,"href":"https:\/\/www.farecentronews.com\/index.php?rest_route=%2Fwp%2Fv2%2Ftags&post=8341"}],"curies":[{"name":"wp","href":"https:\/\/api.w.org\/{rel}","templated":true}]}}