{"id":8314,"date":"2024-04-22T13:16:07","date_gmt":"2024-04-22T13:16:07","guid":{"rendered":"https:\/\/www.farecentronews.com\/?p=8314"},"modified":"2024-04-22T13:16:07","modified_gmt":"2024-04-22T13:16:07","slug":"regina-viarum-la-villa-di-massenzio-si-veste-di-luce-nuova","status":"publish","type":"post","link":"https:\/\/www.farecentronews.com\/?p=8314","title":{"rendered":"Regina Viarum. La Villa di Massenzio si veste di luce nuova"},"content":{"rendered":"<div class=\"wp-block-image\">\n<figure class=\"alignleft size-large is-resized\"><a href=\"https:\/\/www.farecentronews.com\/wp-content\/uploads\/2024\/04\/PH_MDB-scaled.jpg\"><img loading=\"lazy\" decoding=\"async\" width=\"1024\" height=\"1024\" src=\"https:\/\/www.farecentronews.com\/wp-content\/uploads\/2024\/04\/PH_MDB-1024x1024.jpg\" alt=\"\" class=\"wp-image-8316\" style=\"width:455px;height:auto\" srcset=\"https:\/\/www.farecentronews.com\/wp-content\/uploads\/2024\/04\/PH_MDB-1024x1024.jpg 1024w, https:\/\/www.farecentronews.com\/wp-content\/uploads\/2024\/04\/PH_MDB-300x300.jpg 300w, https:\/\/www.farecentronews.com\/wp-content\/uploads\/2024\/04\/PH_MDB-150x150.jpg 150w, https:\/\/www.farecentronews.com\/wp-content\/uploads\/2024\/04\/PH_MDB-768x768.jpg 768w, https:\/\/www.farecentronews.com\/wp-content\/uploads\/2024\/04\/PH_MDB-1536x1536.jpg 1536w, https:\/\/www.farecentronews.com\/wp-content\/uploads\/2024\/04\/PH_MDB-2048x2048.jpg 2048w\" sizes=\"auto, (max-width: 1024px) 100vw, 1024px\" \/><\/a><\/figure>\n<\/div>\n\n\n<p class=\"wp-block-paragraph\"><strong>Via Appia Antica<\/strong>, <strong>Villa di Massenzio<\/strong>. E&#8217; stata appena inaugurata la nuova suggestiva illuminazione artistica dello storico sito archeologico, alla presenza del Sindaco <strong>Roberto Gualtieri<\/strong>,dell\u2019Assessore capitolino alla Cultura <strong>Miguel Gotor<\/strong> e del Sovrintendente capitolino <strong>Claudio Parisi Presicce<\/strong>. Il sito sar\u00e0 cos\u00ec fruibile anche dopo il tramonto a ingresso gratuito grazie all&#8217;impegno della <strong>Sovrintendenza Capitolina ai Beni Culturali <\/strong>e all&#8217;atto di mecenatismo della <em>Lotus Production Srl S.U\/Libra<\/em>. L&#8217;intervento \u00e8 partito dalla manutenzione dell\u2019impianto gi\u00e0 esistente presso il Mausoleo dinastico e all\u2019interno della cripta funeraria, per arrivare alla creazione di una nuova illuminazione ben articolata: sul sentiero di accesso all\u2019area archeologica, le Torri dei carceres del circo e sul fronte esterno del quadriportico che racchiude l\u2019area del mausoleo. Il risultato rende ancor pi\u00f9 affascinate immergersi nella storia antica della nostra Capitale.<\/p>\n\n\n\n<p class=\"wp-block-paragraph\"><strong>Programma Caput Mundi<\/strong><br>Il sistema di illuminazione \u00e8 solo l\u2019ultimo di una serie di interventi che la Sovrintendenza Capitolina ha realizzato negli ultimi anni all\u2019interno dell\u2019imponente sito archeologico con l\u2019obiettivo di potenziare i servizi, l\u2019accessibilit\u00e0 e la conoscenza del territorio. Nel 2019 \u00e8 stato eseguito il restauro conservativo dell\u2019Arco dei Cenci con il conseguente recupero di spazi interni ed esterni, in uno dei quali \u00e8 attualmente in corso di completamento l\u2019allestimento di una piccola sala multimediale per l\u2019accoglienza dei visitatori. Nel 2022 sono stati ampliati gli strumenti informativi con la creazione di pannelli tattili per non vedenti e ipovedenti che descrivono l\u2019area e la Via Appia Antica. Nel 2024, grazie al Programma \u201cCaput Mundi \u2013 Next Generation EU\u201d del PNRR, sar\u00e0 avviato un importante intervento di restauro e recupero di strutture del complesso monumentale che consentir\u00e0 di ampliare ulteriormente le aree visitabili, con l&#8217;area del Pulvinar, il palco imperiale dal quale l&#8217;Imperatore seguiva le corse e i giochi nel Circo. Questo settore sar\u00e0 raggiungibile con un percorso privo di barriere architettoniche e adatto a tutti. Sempre nel programma Caput Mundi \u00e8 compreso un ulteriore progetto di valorizzazione dell\u2019area Villa di Massenzio, che consentir\u00e0 al pubblico, con l\u2019ausilio di tecnologie digitali di nuova generazione, di ampliare o approfondire la propria conoscenza sugli spazi e di comprenderne estensione, storia e caratteristiche architettoniche.<\/p>\n\n\n<div class=\"wp-block-image\">\n<figure class=\"alignright size-large is-resized\"><a href=\"https:\/\/www.farecentronews.com\/wp-content\/uploads\/2024\/04\/Villa-di-Massenzio_ph.Monkeys-Video-Lab-17-2-scaled.jpg\"><img loading=\"lazy\" decoding=\"async\" width=\"1024\" height=\"576\" src=\"https:\/\/www.farecentronews.com\/wp-content\/uploads\/2024\/04\/Villa-di-Massenzio_ph.Monkeys-Video-Lab-17-2-1024x576.jpg\" alt=\"\" class=\"wp-image-8319\" style=\"width:432px;height:auto\" srcset=\"https:\/\/www.farecentronews.com\/wp-content\/uploads\/2024\/04\/Villa-di-Massenzio_ph.Monkeys-Video-Lab-17-2-1024x576.jpg 1024w, https:\/\/www.farecentronews.com\/wp-content\/uploads\/2024\/04\/Villa-di-Massenzio_ph.Monkeys-Video-Lab-17-2-300x169.jpg 300w, https:\/\/www.farecentronews.com\/wp-content\/uploads\/2024\/04\/Villa-di-Massenzio_ph.Monkeys-Video-Lab-17-2-768x432.jpg 768w, https:\/\/www.farecentronews.com\/wp-content\/uploads\/2024\/04\/Villa-di-Massenzio_ph.Monkeys-Video-Lab-17-2-1536x864.jpg 1536w, https:\/\/www.farecentronews.com\/wp-content\/uploads\/2024\/04\/Villa-di-Massenzio_ph.Monkeys-Video-Lab-17-2-2048x1152.jpg 2048w\" sizes=\"auto, (max-width: 1024px) 100vw, 1024px\" \/><\/a><\/figure>\n<\/div>\n\n\n<p class=\"wp-block-paragraph\"><strong>Sistema museale<\/strong><br>La Villa di Massenzio \u00e8 uno degli otto musei gratuiti della rete <strong>Musei in Comune di Roma Capitale<\/strong> con servizi museali di <strong>Z\u00e8tema Progetto Cultura<\/strong>, e solo nel 2023 ha registrato la presenza di oltre 61mila visitatori. Per l\u2019estate 2024 sono previste aperture straordinarie serali il sabato. L\u2019orario sar\u00e0 prolungato anche in occasione delle domeniche gratuite (prima domenica del mese), con l&#8217;obiettivo di decongestionare i siti e i monumenti maggiormente affollati in queste occasioni, ampliando la frequentazione di questo settore della citt\u00e0 ricco di monumenti archeologici. In occasione di alcune di queste aperture serali saranno organizzati piccoli concerti, reading, conferenze e altri eventi di animazione.<em> (crediti immagini: in apertura,<\/em> una <em>spettacolare veduta notturna della Villa di Massenzio con la nuova illuminazione artistica, ph_Monkeys Video La; a seguire, un momento dell&#8217;inaugurazione con la parata degli antichi romani e la suggestiva illuminazione, composit ph_Marina De Benedictis; a chiudere, l&#8217;affascinate vista dall&#8217;alto dell&#8217;intero sito in diurna, ph_Monkeys Video Lab)<\/em><\/p>\n\n\n\n<p class=\"wp-block-paragraph\"><strong>Storia del sito<\/strong><br>Il complesso si estende tra il II ed il III miglio della via Appia Antica. Tre gli edifici principali: il Palazzo, il Circo e un Mausoleo dinastico, progettati come una sola unit\u00e0 architettonica per celebrare l\u2019Imperatore Massenzio, lo sfortunato avversario di Costantino il Grande nella battaglia di Ponte Milvio del 312 d.C. Lo schema del circo abbinato al palazzo imperiale, gi\u00e0 noto in altre residenze, \u00e8 qui arricchito dalla presenza di un mausoleo dinastico, pi\u00f9 noto come Tomba di Romolo dal nome del giovanissimo figlio di Massenzio che fu qui quasi certamente sepolto. Il circo, ancora ben conservato in tutte le sue componenti architettoniche, poteva ospitare oltre 10.000 spettatori e al suo centro era collocato l\u2019Obelisco di Domiziano, che secoli dopo sar\u00e0 riutilizzato da Gian Lorenzo Bernini nella Fontana dei Fiumi. Il nucleo centrale dell\u2019intero complesso era il mausoleo dinastico. Il grandioso edificio, probabilmente a due piani, doveva avere l\u2019aspetto di un piccolo pantheon ed era circondato da un imponente quadriportico che lo metteva in comunicazione con il palazzo costruito sulla collina retrostante. Della sua costruzione originaria si conservano solo il basamento a pianta circolare e la cripta, con un grosso pilastro centrale e un corridoio anulare nei quali si aprivano le nicchie per la deposizione dei sarcofagi. Dal corridoio anulare \u00e8 possibile entrare in un ampio vestibolo quadrangolare, che probabilmente serviva a raggiungere il piano superiore. Si suppone che l\u2019area, gi\u00e0 parte integrante del Triopio di Erode Attico, fosse stata inglobata, come altre zone del suburbio, nel demanio imperiale. Con la sconfitta di Massenzio \u00e8 verosimile che le costruzioni massenziane passassero alla Chiesa di Roma e che quindi, almeno a partire dal VI secolo, facessero parte del Patrimonium Appiae. Per secoli le informazioni sull\u2019area risultano lacunose e i monumenti suddivisi tra proprietari diversi. Nell\u2019Ottocento tutto il complesso fu acquisito dai Torlonia, duchi di Bracciano. Nel 1825 il principe Giovanni Torlonia diede avvio, con l\u2019aiuto dell\u2019archeologo Antonio Nibby, alle campagne di scavo dell\u2019area, trasferendo le numerose opere d\u2019arte rinvenute nella collezione privata del palazzo di Borgo e trasformando la tenuta in azienda agricola, destinazione che perdur\u00f2 fino al momento dell\u2019esproprio avvenuto nel 1943. <em>(fonte: Ufficio stampa Z\u00e8tema Progetto Cultura)<\/em><\/p>\n\n\n\n<p class=\"wp-block-paragraph\"><strong>Villa di Massenzio<\/strong><br>Via Appia Antica, 153 &#8211; Roma<br>Ingresso gratuito<br>info: 060608 (tutti i giorni dalle 9.00 alle 19.00)<br><a href=\"http:\/\/www.museiincomuneroma.it\/\"><strong>www.museiincomuneroma.it<\/strong><\/a><br><a href=\"http:\/\/www.villadimassenzio.it\/\"><strong>www.villadimassenzio.it<\/strong><\/a><\/p>\n","protected":false},"excerpt":{"rendered":"<p>Via Appia Antica, Villa di Massenzio. E&#8217; stata appena inaugurata la nuova suggestiva illuminazione artistica dello storico sito archeologico, alla presenza del Sindaco Roberto Gualtieri,dell\u2019Assessore capitolino alla Cultura Miguel Gotor e del Sovrintendente capitolino Claudio Parisi Presicce. Il sito sar\u00e0 cos\u00ec fruibile anche dopo il tramonto a ingresso gratuito grazie all&#8217;impegno della Sovrintendenza Capitolina ai [&hellip;]<\/p>\n","protected":false},"author":4,"featured_media":8315,"comment_status":"closed","ping_status":"closed","sticky":false,"template":"","format":"standard","meta":{"footnotes":""},"categories":[31,3],"tags":[4100,4017,86,243,4099],"class_list":["post-8314","post","type-post","status-publish","format-standard","has-post-thumbnail","hentry","category-appuntamenti-culturali","category-arte-cultura","tag-appia-antica","tag-claudio-parisi-presicce","tag-in-evidenza","tag-marina-de-benedictis","tag-villa-di-massenzio"],"_links":{"self":[{"href":"https:\/\/www.farecentronews.com\/index.php?rest_route=\/wp\/v2\/posts\/8314","targetHints":{"allow":["GET"]}}],"collection":[{"href":"https:\/\/www.farecentronews.com\/index.php?rest_route=\/wp\/v2\/posts"}],"about":[{"href":"https:\/\/www.farecentronews.com\/index.php?rest_route=\/wp\/v2\/types\/post"}],"author":[{"embeddable":true,"href":"https:\/\/www.farecentronews.com\/index.php?rest_route=\/wp\/v2\/users\/4"}],"replies":[{"embeddable":true,"href":"https:\/\/www.farecentronews.com\/index.php?rest_route=%2Fwp%2Fv2%2Fcomments&post=8314"}],"version-history":[{"count":1,"href":"https:\/\/www.farecentronews.com\/index.php?rest_route=\/wp\/v2\/posts\/8314\/revisions"}],"predecessor-version":[{"id":8320,"href":"https:\/\/www.farecentronews.com\/index.php?rest_route=\/wp\/v2\/posts\/8314\/revisions\/8320"}],"wp:featuredmedia":[{"embeddable":true,"href":"https:\/\/www.farecentronews.com\/index.php?rest_route=\/wp\/v2\/media\/8315"}],"wp:attachment":[{"href":"https:\/\/www.farecentronews.com\/index.php?rest_route=%2Fwp%2Fv2%2Fmedia&parent=8314"}],"wp:term":[{"taxonomy":"category","embeddable":true,"href":"https:\/\/www.farecentronews.com\/index.php?rest_route=%2Fwp%2Fv2%2Fcategories&post=8314"},{"taxonomy":"post_tag","embeddable":true,"href":"https:\/\/www.farecentronews.com\/index.php?rest_route=%2Fwp%2Fv2%2Ftags&post=8314"}],"curies":[{"name":"wp","href":"https:\/\/api.w.org\/{rel}","templated":true}]}}