{"id":8306,"date":"2024-04-22T12:38:23","date_gmt":"2024-04-22T12:38:23","guid":{"rendered":"https:\/\/www.farecentronews.com\/?p=8306"},"modified":"2024-04-22T12:38:23","modified_gmt":"2024-04-22T12:38:23","slug":"a-montecarlo-sfila-la-xii-fashion-week-in-nome-dei-valori-sociali","status":"publish","type":"post","link":"https:\/\/www.farecentronews.com\/?p=8306","title":{"rendered":"A Montecarlo sfila la XII Fashion Week. In nome dei valori sociali"},"content":{"rendered":"<div class=\"wp-block-image\">\n<figure class=\"alignleft size-large is-resized\"><a href=\"https:\/\/www.farecentronews.com\/wp-content\/uploads\/2024\/04\/Stella-Jean-scaled.jpg\"><img loading=\"lazy\" decoding=\"async\" width=\"682\" height=\"1024\" src=\"https:\/\/www.farecentronews.com\/wp-content\/uploads\/2024\/04\/Stella-Jean-682x1024.jpg\" alt=\"\" class=\"wp-image-8309\" style=\"width:312px;height:auto\" srcset=\"https:\/\/www.farecentronews.com\/wp-content\/uploads\/2024\/04\/Stella-Jean-682x1024.jpg 682w, https:\/\/www.farecentronews.com\/wp-content\/uploads\/2024\/04\/Stella-Jean-200x300.jpg 200w, https:\/\/www.farecentronews.com\/wp-content\/uploads\/2024\/04\/Stella-Jean-768x1152.jpg 768w, https:\/\/www.farecentronews.com\/wp-content\/uploads\/2024\/04\/Stella-Jean-1024x1536.jpg 1024w, https:\/\/www.farecentronews.com\/wp-content\/uploads\/2024\/04\/Stella-Jean-1365x2048.jpg 1365w, https:\/\/www.farecentronews.com\/wp-content\/uploads\/2024\/04\/Stella-Jean-scaled.jpg 1706w\" sizes=\"auto, (max-width: 682px) 100vw, 682px\" \/><\/a><\/figure>\n<\/div>\n\n\n<p class=\"wp-block-paragraph\">Principato di Monaco, 22-26 aprile 2024. Torna in scena la XII edizione della <strong>Monte-Carlo Fashion Week <\/strong>pi\u00f9 ricca che mai. Sfilate, conferenze, eventi in un fitto calendario che caratterizza l&#8217;evento moda ufficiale del Principato. Quest&#8217;anno la MCFW approfondisce soprattutto temi attuali quali circolarit\u00e0, sostenibilit\u00e0, inclusivit\u00e0 e diversit\u00e0.<em>\u201cSiamo orgogliosi di supportare i marchi monegaschi ed al tempo stesso di offrire a designers e personalit\u00e0 della moda internazionali il Principato di Monaco come vetrina prestigiosa per presentare le loro collezioni e come piattaforma per discutere dell&#8217;importanza della moda sostenibile e circolare\u201d<\/em> ha dichiarato<strong> Federica Nardoni Spinetta<\/strong>, Presidente e Fondatrice della<strong> Chambre Mon\u00e9gasque de la Mode<\/strong> e della Monte-Carlo Fashion Week.<\/p>\n\n\n\n<p class=\"wp-block-paragraph\"><strong>Chambre Mon\u00e9gasque de la Mode<\/strong><br>Fondata nel 2009 da Federica Nardoni Spinetta, la Chambre opera da 15 anni sotto la sua presidenza con due finalit\u00e0: promuovere a livello internazionale la creativit\u00e0 <em>Made in Monaco<\/em> diffondendo i valori della moda locale; proiettare il Principato nei contesti chiave del fashion mondiale. Nelle precedenti edizioni la MCFW ha visto la partecipazione di marchi e personalit\u00e0 quali Naomi Campbell, Alberta Ferretti, Philipp Plein, Etro, Fausto Puglisi x Roberto Cavalli, Rahul Mishra, Stella Jean, Gilberto Calzolari, Genny, Chiara Boni, Matteo Ward, Sara Sozzani Maino, Desserto, Tommy Hilfiger, German Larkin, Nima Benati.<\/p>\n\n\n\n<p class=\"wp-block-paragraph\"><strong>Location esclusive<\/strong><br>Dopo l\u2019opening istituzionale al City Hall, la kermesse si sposter\u00e0 nell\u2019esclusiva cornice dello <em>Yacht Club<\/em> di Monaco, dove si terr\u00e0 il \u00ab Face to Face \u00bb con <strong>Federico Marchetti<\/strong>, Fondatore del Gruppo di <em>Yoox Net-a-Porter<\/em>, Presidente della Fashion Task Force della <em>Sustainable Markets Initiative<\/em> fondata dal Re Carlo III quando era Principe del Galles, Membro del CdA della Giorgio Armani S.p.A. Sar\u00e0 anche svelato un nuovo progetto contro la violenza alle donne. Grande attesa inoltre per la Cerimonia dei MCFW Fashion Award che premia i creativi e le personalit\u00e0 della moda che hanno saputo distinguersi per la loro visione etica e innovativa.<\/p>\n\n\n\n<p class=\"wp-block-paragraph\"><strong>Stella Jean e i valori sociali<\/strong><br>Torna alla Monte-Carlo Fashion Week in veste di madrina d\u2019eccezione una delle pioniere della sostenibilit\u00e0 sociale attenta ai valori della DEIB (Diversity, Equity, Inclusion and Belonging): <strong>Stella Jean<\/strong>, che aprir\u00e0 le sfilate con la sua collezione solare e piena di energia. A seguire sul catwalk si alterneranno brand monegaschi e internazionali. A chiudere le passerelle saranno le sfilate di alcuni giovani designers della Central Saint Martins di Londra con le scenografie del Pavillon Bosio &#8211; Accademia delle Belle Arti di Monaco. Il Fashion Hub sar\u00e0 il contenitore dei Pop-Up e del Symposium Monaco Women in Finance Institute, che promuove l\u2019inclusione delle donne e l\u2019imprenditorialit\u00e0 femminile. Tre le categorie delle numerose proposte moda: resort, cruise e capsule collection. Radio Montecarlo, la radio ufficiale della manifestazione. <em>(crediti immagini, courtesy of Terenzi Communications:in apertura catwalk MCFW; una creazione della Stilista stella Jean)<\/em><\/p>\n\n\n\n<p class=\"wp-block-paragraph\"><a href=\"mailto:info@chambremonegasquemode.com\"><strong>info@chambremonegasquemode.com<\/strong><\/a><br><a href=\"http:\/\/www.chambremonegasquemode.com\/\"><strong>www.chambremonegasquemode.com<\/strong><\/a><\/p>\n","protected":false},"excerpt":{"rendered":"<p>Principato di Monaco, 22-26 aprile 2024. Torna in scena la XII edizione della Monte-Carlo Fashion Week pi\u00f9 ricca che mai. Sfilate, conferenze, eventi in un fitto calendario che caratterizza l&#8217;evento moda ufficiale del Principato. Quest&#8217;anno la MCFW approfondisce soprattutto temi attuali quali circolarit\u00e0, sostenibilit\u00e0, inclusivit\u00e0 e diversit\u00e0.\u201cSiamo orgogliosi di supportare i marchi monegaschi ed al [&hellip;]<\/p>\n","protected":false},"author":7,"featured_media":8308,"comment_status":"closed","ping_status":"closed","sticky":false,"template":"","format":"standard","meta":{"footnotes":""},"categories":[35,1],"tags":[4098,86,681,4096,4097],"class_list":["post-8306","post","type-post","status-publish","format-standard","has-post-thumbnail","hentry","category-fashion-news","category-moda-shopping","tag-chambre-monegasque-de-la-mode","tag-in-evidenza","tag-moda","tag-monte-carlo-fashion-week","tag-stella-jean"],"_links":{"self":[{"href":"https:\/\/www.farecentronews.com\/index.php?rest_route=\/wp\/v2\/posts\/8306","targetHints":{"allow":["GET"]}}],"collection":[{"href":"https:\/\/www.farecentronews.com\/index.php?rest_route=\/wp\/v2\/posts"}],"about":[{"href":"https:\/\/www.farecentronews.com\/index.php?rest_route=\/wp\/v2\/types\/post"}],"author":[{"embeddable":true,"href":"https:\/\/www.farecentronews.com\/index.php?rest_route=\/wp\/v2\/users\/7"}],"replies":[{"embeddable":true,"href":"https:\/\/www.farecentronews.com\/index.php?rest_route=%2Fwp%2Fv2%2Fcomments&post=8306"}],"version-history":[{"count":2,"href":"https:\/\/www.farecentronews.com\/index.php?rest_route=\/wp\/v2\/posts\/8306\/revisions"}],"predecessor-version":[{"id":8310,"href":"https:\/\/www.farecentronews.com\/index.php?rest_route=\/wp\/v2\/posts\/8306\/revisions\/8310"}],"wp:featuredmedia":[{"embeddable":true,"href":"https:\/\/www.farecentronews.com\/index.php?rest_route=\/wp\/v2\/media\/8308"}],"wp:attachment":[{"href":"https:\/\/www.farecentronews.com\/index.php?rest_route=%2Fwp%2Fv2%2Fmedia&parent=8306"}],"wp:term":[{"taxonomy":"category","embeddable":true,"href":"https:\/\/www.farecentronews.com\/index.php?rest_route=%2Fwp%2Fv2%2Fcategories&post=8306"},{"taxonomy":"post_tag","embeddable":true,"href":"https:\/\/www.farecentronews.com\/index.php?rest_route=%2Fwp%2Fv2%2Ftags&post=8306"}],"curies":[{"name":"wp","href":"https:\/\/api.w.org\/{rel}","templated":true}]}}