{"id":8297,"date":"2024-04-17T17:39:32","date_gmt":"2024-04-17T17:39:32","guid":{"rendered":"https:\/\/www.farecentronews.com\/?p=8297"},"modified":"2024-04-17T17:39:33","modified_gmt":"2024-04-17T17:39:33","slug":"kabarett-weimar-al-teatro-vascello-la-trilogia-di-spettacoli-che-sa-di-liberta","status":"publish","type":"post","link":"https:\/\/www.farecentronews.com\/?p=8297","title":{"rendered":"Kabarett Weimar. Al Teatro Vascello la trilogia di spettacoli che sa di libert\u00e0"},"content":{"rendered":"<div class=\"wp-block-image\">\n<figure class=\"alignleft size-large is-resized\"><a href=\"https:\/\/www.farecentronews.com\/wp-content\/uploads\/2024\/04\/SECONDA-FOTO_DIVA-1-Pino-Cangialosi-Bruno-Maccallini-Copia-2.jpg\"><img loading=\"lazy\" decoding=\"async\" width=\"756\" height=\"1024\" src=\"https:\/\/www.farecentronews.com\/wp-content\/uploads\/2024\/04\/SECONDA-FOTO_DIVA-1-Pino-Cangialosi-Bruno-Maccallini-Copia-2-756x1024.jpg\" alt=\"\" class=\"wp-image-8301\" style=\"width:338px;height:auto\" srcset=\"https:\/\/www.farecentronews.com\/wp-content\/uploads\/2024\/04\/SECONDA-FOTO_DIVA-1-Pino-Cangialosi-Bruno-Maccallini-Copia-2-756x1024.jpg 756w, https:\/\/www.farecentronews.com\/wp-content\/uploads\/2024\/04\/SECONDA-FOTO_DIVA-1-Pino-Cangialosi-Bruno-Maccallini-Copia-2-221x300.jpg 221w, https:\/\/www.farecentronews.com\/wp-content\/uploads\/2024\/04\/SECONDA-FOTO_DIVA-1-Pino-Cangialosi-Bruno-Maccallini-Copia-2-768x1041.jpg 768w, https:\/\/www.farecentronews.com\/wp-content\/uploads\/2024\/04\/SECONDA-FOTO_DIVA-1-Pino-Cangialosi-Bruno-Maccallini-Copia-2.jpg 879w\" sizes=\"auto, (max-width: 756px) 100vw, 756px\" \/><\/a><\/figure>\n<\/div>\n\n\n<p class=\"wp-block-paragraph\">Gli anni sono quelli compresi fra il &#8217;20 e il &#8217;30. Il sapore \u00e8 quello della \u201cCultura di Weimar\u201d: un florilegio di creativit\u00e0 fra arte, politica e sperimentazioni. Al <strong>Teatro Vascello<\/strong> dal 22 aprile prende cos\u00ec il via la trilogia <strong>Kabarett Weimar<\/strong>, un progetto di Bruno Maccallini e Antonella Ottai con la regia di quest&#8217;ultimo e le musiche originali di Pino Cangialosi. L&#8217;ambientazione \u00e8 quella fumosa dei caff\u00e8 e dei kabarett, con le canzoni dell&#8217;epoca, le provocazioni dada, i witz, i testi celebri e i reportage d\u2019autore che erompono le emergenze della modernit\u00e0, come le rivendicazioni delle donne.<\/p>\n\n\n\n<p class=\"wp-block-paragraph\"><strong>Tre spettacoli in tre sere<\/strong><br>Si inizia il 22 aprile con <em>Diva. Una sinfonia per Weimar<\/em>, drammaturgia concepita da Antonella Ottai che rende omaggio alla complessit\u00e0 del periodo, ricordandone alcuni dei punti salienti e dei personaggi pi\u00f9 significativi. Il personaggio portante \u00e8 immaginario ma d\u00e0 vita a una figura determinante: Diva, la Nuova Donna. In lei confluiscono le diverse performance di cantanti, attrici, poetesse e personalit\u00e0 varie che in tutti i campi stavano rivoluzionando l\u2019immagine del femminile. Da Else Laske-Sch\u00fcler, a Valeska Gert, Diva le riassume tutte, sostenuta dall&#8217;accompagnamento di una colonna sonora che spazia dal repertorio popolare all&#8217;avanguardia e coordinata da un gioco registico all&#8217;insegna dell&#8217;irriverenza.<br><em>Stasera ho deciso di venirmi a trovare<\/em>, invece, \u00e8 una narrazione monografica che narra la storia di Fritz Gr\u00fcnbaum, autore e cabarettista ebreo, che si intrattiene in scena con il suo alter ego comico. Vienna gli ha dedicato un monumento, Bruno Maccallini gli dedica un omaggio raffinato e affettuoso, mettendo in luce la lotta tra il comico e gli eventi storici, intersecando la sua funambolica interpretazione con gli interventi musicali dal vivo della giovane musicista Livia Cangialosi.  A chiudere, il 24 aprile, <em>Grotesk!<\/em> uno spettacolo ispirato agli artisti del cabaret berlinese degli anni &#8217;20 e &#8217;30 e che vede protagonista un conferenziere dallo humour nero &#8211; mago, comico e cantante &#8211; che sfida il regime nazista fino a esserne inghiottito ma che continuer\u00e0 a portare i suoi sberleffi persino nei lager dove lo internano, contendendo l\u2019ultima risata ai suoi carnefici. Un \u201cone man show\u201d dello stesso Maccallini che mescola tragedia ed esilarante comicit\u00e0, con azioni a sorpresa ed una partitura sonora dal vivo che riflette l\u2019atmosfera di Weimar. Lo spettacolo \u00e8 tratto dal libro di Antonella Ottai &#8220;Ridere rende liberi&#8221; (Quodlibet Ed.), incentrato sull&#8217;arte e la sorte di artisti del teatro leggero segnati inesorabilmente dall\u2019avvento di Hitler al potere.<\/p>\n\n\n<div class=\"wp-block-image\">\n<figure class=\"alignright size-full is-resized\"><a href=\"https:\/\/www.farecentronews.com\/wp-content\/uploads\/2024\/04\/TERZA-FOTO_DIVA-1-Pino-Cangialosi-Bruno-Maccallini-Copia-1.jpg\"><img loading=\"lazy\" decoding=\"async\" width=\"787\" height=\"787\" src=\"https:\/\/www.farecentronews.com\/wp-content\/uploads\/2024\/04\/TERZA-FOTO_DIVA-1-Pino-Cangialosi-Bruno-Maccallini-Copia-1.jpg\" alt=\"\" class=\"wp-image-8302\" style=\"width:373px;height:auto\" srcset=\"https:\/\/www.farecentronews.com\/wp-content\/uploads\/2024\/04\/TERZA-FOTO_DIVA-1-Pino-Cangialosi-Bruno-Maccallini-Copia-1.jpg 787w, https:\/\/www.farecentronews.com\/wp-content\/uploads\/2024\/04\/TERZA-FOTO_DIVA-1-Pino-Cangialosi-Bruno-Maccallini-Copia-1-300x300.jpg 300w, https:\/\/www.farecentronews.com\/wp-content\/uploads\/2024\/04\/TERZA-FOTO_DIVA-1-Pino-Cangialosi-Bruno-Maccallini-Copia-1-150x150.jpg 150w, https:\/\/www.farecentronews.com\/wp-content\/uploads\/2024\/04\/TERZA-FOTO_DIVA-1-Pino-Cangialosi-Bruno-Maccallini-Copia-1-768x768.jpg 768w\" sizes=\"auto, (max-width: 787px) 100vw, 787px\" \/><\/a><\/figure>\n<\/div>\n\n\n<p class=\"wp-block-paragraph\"><strong>Due Masterclass sulla risata<\/strong><br>Dulcis in fundo, agli spettacoli del 23 e 24 aprile sono abbinate due Masterclass del Laboratorio &#8220;Una risata allunga al vita&#8221;, in corso al Goethe Institut Rom. Si tratta di <em>Barzellette<\/em>, con Massimo Wertmuller e<em> Risate<\/em> di Gioia con Elena Bucci e Marco Sgrosso, entrambe in programma nella sala grande del Teatro Vascello alle ore 19:00. Per accedere \u00e8 richiesto un contributo singolo di \u20ac 5,00. <em>(crediti foto courtesy of Ufficio Stampa Elisabetta Castiglioni: in apertura, Bruno Maccallini sul palco di Grotesk!; a seguire, la locandina della trilogia; Pino Cangialosi Bruno Maccallini in scena con Diva)<\/em><br><br><strong>Kabarett Weimar<\/strong><br>Teatro Vascello Via Giacinto Carini, 78 Roma<br>Dal 22 al 24 aprile 2024 ore 21<br>Info: 065881021\/065898031 <a href=\"mailto:botteghino@teatrovascello.it\">botteghino@teatrovascello.it<\/a><br>Ingresso spettacolo: \u20ac 15,00 (intero); \u20ac 12,00 (over 65)<br>Abbonamento a 3 spettacoli: \u20ac 30,00 <a href=\"http:\/\/www.teatrovascello.it\/\">www.teatrovascello.it<\/a><\/p>\n","protected":false},"excerpt":{"rendered":"<p>Gli anni sono quelli compresi fra il &#8217;20 e il &#8217;30. Il sapore \u00e8 quello della \u201cCultura di Weimar\u201d: un florilegio di creativit\u00e0 fra arte, politica e sperimentazioni. Al Teatro Vascello dal 22 aprile prende cos\u00ec il via la trilogia Kabarett Weimar, un progetto di Bruno Maccallini e Antonella Ottai con la regia di quest&#8217;ultimo [&hellip;]<\/p>\n","protected":false},"author":5,"featured_media":8300,"comment_status":"closed","ping_status":"closed","sticky":false,"template":"","format":"standard","meta":{"footnotes":""},"categories":[5,33],"tags":[86,4095,4094,2879,4093],"class_list":["post-8297","post","type-post","status-publish","format-standard","has-post-thumbnail","hentry","category-musica-spettacolo","category-teatro","tag-in-evidenza","tag-kabarett","tag-kabarett-weimar","tag-teatro","tag-teatro-vascello"],"_links":{"self":[{"href":"https:\/\/www.farecentronews.com\/index.php?rest_route=\/wp\/v2\/posts\/8297","targetHints":{"allow":["GET"]}}],"collection":[{"href":"https:\/\/www.farecentronews.com\/index.php?rest_route=\/wp\/v2\/posts"}],"about":[{"href":"https:\/\/www.farecentronews.com\/index.php?rest_route=\/wp\/v2\/types\/post"}],"author":[{"embeddable":true,"href":"https:\/\/www.farecentronews.com\/index.php?rest_route=\/wp\/v2\/users\/5"}],"replies":[{"embeddable":true,"href":"https:\/\/www.farecentronews.com\/index.php?rest_route=%2Fwp%2Fv2%2Fcomments&post=8297"}],"version-history":[{"count":4,"href":"https:\/\/www.farecentronews.com\/index.php?rest_route=\/wp\/v2\/posts\/8297\/revisions"}],"predecessor-version":[{"id":8304,"href":"https:\/\/www.farecentronews.com\/index.php?rest_route=\/wp\/v2\/posts\/8297\/revisions\/8304"}],"wp:featuredmedia":[{"embeddable":true,"href":"https:\/\/www.farecentronews.com\/index.php?rest_route=\/wp\/v2\/media\/8300"}],"wp:attachment":[{"href":"https:\/\/www.farecentronews.com\/index.php?rest_route=%2Fwp%2Fv2%2Fmedia&parent=8297"}],"wp:term":[{"taxonomy":"category","embeddable":true,"href":"https:\/\/www.farecentronews.com\/index.php?rest_route=%2Fwp%2Fv2%2Fcategories&post=8297"},{"taxonomy":"post_tag","embeddable":true,"href":"https:\/\/www.farecentronews.com\/index.php?rest_route=%2Fwp%2Fv2%2Ftags&post=8297"}],"curies":[{"name":"wp","href":"https:\/\/api.w.org\/{rel}","templated":true}]}}