{"id":8252,"date":"2024-04-04T08:26:39","date_gmt":"2024-04-04T08:26:39","guid":{"rendered":"https:\/\/www.farecentronews.com\/?p=8252"},"modified":"2024-04-04T09:32:19","modified_gmt":"2024-04-04T09:32:19","slug":"cesare-bocci-e-galatea-ranzi-in-scena-al-teatro-olimpico-con-il-figlio","status":"publish","type":"post","link":"https:\/\/www.farecentronews.com\/?p=8252","title":{"rendered":"Cesare Bocci e Galatea Ranzi in scena al Teatro Parioli con Il Figlio"},"content":{"rendered":"<div class=\"wp-block-image\">\n<figure class=\"alignleft size-large is-resized\"><a href=\"https:\/\/www.farecentronews.com\/wp-content\/uploads\/2024\/04\/Cesare-Bocci-e-Giulio-Pranno-scaled.jpg\"><img loading=\"lazy\" decoding=\"async\" width=\"1024\" height=\"683\" src=\"https:\/\/www.farecentronews.com\/wp-content\/uploads\/2024\/04\/Cesare-Bocci-e-Giulio-Pranno-1024x683.jpg\" alt=\"\" class=\"wp-image-8255\" style=\"width:450px;height:auto\" srcset=\"https:\/\/www.farecentronews.com\/wp-content\/uploads\/2024\/04\/Cesare-Bocci-e-Giulio-Pranno-1024x683.jpg 1024w, https:\/\/www.farecentronews.com\/wp-content\/uploads\/2024\/04\/Cesare-Bocci-e-Giulio-Pranno-300x200.jpg 300w, https:\/\/www.farecentronews.com\/wp-content\/uploads\/2024\/04\/Cesare-Bocci-e-Giulio-Pranno-768x512.jpg 768w, https:\/\/www.farecentronews.com\/wp-content\/uploads\/2024\/04\/Cesare-Bocci-e-Giulio-Pranno-1536x1024.jpg 1536w, https:\/\/www.farecentronews.com\/wp-content\/uploads\/2024\/04\/Cesare-Bocci-e-Giulio-Pranno-2048x1365.jpg 2048w\" sizes=\"auto, (max-width: 1024px) 100vw, 1024px\" \/><\/a><\/figure>\n<\/div>\n\n\n<p class=\"wp-block-paragraph\">Un cast potente. Un testo denso di emozioni. Una trama che si dipana nel rapporto tra genitori e adolescenti. E&#8217; in scena al <strong>Teatro Parioli <\/strong>sinoal 7 aprile \u201cIl Figlio\u201d di <strong>Florian Zeller<\/strong>, traduzione e regia Piero Maccarinelli. Sul palco Cesare Bocci, Galatea Ranzi, Giulio Pranno, Marta Gastini, Riccardo Floris. Scene Carlo de Marino &#8211; costumi Gianluca Sbicca, musiche Antonio di Pofi, luci Javier Delle Monache. assistente alla regia Manuel Di Martino.<\/p>\n\n\n\n<p class=\"wp-block-paragraph\"><strong>La trilogia di Zeller<\/strong><br>\u201cIl testo di Florian Zeller fa parte di una trilogia <em>Il Padre<\/em>, <em>La Madre<\/em>, <em>Il Figlio,<\/em> testi non collegati fra loro se non dal numero dei personaggi (sei) e dalle implicazioni umane e sociali. Il Padre da me diretto in Italia con Haber nel ruolo del titolo \u00e8 poi diventato un film con Anthony Hopkins che ha vinto l\u2019Oscar e una sceneggiatura firmata da Zeller anche regista, e da Hampton che a sua volta ha vinto l\u2019Oscar. Anche il Figlio \u00e8 diventato un film sempre per la regia di Zeller con Hugh Jackman Laura Dern e Vanessa Kirby e una sicura sorpresa nel ruolo del figlio. Mentre nel Padre venivano analizzati i rapporti degli altri in rapporto all\u2019Alzheimer, qui Zeller ci conduce sapientemente per mano sul terreno delle incomprensioni generazionali all\u2019interno del nucleo familiare. La trama inizialmente \u00e8 semplice: Nicola frequenta l\u2019ultima classe del liceo e vive a casa della madre Anna. Suo padre Piero ha appena avuto un altro figlio con la sua nuova compagna Sofia. Anna informa il padre che Nicola da tre mesi non ha pi\u00f9 frequentato il liceo e secondo lei ha una depressione adolescenziale. Piero ne parla con Nicola che esprime il desiderio di andare a vivere da lui e Sofia. Piero a quel punto decide di cambiare la scuola a Nicola e si d\u00e0 da fare per quanto pu\u00f2 per ridare a Nicola il gusto di vivere. Qui mi fermo con quello che Zeller ci riserva. La trama \u00e8 semplice ma non il tessuto di emozioni, la voglia di svelare quel che spesso troppo spesso si nasconde. Sono le prime scene di un testo capace di conquistare grazie non solo alla bellezza del linguaggio ma alla capacit\u00e0 di introspezione, ai rimandi fra un personaggio e l\u2019altro, al manifestarsi delle loro debolezze delle loro incapacit\u00e0 di capire s\u00e9 stessi e gli altri. La vita in tutte le sue sfaccettature per piantare uno specchio nel cuore a tutti i genitori di un figlio adolescente. Non voglio svelare il grande colpo di scena del finale che spero emozioni gli spettatori. Rappresentato gi\u00e0 in moltissimi paesi \u00e8 un onore per me dirigere questo testo di Florian Zeller lucido intelligente e carico di emozioni un gran bel pezzo di teatro contemporaneo di parola\u201d &#8211; Note di Piero Maccarinelli.<em> (crediti immagini: in apertura, Gastini e Bocci sul palco, ph_Achille Le Pera; a seguire, Bocci e Pranno in una scena, courtesy of Ufficio Stampa Teatro Parioli)<\/em><\/p>\n\n\n\n<p class=\"wp-block-paragraph\"><strong>Il Figlio<\/strong><br>Sino al 7 aprile 2024<br>Teatro Parioli, ore 21<br>Via Giosu\u00e8 Borsi, 20 Roma<br><a href=\"http:\/\/www.ilparioli.it\/\">www.ilparioli.it<\/a><br><a href=\"mailto:biglietteria@ilparioli.it\">biglietteria@ilparioli.it<\/a> &#8211; info 06 5434851<br>Servizio WhatsApp 3517211283<br>Orari botteghino: dal luned\u00ec al gioved\u00ec 10.00 &#8211; 13.30 e 14.30 -18.30, venerd\u00ec 10.00 -13.30. Sabato e domenica chiuso. Biglietti: direttamente presso il botteghino; telefonicamente attraverso gli operatori, con carta di credito; Presso i <a href=\"https:\/\/shop.vivaticket.com\/ita\/ricercapv\">punti vendita<\/a> autorizzati; online sul sito di <a href=\"https:\/\/ilparioli.vivaticket.it\/\">Vivaticket<\/a><br>I possessori di card libera potranno scegliere il proprio posto nella <a href=\"https:\/\/www.ilparioli.it\/biglietteria\/card-libere\/\">sezione dedicata<\/a><\/p>\n","protected":false},"excerpt":{"rendered":"<p>Un cast potente. Un testo denso di emozioni. Una trama che si dipana nel rapporto tra genitori e adolescenti. E&#8217; in scena al Teatro Parioli sinoal 7 aprile \u201cIl Figlio\u201d di Florian Zeller, traduzione e regia Piero Maccarinelli. Sul palco Cesare Bocci, Galatea Ranzi, Giulio Pranno, Marta Gastini, Riccardo Floris. Scene Carlo de Marino &#8211; [&hellip;]<\/p>\n","protected":false},"author":5,"featured_media":8254,"comment_status":"closed","ping_status":"closed","sticky":false,"template":"","format":"standard","meta":{"footnotes":""},"categories":[5,33],"tags":[4082,3065,4083,86,696],"class_list":["post-8252","post","type-post","status-publish","format-standard","has-post-thumbnail","hentry","category-musica-spettacolo","category-teatro","tag-cesare-bocci","tag-galatea-ranzi","tag-il-figlio","tag-in-evidenza","tag-teatro-parioli"],"_links":{"self":[{"href":"https:\/\/www.farecentronews.com\/index.php?rest_route=\/wp\/v2\/posts\/8252","targetHints":{"allow":["GET"]}}],"collection":[{"href":"https:\/\/www.farecentronews.com\/index.php?rest_route=\/wp\/v2\/posts"}],"about":[{"href":"https:\/\/www.farecentronews.com\/index.php?rest_route=\/wp\/v2\/types\/post"}],"author":[{"embeddable":true,"href":"https:\/\/www.farecentronews.com\/index.php?rest_route=\/wp\/v2\/users\/5"}],"replies":[{"embeddable":true,"href":"https:\/\/www.farecentronews.com\/index.php?rest_route=%2Fwp%2Fv2%2Fcomments&post=8252"}],"version-history":[{"count":3,"href":"https:\/\/www.farecentronews.com\/index.php?rest_route=\/wp\/v2\/posts\/8252\/revisions"}],"predecessor-version":[{"id":8257,"href":"https:\/\/www.farecentronews.com\/index.php?rest_route=\/wp\/v2\/posts\/8252\/revisions\/8257"}],"wp:featuredmedia":[{"embeddable":true,"href":"https:\/\/www.farecentronews.com\/index.php?rest_route=\/wp\/v2\/media\/8254"}],"wp:attachment":[{"href":"https:\/\/www.farecentronews.com\/index.php?rest_route=%2Fwp%2Fv2%2Fmedia&parent=8252"}],"wp:term":[{"taxonomy":"category","embeddable":true,"href":"https:\/\/www.farecentronews.com\/index.php?rest_route=%2Fwp%2Fv2%2Fcategories&post=8252"},{"taxonomy":"post_tag","embeddable":true,"href":"https:\/\/www.farecentronews.com\/index.php?rest_route=%2Fwp%2Fv2%2Ftags&post=8252"}],"curies":[{"name":"wp","href":"https:\/\/api.w.org\/{rel}","templated":true}]}}