{"id":8217,"date":"2024-03-28T10:18:39","date_gmt":"2024-03-28T10:18:39","guid":{"rendered":"https:\/\/www.farecentronews.com\/?p=8217"},"modified":"2024-03-28T10:25:21","modified_gmt":"2024-03-28T10:25:21","slug":"napoli-ottocento-omaggio-ad-una-capitale-dellarte-alle-scuderie-del-quirinale","status":"publish","type":"post","link":"https:\/\/www.farecentronews.com\/?p=8217","title":{"rendered":"Napoli Ottocento. Omaggio ad una capitale dell&#8217;arte, alle scuderie del Quirinale"},"content":{"rendered":"<div class=\"wp-block-image\">\n<figure class=\"alignleft size-large is-resized\"><a href=\"https:\/\/www.farecentronews.com\/wp-content\/uploads\/2024\/03\/FIG-16-Gioacchino-Toma-scaled.jpg\"><img loading=\"lazy\" decoding=\"async\" width=\"1024\" height=\"631\" src=\"https:\/\/www.farecentronews.com\/wp-content\/uploads\/2024\/03\/FIG-16-Gioacchino-Toma-1024x631.jpg\" alt=\"\" class=\"wp-image-8221\" style=\"width:386px;height:auto\" srcset=\"https:\/\/www.farecentronews.com\/wp-content\/uploads\/2024\/03\/FIG-16-Gioacchino-Toma-1024x631.jpg 1024w, https:\/\/www.farecentronews.com\/wp-content\/uploads\/2024\/03\/FIG-16-Gioacchino-Toma-300x185.jpg 300w, https:\/\/www.farecentronews.com\/wp-content\/uploads\/2024\/03\/FIG-16-Gioacchino-Toma-768x473.jpg 768w, https:\/\/www.farecentronews.com\/wp-content\/uploads\/2024\/03\/FIG-16-Gioacchino-Toma-1536x946.jpg 1536w, https:\/\/www.farecentronews.com\/wp-content\/uploads\/2024\/03\/FIG-16-Gioacchino-Toma-2048x1262.jpg 2048w\" sizes=\"auto, (max-width: 1024px) 100vw, 1024px\" \/><\/a><\/figure>\n<\/div>\n\n\n<p class=\"wp-block-paragraph\">Con ben 250 opere, le Scuderie del Quirinale omaggiano una delle citt\u00e0 italiane che pi\u00f9 hanno contribuito all&#8217;arte in ambito di un dibattito europeo. Dal 27 marzo al 16 giugno, le sue prestigiose sale ospiteranno: Napoli Ottocento. Una citt\u00e0, Napoli, che per la sua eccezionale vitalit\u00e0, da sempre ha attratto artisti (dapprima europei) interessati da principio a scoprire le bellezze di Ercolano e Pompei, ma in seguito sedotti da Napoli e dalla Campania. La mostra, attraverso una ricchissima panoramica di dipinti, sculture, arti decorative, storia e scienza, offre una testimonianza preziosa di una tradizione artistica e culturale che s&#8217;inserisce in pieno nella cultura europea contemporanea. La multiforme natura della Campania ha ispirato, nel bene e nel male, artisti quali: <strong>Constantin Hansen, Silvestr \u0160\u010dedrin, Simon Denis, Karl B\u00f6hme, Ludwig Catel, William Turner, Thomas Jones, Thomas Fearnley, Eduard Hildebrandt, Hans von Mar\u00e9es, John Singer Sargent<\/strong>, i pittori naturalisti di Posillipo, Portici e Resina,<strong> Anton van Pitloo, Giuseppe De Nittis, Ercole e Giacinto Gigante, Teodoro Ducl\u00e8re e Salvatore Fergola.<\/strong><\/p>\n\n\n<div class=\"wp-block-image\">\n<figure class=\"alignright size-large is-resized\"><a href=\"https:\/\/www.farecentronews.com\/wp-content\/uploads\/2024\/03\/FIG-20-Edgar-Degas-scaled.jpg\"><img loading=\"lazy\" decoding=\"async\" width=\"769\" height=\"1024\" src=\"https:\/\/www.farecentronews.com\/wp-content\/uploads\/2024\/03\/FIG-20-Edgar-Degas-769x1024.jpg\" alt=\"\" class=\"wp-image-8222\" style=\"width:329px;height:auto\" srcset=\"https:\/\/www.farecentronews.com\/wp-content\/uploads\/2024\/03\/FIG-20-Edgar-Degas-769x1024.jpg 769w, https:\/\/www.farecentronews.com\/wp-content\/uploads\/2024\/03\/FIG-20-Edgar-Degas-225x300.jpg 225w, https:\/\/www.farecentronews.com\/wp-content\/uploads\/2024\/03\/FIG-20-Edgar-Degas-768x1022.jpg 768w, https:\/\/www.farecentronews.com\/wp-content\/uploads\/2024\/03\/FIG-20-Edgar-Degas-1154x1536.jpg 1154w, https:\/\/www.farecentronews.com\/wp-content\/uploads\/2024\/03\/FIG-20-Edgar-Degas-1539x2048.jpg 1539w, https:\/\/www.farecentronews.com\/wp-content\/uploads\/2024\/03\/FIG-20-Edgar-Degas-scaled.jpg 1923w\" sizes=\"auto, (max-width: 769px) 100vw, 769px\" \/><\/a><\/figure>\n<\/div>\n\n\n<p class=\"wp-block-paragraph\">Una menzione particolare merita la figura di <strong>Edgar Degas<\/strong>, che definendosi un pittore realista e non impressionista, vantava origini napoletane da parte di padre e ne parlava perfettamente l&#8217;idioma, avendo passato gran parte della sua giovinezza a Napoli. Grazie ai generosi contributi del Mus\u00e9e d\u2019Orsay, dell\u2019Art Institute di Chicago e del Cleveland Museum of Art i visitatori potranno ammirare riuniti cinque celebri capolavori del \u2018Degas napoletano\u2019, oltre all\u2019emblematica \u2018<em>Veduta di Castel Sant\u2019Elmo da Capodimonte<\/em>\u2019 del Fitzwilliam Museum di Cambridge, esposta raramente. Proseguendo poi attraverso le tematiche ottocentesche, la mostra propone tre sezioni decisive alla tematica dell\u2019immaginario storicista neo-pompeiano che reinventa temi o diffonde lo stile dei manufatti rinvenuti nelle citt\u00e0 sepolte e che influenzer\u00e0 le opere di <strong>Domenico Morelli<\/strong>. Un flusso artistico che nel corso degli anni sfocer\u00e0 in contraddizioni attraverso le ricerche materiche di autori come <strong>Medardo Rosso<\/strong> e <strong>Antonio Mancini<\/strong>. E in questo percorso &#8220;Dal Sublime alla Materia&#8221;, troviamo un interessante schema di lettura dell&#8217;arte a Napoli nell&#8217;Ottocento, dove il crudo e brutale paesaggio lavico assurge a spettacolo della natura, intriso di una sua devastante e incontestabile bellezza.<br>\u201c<em>La mostra<\/em>&#8221; &#8211; nelle parole di Matteo Lafranconi, direttore delle Scuderie del Quirinale &#8211; <em>&#8220;\u00e8 il prodotto di un infaticabile lavoro di selezione e ricerca da parte del team curatoriale e organizzativo: un grande tributo alla civilt\u00e0 figurativa napoletana, alla sua perdurante vitalit\u00e0, alla sua ineguagliabile capacit\u00e0 di seduzione nei confronti dell\u2019Europa intera e non solo<\/em>\u201d.<br><strong><em>Dal 27 marzo al 16 giugno 2024<\/em><\/strong><br><strong>Napoli Ottocento<\/strong><br>Scuderie del Quirinale &#8211; Via Ventiquattro Maggio, 16 &#8211; Roma<br><a href=\"http:\/\/www.scuderiequirinale.it\"><u>www.scuderiequirinale.it<\/u><\/a><\/p>\n\n\n\n<p class=\"wp-block-paragraph\"><\/p>\n\n\n\n<p class=\"wp-block-paragraph\"><\/p>\n","protected":false},"excerpt":{"rendered":"<p>Con ben 250 opere, le Scuderie del Quirinale omaggiano una delle citt\u00e0 italiane che pi\u00f9 hanno contribuito all&#8217;arte in ambito di un dibattito europeo. Dal 27 marzo al 16 giugno, le sue prestigiose sale ospiteranno: Napoli Ottocento. Una citt\u00e0, Napoli, che per la sua eccezionale vitalit\u00e0, da sempre ha attratto artisti (dapprima europei) interessati da [&hellip;]<\/p>\n","protected":false},"author":3,"featured_media":8220,"comment_status":"closed","ping_status":"closed","sticky":false,"template":"","format":"standard","meta":{"footnotes":""},"categories":[3,30],"tags":[4068,239,734,86,4069,4067,3787,333],"class_list":["post-8217","post","type-post","status-publish","format-standard","has-post-thumbnail","hentry","category-arte-cultura","category-mostre","tag-antonio-mancini","tag-carlo-valenti","tag-edgar-degas","tag-in-evidenza","tag-matteo-lafranconi","tag-napoli-ottocento","tag-pittura","tag-scuderie-del-quirinale"],"_links":{"self":[{"href":"https:\/\/www.farecentronews.com\/index.php?rest_route=\/wp\/v2\/posts\/8217","targetHints":{"allow":["GET"]}}],"collection":[{"href":"https:\/\/www.farecentronews.com\/index.php?rest_route=\/wp\/v2\/posts"}],"about":[{"href":"https:\/\/www.farecentronews.com\/index.php?rest_route=\/wp\/v2\/types\/post"}],"author":[{"embeddable":true,"href":"https:\/\/www.farecentronews.com\/index.php?rest_route=\/wp\/v2\/users\/3"}],"replies":[{"embeddable":true,"href":"https:\/\/www.farecentronews.com\/index.php?rest_route=%2Fwp%2Fv2%2Fcomments&post=8217"}],"version-history":[{"count":6,"href":"https:\/\/www.farecentronews.com\/index.php?rest_route=\/wp\/v2\/posts\/8217\/revisions"}],"predecessor-version":[{"id":8227,"href":"https:\/\/www.farecentronews.com\/index.php?rest_route=\/wp\/v2\/posts\/8217\/revisions\/8227"}],"wp:featuredmedia":[{"embeddable":true,"href":"https:\/\/www.farecentronews.com\/index.php?rest_route=\/wp\/v2\/media\/8220"}],"wp:attachment":[{"href":"https:\/\/www.farecentronews.com\/index.php?rest_route=%2Fwp%2Fv2%2Fmedia&parent=8217"}],"wp:term":[{"taxonomy":"category","embeddable":true,"href":"https:\/\/www.farecentronews.com\/index.php?rest_route=%2Fwp%2Fv2%2Fcategories&post=8217"},{"taxonomy":"post_tag","embeddable":true,"href":"https:\/\/www.farecentronews.com\/index.php?rest_route=%2Fwp%2Fv2%2Ftags&post=8217"}],"curies":[{"name":"wp","href":"https:\/\/api.w.org\/{rel}","templated":true}]}}