{"id":8211,"date":"2024-03-28T08:48:42","date_gmt":"2024-03-28T08:48:42","guid":{"rendered":"https:\/\/www.farecentronews.com\/?p=8211"},"modified":"2024-03-28T08:48:43","modified_gmt":"2024-03-28T08:48:43","slug":"who-is-sabato-de-sarno-a-gucci-story-scopriamo-su-mubi-il-nuovo-direttore-creativo-della-maison","status":"publish","type":"post","link":"https:\/\/www.farecentronews.com\/?p=8211","title":{"rendered":"Who is Sabato De Sarno? A Gucci Story. Scopriamo su Mubi il nuovo Direttore Creativo della Maison"},"content":{"rendered":"<div class=\"wp-block-image\">\n<figure class=\"alignleft size-large is-resized\"><a href=\"https:\/\/www.farecentronews.com\/wp-content\/uploads\/2024\/03\/sabato-de-sarno-GUCC-fullI.png\"><img loading=\"lazy\" decoding=\"async\" width=\"693\" height=\"1024\" src=\"https:\/\/www.farecentronews.com\/wp-content\/uploads\/2024\/03\/sabato-de-sarno-GUCC-fullI-693x1024.png\" alt=\"\" class=\"wp-image-8214\" style=\"width:356px;height:auto\" srcset=\"https:\/\/www.farecentronews.com\/wp-content\/uploads\/2024\/03\/sabato-de-sarno-GUCC-fullI-693x1024.png 693w, https:\/\/www.farecentronews.com\/wp-content\/uploads\/2024\/03\/sabato-de-sarno-GUCC-fullI-203x300.png 203w, https:\/\/www.farecentronews.com\/wp-content\/uploads\/2024\/03\/sabato-de-sarno-GUCC-fullI.png 727w\" sizes=\"auto, (max-width: 693px) 100vw, 693px\" \/><\/a><\/figure>\n<\/div>\n\n\n<p class=\"wp-block-paragraph\">La nuova era della Maison Gucci \u00e8 iniziata. Con l&#8217;arrivo del nuovo Direttore Creativo <strong>Sabato De Sarno<\/strong>, la prima sfilata <strong>Gucci Ancora<\/strong> ha fatto nei mesi scorsi il giro del mondo per visualizzazioni e consensi sui canali social. Un trionfo di stilemi iconici reinterpretati sapientemente dalla creativit\u00e0 del Designer italiano: come il magnifico rosso <em>burgundy<\/em> sulle gonne midi in vera pelle dai vertiginosi spacchi o i capispalla arricchiti da applicazioni di paillettes. Un inno all&#8217;eleganza che \u00e8 finalmente svelato nel dietro le quinte con il documentario <em><strong>Who is Sabato De Sarno \u2013 A Gucci Story<\/strong><\/em> in esclusiva su MUBI, la piattaforma di streaming globale per gli appassionati di cinema, disponibile in 190 paesi, con oltre 15 milioni di iscritti in tutto il mondo.<\/p>\n\n\n\n<p class=\"wp-block-paragraph\"><strong>Inno alla Moda<\/strong><br><em>Who is Sabato de Sarno? &#8211; A Gucci Story,<\/em> \u00e8 un documentario diretto da Ariel Schulman e Henry Joost, che offre un viaggio inedito nel mondo dello show <em>Gucci Ancora<\/em>, la sfilata di debutto del nuovo Direttore Creativo della Maison. In anteprima in esclusiva mondiale su MUBI e gi\u00e0 disponibile per lo streaming, il cortometraggio di 20 minuti \u00e8 narrato dall&#8217;attore e testimonial Paul Mescal. Frame dopo frame, il filmato si addentra nel regno visionario della collezione inaugurale del Direttore Creativo, per svelare dettagli mai visti prima, tessendo una narrazione intima che trascende i confini della passerella. Sottolineando il lavoro di squadra come plus fondamentale, il film mostra gli sforzi di collaborazione di Sabato De Sarno e del suo team, sottolineando la passione e la dedizione collettiva che c&#8217;\u00e8 dietro ogni processo creativo. Il film cattura l&#8217;essenza del fascino del mondo della moda, invitando il pubblico a esplorare la magia che si cela dietro le quinte e a conoscere il nuovo Direttore Creativo di Gucci, che condivide la sua esperienza personale, rivelando le sue passioni e la sua visione del marchio iconico. Dall&#8217;inizio del processo creativo alla meticolosa esecuzione dietro le quinte, il film presenta una prospettiva unica sulle storie non raccontate che hanno plasmato <em>Gucci Ancora<\/em>.<\/p>\n\n\n\n<p class=\"wp-block-paragraph\"><strong>Al cinema e in volo nel mondo<\/strong><br>In seguito all&#8217;anteprima su MUBI e in concomitanza con l&#8217;arrivo della collezione nei negozi, Gucci ospiter\u00e0 proiezioni nelle principali citt\u00e0 del mondo, consentendo al grande pubblico di sperimentare <em>Gucci Ancora<\/em> sul grande schermo. Per la prima volta nel settore della moda e del lusso, sar\u00e0 disponibile una versione arricchita di <em>Apple Vision Pro<\/em>, che permette agli spettatori di immergersi nella bellezza e nella maestria della sfilata. Inoltre, in collaborazione con Air France, la Maison render\u00e0 disponibile <em>Who is Sabato de Sarno? &#8211; A Gucci Story<\/em>, disponibile su tutti i voli per tutto il mese di aprile. Produzione: Moxie Pictures.<\/p>\n\n\n\n<p class=\"wp-block-paragraph\"><strong>Gucci Story<\/strong><br>Fondato a Firenze nel 1921, Gucci \u00e8 uno dei marchi di lusso pi\u00f9 importanti al mondo. In seguito al centenario del marchio, Gucci continua a ridefinire il lusso celebrando la creativit\u00e0, l&#8217;artigianato italiano e l&#8217;innovazione. Gucci fa parte del gruppo globale del lusso Kering, che gestisce rinomate case di moda, pelletteria, gioielleria e occhiali. <em>(courtesy of Fosforo Press\/Ufficio Stampa di Mubi Italia)<\/em><br><a href=\"http:\/\/www.gucci.com\/\"><strong>www.gucci.com<\/strong><\/a><br><a href=\"https:\/\/mubi.com\/it\/it\/films\/who-is-sabato-de-sarno-a-gucci-story\"><strong>mubi.com\/it\/it\/films\/who-is-sabato-de-sarno-a-gucci-story<\/strong><\/a><br><a href=\"https:\/\/mubi.com\/it\/films\/who-is-sabato-de-sarno-a-gucci-story\/trailer\"><strong>mubi.com\/it\/films\/who-is-sabato-de-sarno-a-gucci-story\/trailer<\/strong><\/a><\/p>\n","protected":false},"excerpt":{"rendered":"<p>La nuova era della Maison Gucci \u00e8 iniziata. Con l&#8217;arrivo del nuovo Direttore Creativo Sabato De Sarno, la prima sfilata Gucci Ancora ha fatto nei mesi scorsi il giro del mondo per visualizzazioni e consensi sui canali social. Un trionfo di stilemi iconici reinterpretati sapientemente dalla creativit\u00e0 del Designer italiano: come il magnifico rosso burgundy [&hellip;]<\/p>\n","protected":false},"author":4,"featured_media":8213,"comment_status":"closed","ping_status":"closed","sticky":false,"template":"","format":"standard","meta":{"footnotes":""},"categories":[35,1],"tags":[4065,86,243,681,4066,4064],"class_list":["post-8211","post","type-post","status-publish","format-standard","has-post-thumbnail","hentry","category-fashion-news","category-moda-shopping","tag-gucci-ancora","tag-in-evidenza","tag-marina-de-benedictis","tag-moda","tag-mubi","tag-sabato-de-sarno"],"_links":{"self":[{"href":"https:\/\/www.farecentronews.com\/index.php?rest_route=\/wp\/v2\/posts\/8211","targetHints":{"allow":["GET"]}}],"collection":[{"href":"https:\/\/www.farecentronews.com\/index.php?rest_route=\/wp\/v2\/posts"}],"about":[{"href":"https:\/\/www.farecentronews.com\/index.php?rest_route=\/wp\/v2\/types\/post"}],"author":[{"embeddable":true,"href":"https:\/\/www.farecentronews.com\/index.php?rest_route=\/wp\/v2\/users\/4"}],"replies":[{"embeddable":true,"href":"https:\/\/www.farecentronews.com\/index.php?rest_route=%2Fwp%2Fv2%2Fcomments&post=8211"}],"version-history":[{"count":2,"href":"https:\/\/www.farecentronews.com\/index.php?rest_route=\/wp\/v2\/posts\/8211\/revisions"}],"predecessor-version":[{"id":8215,"href":"https:\/\/www.farecentronews.com\/index.php?rest_route=\/wp\/v2\/posts\/8211\/revisions\/8215"}],"wp:featuredmedia":[{"embeddable":true,"href":"https:\/\/www.farecentronews.com\/index.php?rest_route=\/wp\/v2\/media\/8213"}],"wp:attachment":[{"href":"https:\/\/www.farecentronews.com\/index.php?rest_route=%2Fwp%2Fv2%2Fmedia&parent=8211"}],"wp:term":[{"taxonomy":"category","embeddable":true,"href":"https:\/\/www.farecentronews.com\/index.php?rest_route=%2Fwp%2Fv2%2Fcategories&post=8211"},{"taxonomy":"post_tag","embeddable":true,"href":"https:\/\/www.farecentronews.com\/index.php?rest_route=%2Fwp%2Fv2%2Ftags&post=8211"}],"curies":[{"name":"wp","href":"https:\/\/api.w.org\/{rel}","templated":true}]}}