{"id":8182,"date":"2024-03-16T18:02:55","date_gmt":"2024-03-16T18:02:55","guid":{"rendered":"https:\/\/www.farecentronews.com\/?p=8182"},"modified":"2024-03-16T18:02:56","modified_gmt":"2024-03-16T18:02:56","slug":"allauditorium-parco-della-musica-si-inaugura-la-nuova-rassegna-libri-come","status":"publish","type":"post","link":"https:\/\/www.farecentronews.com\/?p=8182","title":{"rendered":"All&#8217;Auditorium Parco della Musica si inaugura la nuova rassegna: Libri Come"},"content":{"rendered":"\n<p class=\"wp-block-paragraph\">Torna all\u2019Auditorium Parco della Musica Ennio Morricone, dal 22 al 24 marzo, \u201cLibri Come. La Festa del Libro e della Lettura\u201d a cura di Michele De Mieri, Rosa Polacco e Marino Sinibaldi: incontri, lezioni, dialoghi, spettacoli, mostre con tanti nomi della letteratura italiana e mondiale raccolti in un grande festival prodotto dalla <strong>Fondazione Musica per Roma<\/strong>. Per l\u2019edizione numero XV Libri Come ha scelto come parola guida, come bussola di molti dei suoi incontri, la parola <strong>UMANIT\u00c0<\/strong>.<br>Come avviene da alcuni anni <strong>l\u2019inaugurazione \u00e8 doppia<\/strong>: una la mattina in otto scuole superiori della citt\u00e0 dove andranno otto scrittori e scrittrici (<strong>Caterina Bonvicini, Laura Buffoni, Annalisa Camilli e Giulia Caminito, Mauro Covacich, Piero Dorfles, Polo Pecere, Romana Petri, Licia Troisi<\/strong>) a presentare i loro libri, incontrando insegnanti e studenti; nel pomeriggio del venerd\u00ec 22 marzo si continua nelle sale dell\u2019Auditorium, dove si comincia con i primi incontri che ci accompagneranno per tre giorni, fino a domenica sera. Come sempre molti sono gli autori internazionali che animeranno questa edizione: <strong>Asmaa Alghoul, Julian Barnes, Elif Batuman, Boris Belenkin, \u00c0ngeles Caso, David Grossman, Gohar Homayounpour, Raphael Kraftt, Etgar Keret, Andrej Kurkov, Bjorn Larsson, Alex Mar, Ottesa Moshfegh, Selim Nassib, Sofi Oksanen, Selby Wynn Schwartz, Tamar Weiss-Gabbay<\/strong>.<br>Della <strong>situazione israelo palestinese<\/strong> dopo l\u2019attacco del 7 ottobre da parte di Hamas e della reazione di Israele parleranno <strong>Etgar Keret, David Grossman<\/strong> (<em>La pace \u00e8 l\u2019unica strada<\/em>), <strong>Tamar Weiss-Gabbay <\/strong><em>(La meteorologa),<\/em><strong> Asmaa Alghoul e Selim Nassib<\/strong> (autori di <em>La ribelle di Gaza<\/em>).<\/p>\n\n\n\n<p class=\"wp-block-paragraph\">Il <strong>conflitto tra Russia e Ucraina<\/strong>, la vicenda di Navalny, saranno al centro degli interventi di <strong>Andrej Kurkov e Boris Belenkin<\/strong>: il primo \u00e8 il pi\u00f9 importante scrittore ucraino, il secondo, scrittore e attivista, \u00e8 il Premio Nobel per la pace 2022 per il lavoro di conservazione della biblioteca delle biografie di Memorial. Di cultura russa parler\u00e0 poi <strong>Paolo Nori<\/strong> nella sua lezione.<br>Della <strong>persecuzione e uccisione delle donne<\/strong> si occuperanno, in vari contesti, gli incontri con la psicanalista iraniana <strong>Gohar Homayounpour<\/strong> (<em>Blues a Teheran<\/em>), con la scrittrice e drammaturga finlandese <strong>Sofi Oksanen<\/strong> (autrice di <em>Contro le donne. Lo stupro come arma di guerra<\/em>), e quello con la scrittrice americana <strong>Selby Wynn Schwartz<\/strong>, <em>Le figlie di Saffo<\/em> (Libro dell\u2019anno per il New York Times Book Review). In questo contesto Libri Come accoglie anche la presentazione del libro che <strong>Gino Cecchettin<\/strong> ha dedicato alla figlia Giulia.<br>Da non perdere poi gli incontri con <strong>Elif Batuman e Ottessa Moshfegh<\/strong>, due delle pi\u00f9 brillanti autrici della recente letteratura americana, a <strong>Libri Come<\/strong> presentano, rispettivamente <em>Aut-Aut<\/em> e <em>McGlue<\/em>. Cos\u00ec come si annuncia molto interessante quello con la spagnola <strong>\u00c0ngeles Caso<\/strong>, autrice di un romanzo imperniato sulle vicende delle sorelle Bront\u00eb (<em>Tutto questo fuoco<\/em>).<br><strong>All\u2019evento finale, <\/strong><em>Come restare umani in tempo di guerra?<\/em>, domenica 24 alle 18.30, dedicato ai due fronti dove si combatte in questi mesi, prenderanno parte <strong>Andrej Kurkov, Etgar Keret e Francesca Manocchi<\/strong>, insieme a Marino Sinibaldi. A seguire, nella Sala Sinopoli, <strong>Ascanio Celestini<\/strong> per la rassegna <em>Storie e Controstorie<\/em>, porter\u00e0 in scena <em>Toni Mafioso<\/em>.<br>Dal 22 al 24 marzo 2024<br>Auditorium Parco della Musica Ennio Morricone<br>Via Pietro de Coubertin, 30<br><a href=\"\/\/www.auditorium.com\/it\">www.https:\/\/www.auditorium.com\/it<\/a><\/p>\n\n\n\n<p class=\"wp-block-paragraph\"><\/p>\n","protected":false},"excerpt":{"rendered":"<p>Torna all\u2019Auditorium Parco della Musica Ennio Morricone, dal 22 al 24 marzo, \u201cLibri Come. La Festa del Libro e della Lettura\u201d a cura di Michele De Mieri, Rosa Polacco e Marino Sinibaldi: incontri, lezioni, dialoghi, spettacoli, mostre con tanti nomi della letteratura italiana e mondiale raccolti in un grande festival prodotto dalla Fondazione Musica per [&hellip;]<\/p>\n","protected":false},"author":5,"featured_media":8184,"comment_status":"closed","ping_status":"closed","sticky":false,"template":"","format":"standard","meta":{"footnotes":""},"categories":[31,3],"tags":[3205,3789,86,4054],"class_list":["post-8182","post","type-post","status-publish","format-standard","has-post-thumbnail","hentry","category-appuntamenti-culturali","category-arte-cultura","tag-ascanio-celestini","tag-auditorium-parco-della-musica-ennio-morricone","tag-in-evidenza","tag-libri-come"],"_links":{"self":[{"href":"https:\/\/www.farecentronews.com\/index.php?rest_route=\/wp\/v2\/posts\/8182","targetHints":{"allow":["GET"]}}],"collection":[{"href":"https:\/\/www.farecentronews.com\/index.php?rest_route=\/wp\/v2\/posts"}],"about":[{"href":"https:\/\/www.farecentronews.com\/index.php?rest_route=\/wp\/v2\/types\/post"}],"author":[{"embeddable":true,"href":"https:\/\/www.farecentronews.com\/index.php?rest_route=\/wp\/v2\/users\/5"}],"replies":[{"embeddable":true,"href":"https:\/\/www.farecentronews.com\/index.php?rest_route=%2Fwp%2Fv2%2Fcomments&post=8182"}],"version-history":[{"count":1,"href":"https:\/\/www.farecentronews.com\/index.php?rest_route=\/wp\/v2\/posts\/8182\/revisions"}],"predecessor-version":[{"id":8183,"href":"https:\/\/www.farecentronews.com\/index.php?rest_route=\/wp\/v2\/posts\/8182\/revisions\/8183"}],"wp:featuredmedia":[{"embeddable":true,"href":"https:\/\/www.farecentronews.com\/index.php?rest_route=\/wp\/v2\/media\/8184"}],"wp:attachment":[{"href":"https:\/\/www.farecentronews.com\/index.php?rest_route=%2Fwp%2Fv2%2Fmedia&parent=8182"}],"wp:term":[{"taxonomy":"category","embeddable":true,"href":"https:\/\/www.farecentronews.com\/index.php?rest_route=%2Fwp%2Fv2%2Fcategories&post=8182"},{"taxonomy":"post_tag","embeddable":true,"href":"https:\/\/www.farecentronews.com\/index.php?rest_route=%2Fwp%2Fv2%2Ftags&post=8182"}],"curies":[{"name":"wp","href":"https:\/\/api.w.org\/{rel}","templated":true}]}}