{"id":8165,"date":"2024-03-15T17:13:39","date_gmt":"2024-03-15T17:13:39","guid":{"rendered":"https:\/\/www.farecentronews.com\/?p=8165"},"modified":"2024-03-15T17:51:31","modified_gmt":"2024-03-15T17:51:31","slug":"anteprime-fashion-limpalpabile-mondo-di-susan-fang","status":"publish","type":"post","link":"https:\/\/www.farecentronews.com\/?p=8165","title":{"rendered":"Anteprime Fashion. L&#8217;impalpabile mondo di Susan Fang"},"content":{"rendered":"<div class=\"wp-block-image\">\n<figure class=\"alignleft size-large is-resized\"><a href=\"https:\/\/www.farecentronews.com\/wp-content\/uploads\/2024\/03\/FOTO-2_Susan-Fang-AW24-by-Jess-Segal_135-1-scaled.jpg\"><img loading=\"lazy\" decoding=\"async\" width=\"819\" height=\"1024\" src=\"https:\/\/www.farecentronews.com\/wp-content\/uploads\/2024\/03\/FOTO-2_Susan-Fang-AW24-by-Jess-Segal_135-1-819x1024.jpg\" alt=\"\" class=\"wp-image-8168\" style=\"width:351px;height:auto\" srcset=\"https:\/\/www.farecentronews.com\/wp-content\/uploads\/2024\/03\/FOTO-2_Susan-Fang-AW24-by-Jess-Segal_135-1-819x1024.jpg 819w, https:\/\/www.farecentronews.com\/wp-content\/uploads\/2024\/03\/FOTO-2_Susan-Fang-AW24-by-Jess-Segal_135-1-240x300.jpg 240w, https:\/\/www.farecentronews.com\/wp-content\/uploads\/2024\/03\/FOTO-2_Susan-Fang-AW24-by-Jess-Segal_135-1-768x960.jpg 768w, https:\/\/www.farecentronews.com\/wp-content\/uploads\/2024\/03\/FOTO-2_Susan-Fang-AW24-by-Jess-Segal_135-1-1229x1536.jpg 1229w, https:\/\/www.farecentronews.com\/wp-content\/uploads\/2024\/03\/FOTO-2_Susan-Fang-AW24-by-Jess-Segal_135-1-1638x2048.jpg 1638w, https:\/\/www.farecentronews.com\/wp-content\/uploads\/2024\/03\/FOTO-2_Susan-Fang-AW24-by-Jess-Segal_135-1-scaled.jpg 2048w\" sizes=\"auto, (max-width: 819px) 100vw, 819px\" \/><\/a><\/figure>\n<\/div>\n\n\n<p class=\"wp-block-paragraph\">Le ali di una libellula. I petali di un fiore. La trasparenza di una medusa. Le sfumature dell&#8217;unicorno. L&#8217;albeggiare sul mare. I colori dell&#8217;acqua. Sembrano essere queste forme impalpabili e meravigliose, le fonti di ispirazione di <strong>Susan Fang<\/strong> nella sua ultima <strong>Collezione Autunno\/Inverno 2024<\/strong> <strong>Air-Home<\/strong>. La Stilista di origini cinesi realizza le sue affascinanti creazioni unendo l&#8217;innovazione tecnica ai principi della Natura, in un originalissimo mix di forme carezzevoli e ordinatamente geometriche fatte di tessuti sostenibili sapientemente lavorati in intrecci, reti, sovrapposizioni. Le creazioni della Designer risentono senza dubbio dei suoi studi universitari, per la sottile percezione della bellezza intesa come insieme di forme algoritmiche presenti in natura: nelle piante, nelle galassie, nelle conchiglie o nel profilo delle coste marine. Il risultato, a ogni sfilata, \u00e8 sorprendente. Sembra di fluttuare in un sogno dove tutto \u00e8 leggero, trasparente, soft. Un romanticismo fuori dagli schemi con un personalissimo tocco in stile gotico quando la palette arcobaleno scopre le incursioni dark.<\/p>\n\n\n\n<p class=\"wp-block-paragraph\"><strong>Armonia di contrasti<\/strong><br>Nel panorama internazionale del fashion, Susan spicca per la sua creativit\u00e0 peculiare: fatta di crinoline, applicazioni, perline, pizzi, chiffon, circonvoluzioni di tulle dove emerge la tradizione del fatto a mano e al contempo l&#8217;hi-tech nella lavorazione dei tessuti a laser, in una inaspettata armonia di contrasti che si rivela soprattutto nei dettagli. Come i fiori cristallini che emergono sulle sneakers sportive, gli obl\u00f2 strategici decorati da perline, le minibag trasparenti, i choker <em>glass\u00e9<\/em>, gli abiti midi a strati o i pull multicolor con le maniche a palloncino, le cuffiette e gli orecchini effetto <em>ice<\/em>, gli ecopiumini con impunture <em>puffy<\/em>. Per stupirci e farci entrare nel suo mondo: impalpabile ma concreto.<em> (crediti immagini_courtesy of Susan Fang Press Office: in apertura una magnifica camicia con applicazioni di fiori, Susan Fang AW24 ph_ Jess Segal; a seguire, le caratteristiche sfumature di colori, l&#8217;effetto ice degli accessori e un tocco dark, Susan Fang AW24_ ph Jess Segal; nel backstage della sfilata Susan Fang A\/W24 per ammirare i dettagli in contrasto, ph_Wee Yang)<\/em><\/p>\n\n\n<div class=\"wp-block-image\">\n<figure class=\"alignright size-large is-resized\"><a href=\"https:\/\/www.farecentronews.com\/wp-content\/uploads\/2024\/03\/FOTO-TRE_PH_WEE-YANG_DSC00685-1-scaled.jpg\"><img loading=\"lazy\" decoding=\"async\" width=\"819\" height=\"1024\" src=\"https:\/\/www.farecentronews.com\/wp-content\/uploads\/2024\/03\/FOTO-TRE_PH_WEE-YANG_DSC00685-1-819x1024.jpg\" alt=\"\" class=\"wp-image-8169\" style=\"width:288px;height:auto\" srcset=\"https:\/\/www.farecentronews.com\/wp-content\/uploads\/2024\/03\/FOTO-TRE_PH_WEE-YANG_DSC00685-1-819x1024.jpg 819w, https:\/\/www.farecentronews.com\/wp-content\/uploads\/2024\/03\/FOTO-TRE_PH_WEE-YANG_DSC00685-1-240x300.jpg 240w, https:\/\/www.farecentronews.com\/wp-content\/uploads\/2024\/03\/FOTO-TRE_PH_WEE-YANG_DSC00685-1-768x960.jpg 768w, https:\/\/www.farecentronews.com\/wp-content\/uploads\/2024\/03\/FOTO-TRE_PH_WEE-YANG_DSC00685-1-1229x1536.jpg 1229w, https:\/\/www.farecentronews.com\/wp-content\/uploads\/2024\/03\/FOTO-TRE_PH_WEE-YANG_DSC00685-1-1638x2048.jpg 1638w, https:\/\/www.farecentronews.com\/wp-content\/uploads\/2024\/03\/FOTO-TRE_PH_WEE-YANG_DSC00685-1-scaled.jpg 2048w\" sizes=\"auto, (max-width: 819px) 100vw, 819px\" \/><\/a><\/figure>\n<\/div>\n\n\n<p class=\"wp-block-paragraph\"><strong>Susan Fang_bio<\/strong><br>Di origine cinese, Susan Fang \u00e8 cresciuta in Canada e negli Stati Uniti, per poi trasferirsi a Londra per studiare moda alla Central Saint Martins. In seguito alle sue esperienze lavorative presso le case di moda Kei Kagami, C\u00e9line e Stella McCartney, Susan ha voluto lanciare il suo marchio personale per tradurre la sua visione del mondo e concretizzarla attraverso la moda. Ha lanciato la sua etichetta omonima nel 2017 dopo la laurea alla Central Saint Martins. Con un focus sulla percezione e sulla matematica, ogni collezione combina tessuti, colori e silhouette innovativi per creare capi e accessori con originalit\u00e0 artistica. Susan si ispira a concetti legati alla percezione della bellezza e al fascino istintivo della natura e degli onnipresenti frattali. Il marchio si concentra sull&#8217;innovazione nel settore tessile e sullo sviluppo di metodi di pratiche sostenibili nell&#8217;ambito della progettazione e della produzione, sull&#8217;artigianato e sulla produzione artigianale. Susan \u00e8 stata costantemente riconosciuta dai professionisti del settore ed \u00e8 stata selezionata per Forbes 30, Under 30 nel 2019 e 2020. \u00c8 stata anche selezionata per il Premio LVMH. Susan Fang \u00e8 un brand rifornito a livello internazionale presso i prestigiosi rivenditori REVOLVE, BEAMS, IT CHINA, IT HONG KONG, 10CC, EQL and MYTHERESA. (fonte:<a href=\"http:\/\/www.susanfangofficial.com\/\"><strong>www.susanfangofficial.com<\/strong><\/a>)<br>IG:<strong> <a href=\"http:\/\/www.instagram.com\/susanfangofficial\">www.instagram.com\/susanfangofficial<\/a><\/strong><\/p>\n","protected":false},"excerpt":{"rendered":"<p>Le ali di una libellula. I petali di un fiore. La trasparenza di una medusa. Le sfumature dell&#8217;unicorno. L&#8217;albeggiare sul mare. I colori dell&#8217;acqua. Sembrano essere queste forme impalpabili e meravigliose, le fonti di ispirazione di Susan Fang nella sua ultima Collezione Autunno\/Inverno 2024 Air-Home. La Stilista di origini cinesi realizza le sue affascinanti creazioni [&hellip;]<\/p>\n","protected":false},"author":4,"featured_media":8171,"comment_status":"closed","ping_status":"closed","sticky":false,"template":"","format":"standard","meta":{"footnotes":""},"categories":[35,1],"tags":[86,243,1894,4050],"class_list":["post-8165","post","type-post","status-publish","format-standard","has-post-thumbnail","hentry","category-fashion-news","category-moda-shopping","tag-in-evidenza","tag-marina-de-benedictis","tag-moda-in-asia","tag-susan-fang"],"_links":{"self":[{"href":"https:\/\/www.farecentronews.com\/index.php?rest_route=\/wp\/v2\/posts\/8165","targetHints":{"allow":["GET"]}}],"collection":[{"href":"https:\/\/www.farecentronews.com\/index.php?rest_route=\/wp\/v2\/posts"}],"about":[{"href":"https:\/\/www.farecentronews.com\/index.php?rest_route=\/wp\/v2\/types\/post"}],"author":[{"embeddable":true,"href":"https:\/\/www.farecentronews.com\/index.php?rest_route=\/wp\/v2\/users\/4"}],"replies":[{"embeddable":true,"href":"https:\/\/www.farecentronews.com\/index.php?rest_route=%2Fwp%2Fv2%2Fcomments&post=8165"}],"version-history":[{"count":2,"href":"https:\/\/www.farecentronews.com\/index.php?rest_route=\/wp\/v2\/posts\/8165\/revisions"}],"predecessor-version":[{"id":8170,"href":"https:\/\/www.farecentronews.com\/index.php?rest_route=\/wp\/v2\/posts\/8165\/revisions\/8170"}],"wp:featuredmedia":[{"embeddable":true,"href":"https:\/\/www.farecentronews.com\/index.php?rest_route=\/wp\/v2\/media\/8171"}],"wp:attachment":[{"href":"https:\/\/www.farecentronews.com\/index.php?rest_route=%2Fwp%2Fv2%2Fmedia&parent=8165"}],"wp:term":[{"taxonomy":"category","embeddable":true,"href":"https:\/\/www.farecentronews.com\/index.php?rest_route=%2Fwp%2Fv2%2Fcategories&post=8165"},{"taxonomy":"post_tag","embeddable":true,"href":"https:\/\/www.farecentronews.com\/index.php?rest_route=%2Fwp%2Fv2%2Ftags&post=8165"}],"curies":[{"name":"wp","href":"https:\/\/api.w.org\/{rel}","templated":true}]}}