{"id":8158,"date":"2024-03-13T19:42:16","date_gmt":"2024-03-13T19:42:16","guid":{"rendered":"https:\/\/www.farecentronews.com\/?p=8158"},"modified":"2024-03-14T07:30:29","modified_gmt":"2024-03-14T07:30:29","slug":"queen-celebration-in-concert-lo-spettacolo-con-andre-abreu-finalmente-in-italia","status":"publish","type":"post","link":"https:\/\/www.farecentronews.com\/?p=8158","title":{"rendered":"Queen Celebration in Concert. Lo spettacolo con Andr\u00e9 Abreu finalmente in Italia"},"content":{"rendered":"<div class=\"wp-block-image\">\n<figure class=\"alignleft size-large is-resized\"><a href=\"https:\/\/www.farecentronews.com\/wp-content\/uploads\/2024\/03\/abreu-queen_NAY4156-1-L.jpg\"><img loading=\"lazy\" decoding=\"async\" width=\"1024\" height=\"683\" src=\"https:\/\/www.farecentronews.com\/wp-content\/uploads\/2024\/03\/abreu-queen_NAY4156-1-L-1024x683.jpg\" alt=\"\" class=\"wp-image-8161\" style=\"width:397px;height:auto\" srcset=\"https:\/\/www.farecentronews.com\/wp-content\/uploads\/2024\/03\/abreu-queen_NAY4156-1-L-1024x683.jpg 1024w, https:\/\/www.farecentronews.com\/wp-content\/uploads\/2024\/03\/abreu-queen_NAY4156-1-L-300x200.jpg 300w, https:\/\/www.farecentronews.com\/wp-content\/uploads\/2024\/03\/abreu-queen_NAY4156-1-L-768x512.jpg 768w, https:\/\/www.farecentronews.com\/wp-content\/uploads\/2024\/03\/abreu-queen_NAY4156-1-L.jpg 1128w\" sizes=\"auto, (max-width: 1024px) 100vw, 1024px\" \/><\/a><\/figure>\n<\/div>\n\n\n<p class=\"wp-block-paragraph\">Sbarca in Italia per la prima volta lo spettacolo \u201c<strong>Queen Celebration in Concert\u201d<\/strong> con <strong>Andr\u00e9 Abreu<\/strong> W\/Band &amp; Orchestra: il concerto in onore di Freddie Mercury in tour al Teatro Augusteo di Napoli (13 marzo), a Palermo (16 marzo) al Teatro Golden e poi a Roma per la doppia data al <strong>Teatro Olimpico<\/strong> (18 e 19 marzo). L&#8217;evento, record di successi in Sud America, \u00e8 un&#8217;esperienza musicale immersiva fatta di suoni, luci e video che la Band offre al pubblico trasportandolo nei mitici concerti degli anni &#8217;80, come ad esempio l&#8217;immortale <em>Queen Live at Stadio Wembley <\/em>dove Freddie Mercury indossava il chiodo di pelle giallo limone. E il frontman Andr\u00e9 Abreu non delude con le sue portentose performance fisiche e canore, i sublimi costumi e le note classiche\/rock tipiche del <em>mood <\/em>dei Queen. Fra i brani in concerto, &#8220;Love of my Life&#8221;, &#8220;We are the Champions&#8221;, &#8220;We Will Rock You&#8221;, &#8220;Radio Gaga &#8220;, &#8220;Crazy Little Thing Called Love&#8221;, &#8220;Don&#8217;t Stop Me Now&#8221;, &#8220;Somebody to Love&#8221; e &#8220;Another One Bites the Dust&#8221;, per rivivere nel presente qualcosa di straordinario. Lo spettacolo \u00e8 prodotto da BOOM PRODUCAO, in collaborazione per l\u2019Europa con We4Show e Menti Associate. <em>(crediti immagini: courtesy of Fabiana Manuelli Press Office)<\/em><\/p>\n\n\n\n<p class=\"wp-block-paragraph\"><strong>Andr\u00e9\/Freddie<\/strong><br>Andr\u00e9 Abreu, cantante, polistrumentista, compositore e produttore musicale brasiliano, \u00e8 davvero molto somigliante a Mercury sia fisicamente che per la sua rara estensione vocale. L&#8217;Artista rivela: <em>&#8220;\u00c8 un lavoro che richiede molta energia e devozione personale. Pi\u00f9 che un tributo \u00e8 un omaggio da fan a idolo e un omaggio al lavoro geniale e senza tempo dei Queen. Quando Freddie mor\u00ec avevo solo 3 anni, ma appena ascoltai, per la prima volta, la sua voce e la sua musica ne rimasi folgorato\u2026 &#8220;. <\/em>Nella Band di Andr\u00e9: Danilo Toledo alla chitarra, PH Mazzilli al basso, Guib Silva alla batteria. In pi\u00f9, un&#8217;orchestra completa accompagna ogni concerto dal vivo, addizionando lo spettacolo con ancora maggior energia. Imperdibile.<\/p>\n\n\n\n<p class=\"wp-block-paragraph\"><strong>Andr\u00e9 Abreu in QUEEN CELEBRATION IN CONCERT<\/strong><br>NAPOLI. Teatro Augusteo. Mercoled\u00ec 13 marzo ore 21<br>PALERMO. Teatro Golden. Sabato 16 marzo ore 21<br>ROMA. Teatro Olimpico. Luned\u00ec 18 marzo ore 20:30<br>ROMA. Teatro Olimpico. Marted\u00ec 19 marzo ore 20:30<br>Biglietti in vendita su <em>Ticketone.it<\/em>, nei botteghini dei teatri e in tutti i rivenditori autorizzati<br>Info: <a href=\"mailto:info@we4show.com\">info@we4show.com<\/a> | <a href=\"mailto:info@mentiassociate.com\">info@mentiassociate.com<\/a><\/p>\n","protected":false},"excerpt":{"rendered":"<p>Sbarca in Italia per la prima volta lo spettacolo \u201cQueen Celebration in Concert\u201d con Andr\u00e9 Abreu W\/Band &amp; Orchestra: il concerto in onore di Freddie Mercury in tour al Teatro Augusteo di Napoli (13 marzo), a Palermo (16 marzo) al Teatro Golden e poi a Roma per la doppia data al Teatro Olimpico (18 e [&hellip;]<\/p>\n","protected":false},"author":4,"featured_media":8160,"comment_status":"closed","ping_status":"closed","sticky":false,"template":"","format":"standard","meta":{"footnotes":""},"categories":[32,5],"tags":[4047,86,243,4049,1138],"class_list":["post-8158","post","type-post","status-publish","format-standard","has-post-thumbnail","hentry","category-concerti","category-musica-spettacolo","tag-andre-abreu","tag-in-evidenza","tag-marina-de-benedictis","tag-queen-celebration-in-concert","tag-teatro-olimpico"],"_links":{"self":[{"href":"https:\/\/www.farecentronews.com\/index.php?rest_route=\/wp\/v2\/posts\/8158","targetHints":{"allow":["GET"]}}],"collection":[{"href":"https:\/\/www.farecentronews.com\/index.php?rest_route=\/wp\/v2\/posts"}],"about":[{"href":"https:\/\/www.farecentronews.com\/index.php?rest_route=\/wp\/v2\/types\/post"}],"author":[{"embeddable":true,"href":"https:\/\/www.farecentronews.com\/index.php?rest_route=\/wp\/v2\/users\/4"}],"replies":[{"embeddable":true,"href":"https:\/\/www.farecentronews.com\/index.php?rest_route=%2Fwp%2Fv2%2Fcomments&post=8158"}],"version-history":[{"count":4,"href":"https:\/\/www.farecentronews.com\/index.php?rest_route=\/wp\/v2\/posts\/8158\/revisions"}],"predecessor-version":[{"id":8164,"href":"https:\/\/www.farecentronews.com\/index.php?rest_route=\/wp\/v2\/posts\/8158\/revisions\/8164"}],"wp:featuredmedia":[{"embeddable":true,"href":"https:\/\/www.farecentronews.com\/index.php?rest_route=\/wp\/v2\/media\/8160"}],"wp:attachment":[{"href":"https:\/\/www.farecentronews.com\/index.php?rest_route=%2Fwp%2Fv2%2Fmedia&parent=8158"}],"wp:term":[{"taxonomy":"category","embeddable":true,"href":"https:\/\/www.farecentronews.com\/index.php?rest_route=%2Fwp%2Fv2%2Fcategories&post=8158"},{"taxonomy":"post_tag","embeddable":true,"href":"https:\/\/www.farecentronews.com\/index.php?rest_route=%2Fwp%2Fv2%2Ftags&post=8158"}],"curies":[{"name":"wp","href":"https:\/\/api.w.org\/{rel}","templated":true}]}}