{"id":8019,"date":"2023-10-24T13:53:52","date_gmt":"2023-10-24T13:53:52","guid":{"rendered":"https:\/\/www.farecentronews.com\/?p=8019"},"modified":"2023-12-27T12:46:44","modified_gmt":"2023-12-27T12:46:44","slug":"wahrol-serial-obsession-alla-galleria-delle-arti-di-roma","status":"publish","type":"post","link":"https:\/\/www.farecentronews.com\/?p=8019","title":{"rendered":"Warhol &#8211; Serial Obsession,  alla galleria delle Arti di Roma"},"content":{"rendered":"<div class=\"wp-block-image\">\n<figure class=\"alignleft size-large is-resized\"><a href=\"https:\/\/www.farecentronews.com\/wp-content\/uploads\/2023\/10\/Andy-Warhol-Marilyn-11.22-1985-serigrafia-su-carta-museale-914cmx914cm.jpg\"><img loading=\"lazy\" decoding=\"async\" width=\"1024\" height=\"1018\" src=\"https:\/\/www.farecentronews.com\/wp-content\/uploads\/2023\/10\/Andy-Warhol-Marilyn-11.22-1985-serigrafia-su-carta-museale-914cmx914cm-1024x1018.jpg\" alt=\"\" class=\"wp-image-8023\" style=\"width:394px;height:392px\" srcset=\"https:\/\/www.farecentronews.com\/wp-content\/uploads\/2023\/10\/Andy-Warhol-Marilyn-11.22-1985-serigrafia-su-carta-museale-914cmx914cm-1024x1018.jpg 1024w, https:\/\/www.farecentronews.com\/wp-content\/uploads\/2023\/10\/Andy-Warhol-Marilyn-11.22-1985-serigrafia-su-carta-museale-914cmx914cm-300x298.jpg 300w, https:\/\/www.farecentronews.com\/wp-content\/uploads\/2023\/10\/Andy-Warhol-Marilyn-11.22-1985-serigrafia-su-carta-museale-914cmx914cm-150x150.jpg 150w, https:\/\/www.farecentronews.com\/wp-content\/uploads\/2023\/10\/Andy-Warhol-Marilyn-11.22-1985-serigrafia-su-carta-museale-914cmx914cm-768x764.jpg 768w, https:\/\/www.farecentronews.com\/wp-content\/uploads\/2023\/10\/Andy-Warhol-Marilyn-11.22-1985-serigrafia-su-carta-museale-914cmx914cm.jpg 1080w\" sizes=\"auto, (max-width: 1024px) 100vw, 1024px\" \/><\/a><\/figure>\n<\/div>\n\n\n<p class=\"wp-block-paragraph\"><strong>La Galleria delle Arti<\/strong> di Roma dal 5 ottobre al 23 dicembre 2023 dedica una mostra a \u201c<strong>Warhol &#8211;&nbsp; Serial obsession<\/strong>\u201d: un omaggio alla pi\u00f9 celebre delle opere di <strong>Andy Warhol<\/strong>, il volto di <strong><em>Marilyn Monroe<\/em><\/strong>, una delle icone pi\u00f9 famose del cinema americano. Verranno esposte le 10 serigrafie stampate dalla Sunday B. Morning nel 1985, timbrate e firmate dall\u2019artista. Ad affiancare la suite di Marilyn saranno esposti 2 dei 4 ritratti di \u2018L<strong><em>udwig Van Beethoven<\/em><\/strong>\u2019 e 4 dei 10&nbsp; \u2018<strong><em>Flowers<\/em><\/strong>\u2019, serigrafie firmate che rappresentano quattro fiori bianchi, simboli di candore, vulnerabilit\u00e0&nbsp; e memento mori.<br>\u201c<em>Ai primi d&#8217;agosto del 1962 cominciai con le serigrafie. Volevo qualcosa di pi\u00f9 forte, che comunicasse meglio l&#8217;effetto di un prodotto seriale. Con la serigrafia si prende una foto, la si sviluppa, la si trasferisce<br>sulla seta mediante colla e poi la si inchiostra, cosicch\u00e9 i colori penetrano attraverso la trama salvo che nei punti dove c&#8217;\u00e8 la colla. Ci\u00f2 permette di ottenere pi\u00f9 volte la stessa immagine, ma sempre con lievi differenze. Tutto cos\u00ec semplice, rapido, casuale: ero eccitatissimo. Poi Marilyn mor\u00ec quello stesso mese, e mi venne l&#8217;idea di trarre delle serigrafie da quel suo bel viso, le mie prime Marilyn<\/em>.\u201d Cos\u00ec lo stesso Warhol (1928 \u2013 1987) racconta la genesi della serie di Marilyn, basate sulla foto scattata da Gene Korman per la bobina del film Niagara. \u201c<em>La cosa migliore di una fotografia \u00e8 che non cambia mai, anche quando le persone in essa lo fanno<\/em>\u201d (A. Warhol).<\/p>\n\n\n\n<p class=\"wp-block-paragraph\">&nbsp;<strong>Warhol &#8211; Serial obsession<\/strong><br><strong>La Galleria delle Arti<\/strong>, Via dei Sabelli 2<br><strong><em>Dal 5 ottobre al 23 dicembre 2023<\/em><\/strong><em><br><\/em>Orario: gioved\u00ec e domenica ore 18.00-22.00; venerd\u00ec e sabato ore 18.00-23.00<br>Ingresso con formula \u201cUp to you\u201d<br>Per informazioni: tel. +39 375 7223987<br>Sito:&nbsp;<a rel=\"noreferrer noopener\" href=\"https:\/\/www.lagalleriadellearti.it\/\" target=\"_blank\">https:\/\/www.lagalleriadellearti.it<\/a><\/p>\n","protected":false},"excerpt":{"rendered":"<p>La Galleria delle Arti di Roma dal 5 ottobre al 23 dicembre 2023 dedica una mostra a \u201cWarhol &#8211;&nbsp; Serial obsession\u201d: un omaggio alla pi\u00f9 celebre delle opere di Andy Warhol, il volto di Marilyn Monroe, una delle icone pi\u00f9 famose del cinema americano. Verranno esposte le 10 serigrafie stampate dalla Sunday B. Morning nel [&hellip;]<\/p>\n","protected":false},"author":5,"featured_media":8022,"comment_status":"closed","ping_status":"closed","sticky":false,"template":"","format":"standard","meta":{"footnotes":""},"categories":[3,30],"tags":[422,86,3987,1226,3988],"class_list":["post-8019","post","type-post","status-publish","format-standard","has-post-thumbnail","hentry","category-arte-cultura","category-mostre","tag-andy-warhol","tag-in-evidenza","tag-la-galleria-delle-arti","tag-marilyn-monroe","tag-warhol-serial-obsession"],"_links":{"self":[{"href":"https:\/\/www.farecentronews.com\/index.php?rest_route=\/wp\/v2\/posts\/8019","targetHints":{"allow":["GET"]}}],"collection":[{"href":"https:\/\/www.farecentronews.com\/index.php?rest_route=\/wp\/v2\/posts"}],"about":[{"href":"https:\/\/www.farecentronews.com\/index.php?rest_route=\/wp\/v2\/types\/post"}],"author":[{"embeddable":true,"href":"https:\/\/www.farecentronews.com\/index.php?rest_route=\/wp\/v2\/users\/5"}],"replies":[{"embeddable":true,"href":"https:\/\/www.farecentronews.com\/index.php?rest_route=%2Fwp%2Fv2%2Fcomments&post=8019"}],"version-history":[{"count":5,"href":"https:\/\/www.farecentronews.com\/index.php?rest_route=\/wp\/v2\/posts\/8019\/revisions"}],"predecessor-version":[{"id":8061,"href":"https:\/\/www.farecentronews.com\/index.php?rest_route=\/wp\/v2\/posts\/8019\/revisions\/8061"}],"wp:featuredmedia":[{"embeddable":true,"href":"https:\/\/www.farecentronews.com\/index.php?rest_route=\/wp\/v2\/media\/8022"}],"wp:attachment":[{"href":"https:\/\/www.farecentronews.com\/index.php?rest_route=%2Fwp%2Fv2%2Fmedia&parent=8019"}],"wp:term":[{"taxonomy":"category","embeddable":true,"href":"https:\/\/www.farecentronews.com\/index.php?rest_route=%2Fwp%2Fv2%2Fcategories&post=8019"},{"taxonomy":"post_tag","embeddable":true,"href":"https:\/\/www.farecentronews.com\/index.php?rest_route=%2Fwp%2Fv2%2Ftags&post=8019"}],"curies":[{"name":"wp","href":"https:\/\/api.w.org\/{rel}","templated":true}]}}