{"id":8013,"date":"2023-10-23T07:51:41","date_gmt":"2023-10-23T07:51:41","guid":{"rendered":"https:\/\/www.farecentronews.com\/?p=8013"},"modified":"2023-10-23T08:10:20","modified_gmt":"2023-10-23T08:10:20","slug":"un-ritratto-privato-scopriamo-jeff-koons-nel-docufilm-evento-di-pappi-corsicato","status":"publish","type":"post","link":"https:\/\/www.farecentronews.com\/?p=8013","title":{"rendered":"Un ritratto privato. Scopriamo Jeff Koons nel docufilm evento di Pappi Corsicato"},"content":{"rendered":"<div class=\"wp-block-image\">\n<figure class=\"alignleft size-full is-resized\"><a href=\"https:\/\/www.farecentronews.com\/wp-content\/uploads\/2023\/10\/Jeff-Koons_Un-ritratto-privato_1978_J.Koons_Vest.jpg\"><img loading=\"lazy\" decoding=\"async\" src=\"https:\/\/www.farecentronews.com\/wp-content\/uploads\/2023\/10\/Jeff-Koons_Un-ritratto-privato_1978_J.Koons_Vest.jpg\" alt=\"\" class=\"wp-image-8016\" style=\"width:328px;height:335px\" width=\"328\" height=\"335\" srcset=\"https:\/\/www.farecentronews.com\/wp-content\/uploads\/2023\/10\/Jeff-Koons_Un-ritratto-privato_1978_J.Koons_Vest.jpg 1000w, https:\/\/www.farecentronews.com\/wp-content\/uploads\/2023\/10\/Jeff-Koons_Un-ritratto-privato_1978_J.Koons_Vest-294x300.jpg 294w, https:\/\/www.farecentronews.com\/wp-content\/uploads\/2023\/10\/Jeff-Koons_Un-ritratto-privato_1978_J.Koons_Vest-768x783.jpg 768w\" sizes=\"auto, (max-width: 328px) 100vw, 328px\" \/><\/a><\/figure>\n<\/div>\n\n\n<p class=\"wp-block-paragraph\">Kitsch, pop, colori fluo, forme sinuose e materiali riflettenti. L&#8217;arte e la personalit\u00e0 di<strong> Jeff Koons<\/strong> si rivelano al grande pubblico nel docufilm <em><strong>Jeff Koons. Un ritratto privato<\/strong><\/em> &#8211; nei cinema solo il 23, 24 e 25 ottobre &#8211; prodotto da <strong>Nexo Digital<\/strong> per la regia di <strong>Pappi Corsicato<\/strong>. Dopo la mostra a Palazzo Strozzi a Firenze e l&#8217;anteprima del film al Roma Cinema Fest, scopriamo la vita di questo uomo visionario che ha preso gli oggetti di uso quotidiano prodotti in serie e li ha trasformati in forma d&#8217;arte. La sua intimit\u00e0, le relazioni familiari, le sue origini e le esperienze professionali vengono descritte in prima persona dallo stesso Artista, ma anche attraverso le parole della sorella, della moglie e dei figli, poi di critici, galleristi, artisti e studiosi come Massimiliano Gioni, Stella McCartney (con la quale ha collaborato nel fashion per una memorabile<em> capsule<\/em>), Andy Moses, Norman Rosenthal, Scott Rothkopf, Julian Schnabel, Linda Yablonsky, Mary Boone e tanti altri. <em>(credit immagini courtesy Nexo Digital Press Office: in apertura, un&#8217;opera iconica di Jeff Koons: Balloon Dog; a seguire, un giovane Koons nel 1978; la locandina del docufilm)<\/em><\/p>\n\n\n\n<p class=\"wp-block-paragraph\"><strong>Dalle origini a oggi<\/strong><br>Il film realizza un viaggio nel mondo privato dell&#8217;Artista, partendo dalla periferia degli anni &#8217;50 al successo negli anni &#8217;80 fino al presente, dove Koons ha raggiunto da Christie&#8217;s con le sue opere un prezzo d&#8217;asta record. Nel presente a York, in Pennsylvania, Koons vive con la moglie (ex assistente) Justine Wheeler e i sei figli in una grande fattoria, con la quale si aprono le immagini della pellicola. Qui \u00e8 nato e cresciuto l&#8217;Artista, figlio di un commerciante di mobili e arredatore d&#8217;interni, dal quale eredita il senso estetico mixato all&#8217;ironia della madre. Le opere di Koons, infatti, affondano le radici negli oggetti \u201ckitsch\u201d che riempivano la casa di famiglia, nella quale lui stesso ha poi deciso di tornare in et\u00e0 adulta. Dai ricordi d&#8217;infanzia prendono cos\u00ec origine i giganteschi palloncini gonfiabili a forma di animale, le statuine <em>Hummel<\/em> in porcellana, le torte di compleanno super decorate, la carta da regalo fucsia e argento.<\/p>\n\n\n<div class=\"wp-block-image\">\n<figure class=\"alignright size-large is-resized\"><a href=\"https:\/\/www.farecentronews.com\/wp-content\/uploads\/2023\/10\/JEFF_KOONS_POSTER_ITA-scaled.jpg\"><img loading=\"lazy\" decoding=\"async\" src=\"https:\/\/www.farecentronews.com\/wp-content\/uploads\/2023\/10\/JEFF_KOONS_POSTER_ITA-717x1024.jpg\" alt=\"\" class=\"wp-image-8017\" style=\"width:348px;height:497px\" width=\"348\" height=\"497\" srcset=\"https:\/\/www.farecentronews.com\/wp-content\/uploads\/2023\/10\/JEFF_KOONS_POSTER_ITA-717x1024.jpg 717w, https:\/\/www.farecentronews.com\/wp-content\/uploads\/2023\/10\/JEFF_KOONS_POSTER_ITA-210x300.jpg 210w, https:\/\/www.farecentronews.com\/wp-content\/uploads\/2023\/10\/JEFF_KOONS_POSTER_ITA-768x1097.jpg 768w, https:\/\/www.farecentronews.com\/wp-content\/uploads\/2023\/10\/JEFF_KOONS_POSTER_ITA-1075x1536.jpg 1075w, https:\/\/www.farecentronews.com\/wp-content\/uploads\/2023\/10\/JEFF_KOONS_POSTER_ITA-1434x2048.jpg 1434w, https:\/\/www.farecentronews.com\/wp-content\/uploads\/2023\/10\/JEFF_KOONS_POSTER_ITA-scaled.jpg 1792w\" sizes=\"auto, (max-width: 348px) 100vw, 348px\" \/><\/a><\/figure>\n<\/div>\n\n\n<p class=\"wp-block-paragraph\"><strong>L&#8217;Atelier a NY<\/strong><br>Nelle immagini vediamo anche Koons a New York, mentre assiste al processo creativo dei suoi assistenti (nell&#8217;Atelier tra archivi, tele, colori e stampanti a 3D) e descrive gli anni della sua formazione: da broker a Wall Street ad assistente dell&#8217;artista Ed Paschke, fino alla svolta alla fine degli anni &#8217;70. Scopriamo le sue opere pi\u00f9 discusse, come <em>Made in Heaven<\/em>, dove posava nudo mentre faceva sesso con l&#8217;allora moglie pornostar Ilona Staller; la serie <em>The New<\/em> dove presentava una sequenza di aspirapolveri Hoover racchiusi in teche di vetro, dichiarandola un simbolo della societ\u00e0 contemporanea. Poi, Jeff Koons attraverso l\u2019Europa durante il suo tour di cinque mostre del 2021 e nella sua retrospettiva,<em> Shine<\/em>, a Palazzo Strozzi a Firenze dove ha totalizzato un sold out con ben 170.000 visitatori.<\/p>\n\n\n\n<p class=\"wp-block-paragraph\"><strong>Koons privato<\/strong><br>\u201c<em>Sin dai primi shooting \u00e8 stato chiaro che Koons ci stesse svelando qualcosa di s\u00e9 e del suo stile di vita in un modo e con una generosit\u00e0\u0300 mai visti prima\u201d <\/em>afferma Pappi Corsicato. Koons infatti ci racconta, frame dopo frame, la sua storia privata, le vicende umane, i conflitti. E svela un aspetto segreto a noi inatteso: l&#8217;irrinunciabile amore per la famiglia, il rispetto per s\u00e9 stesso e gli altri, la memoria del passato, il viscerale legame con i figli (fra i quali una figlia ritrovata e la riconquista del rapporto con il figlio conteso a Cicciolina). L&#8217;uomo e l&#8217;artista in un binomio inaspettato e sorprendente.<\/p>\n\n\n\n<p class=\"wp-block-paragraph\">La Grande Arte al Cinema \u00e8 un progetto originale ed esclusivo di Nexo Digital.<br>Per il 2023 la Grande Arte al Cinema \u00e8 distribuita in esclusiva per l\u2019Italia da Nexo Digital con i media partner Radio Capital, Sky Arte, MYmovies.it e in collaborazione con Abbonamento Musei.<br>Tutti i titoli possono essere richiesti anche per speciali matin\u00e9e al cinema dedicate alle scuole. Prenotazioni: <a href=\"mailto:progetto.scuole@nexodigital.it\">progetto.scuole@nexodigital.it<\/a>, tel. 028051633<br><a href=\"http:\/\/www.nexodigital.it\/\"><strong>www.nexodigital.it<\/strong><\/a><\/p>\n","protected":false},"excerpt":{"rendered":"<p>Kitsch, pop, colori fluo, forme sinuose e materiali riflettenti. L&#8217;arte e la personalit\u00e0 di Jeff Koons si rivelano al grande pubblico nel docufilm Jeff Koons. Un ritratto privato &#8211; nei cinema solo il 23, 24 e 25 ottobre &#8211; prodotto da Nexo Digital per la regia di Pappi Corsicato. Dopo la mostra a Palazzo Strozzi [&hellip;]<\/p>\n","protected":false},"author":5,"featured_media":8015,"comment_status":"closed","ping_status":"closed","sticky":false,"template":"","format":"standard","meta":{"footnotes":""},"categories":[34,5],"tags":[86,3984,3986,3985],"class_list":["post-8013","post","type-post","status-publish","format-standard","has-post-thumbnail","hentry","category-cinema","category-musica-spettacolo","tag-in-evidenza","tag-jeff-koons","tag-nexo-digital","tag-pappi-corsicato"],"_links":{"self":[{"href":"https:\/\/www.farecentronews.com\/index.php?rest_route=\/wp\/v2\/posts\/8013","targetHints":{"allow":["GET"]}}],"collection":[{"href":"https:\/\/www.farecentronews.com\/index.php?rest_route=\/wp\/v2\/posts"}],"about":[{"href":"https:\/\/www.farecentronews.com\/index.php?rest_route=\/wp\/v2\/types\/post"}],"author":[{"embeddable":true,"href":"https:\/\/www.farecentronews.com\/index.php?rest_route=\/wp\/v2\/users\/5"}],"replies":[{"embeddable":true,"href":"https:\/\/www.farecentronews.com\/index.php?rest_route=%2Fwp%2Fv2%2Fcomments&post=8013"}],"version-history":[{"count":2,"href":"https:\/\/www.farecentronews.com\/index.php?rest_route=\/wp\/v2\/posts\/8013\/revisions"}],"predecessor-version":[{"id":8018,"href":"https:\/\/www.farecentronews.com\/index.php?rest_route=\/wp\/v2\/posts\/8013\/revisions\/8018"}],"wp:featuredmedia":[{"embeddable":true,"href":"https:\/\/www.farecentronews.com\/index.php?rest_route=\/wp\/v2\/media\/8015"}],"wp:attachment":[{"href":"https:\/\/www.farecentronews.com\/index.php?rest_route=%2Fwp%2Fv2%2Fmedia&parent=8013"}],"wp:term":[{"taxonomy":"category","embeddable":true,"href":"https:\/\/www.farecentronews.com\/index.php?rest_route=%2Fwp%2Fv2%2Fcategories&post=8013"},{"taxonomy":"post_tag","embeddable":true,"href":"https:\/\/www.farecentronews.com\/index.php?rest_route=%2Fwp%2Fv2%2Ftags&post=8013"}],"curies":[{"name":"wp","href":"https:\/\/api.w.org\/{rel}","templated":true}]}}