{"id":8004,"date":"2023-10-20T17:20:58","date_gmt":"2023-10-20T17:20:58","guid":{"rendered":"https:\/\/www.farecentronews.com\/?p=8004"},"modified":"2023-10-20T17:20:59","modified_gmt":"2023-10-20T17:20:59","slug":"don-mccullin-a-roma-fotografo-della-storia-della-pace-e-del-dolore","status":"publish","type":"post","link":"https:\/\/www.farecentronews.com\/?p=8004","title":{"rendered":"Don McCullin a Roma. Fotografo della storia, della pace e del dolore"},"content":{"rendered":"<div class=\"wp-block-image\">\n<figure class=\"alignleft size-large is-resized\"><a href=\"https:\/\/www.farecentronews.com\/wp-content\/uploads\/2023\/10\/05-Shell-Shocked-Marine-scaled.jpg\"><img loading=\"lazy\" decoding=\"async\" src=\"https:\/\/www.farecentronews.com\/wp-content\/uploads\/2023\/10\/05-Shell-Shocked-Marine-676x1024.jpg\" alt=\"\" class=\"wp-image-8008\" style=\"width:232px;height:351px\" width=\"232\" height=\"351\" srcset=\"https:\/\/www.farecentronews.com\/wp-content\/uploads\/2023\/10\/05-Shell-Shocked-Marine-676x1024.jpg 676w, https:\/\/www.farecentronews.com\/wp-content\/uploads\/2023\/10\/05-Shell-Shocked-Marine-198x300.jpg 198w, https:\/\/www.farecentronews.com\/wp-content\/uploads\/2023\/10\/05-Shell-Shocked-Marine-768x1163.jpg 768w, https:\/\/www.farecentronews.com\/wp-content\/uploads\/2023\/10\/05-Shell-Shocked-Marine-1015x1536.jpg 1015w, https:\/\/www.farecentronews.com\/wp-content\/uploads\/2023\/10\/05-Shell-Shocked-Marine-1353x2048.jpg 1353w, https:\/\/www.farecentronews.com\/wp-content\/uploads\/2023\/10\/05-Shell-Shocked-Marine-scaled.jpg 1691w\" sizes=\"auto, (max-width: 232px) 100vw, 232px\" \/><\/a><\/figure>\n<\/div>\n\n\n<p class=\"wp-block-paragraph\">Il grande fotografo britannico dal 10 ottobre 2023 al <strong>Palazzo Esposizioni Roma<\/strong> nella pi\u00f9 grande mostra a lui dedicata. Le opere esposte ripercorrono le tappe principali della carriera di McCullin includendo la serie dedicata all&#8217;Impero Romano, in cui si sovrappongono i temi cardine della sua fotografia: il dolore delle immagini dell&#8217;Inghilterra &#8220;subalterna&#8221;, quello dei conflitti bellici disseminati nel mondo e la pace dei villaggi del Sommerset dove  <strong>Don McCullin<\/strong> si rifugia per dimenticare le sofferenze patite nei luoghi di guerra. La sua fotografia \u00e8 nota per essere cruda e asciutta, con la completa assenza di empatia verso il soggetto ritratto. Le sue immagini di carestia, povert\u00e0 e sofferenza sono quelle pi\u00f9 immediatamente riconoscibili di tutta la storia della fotografia. 250 scatti divisi in sei sezioni: <strong>Esordi<\/strong>, <strong>Guerra e Conflitti<\/strong>, <strong>Immagini documentarie del Regno Unito<\/strong>,<strong> Immagini documentarie all\u2019estero<\/strong>, <strong>Paesaggi e Nature morte<\/strong>, <strong>L&#8217;Impero Romano<\/strong>.<br><br><strong>Don McCullin bio<\/strong>.<br>Nato a Londra nel 1935, negli anni Cinquanta ritraeva con la sua reflex biottica amici, eventi locali e teppisti di quartiere con una crudezza che incuriosiva i direttori delle riviste che gi\u00e0 vedevano in lui un talento innato. Frequentando i quartieri poveri di Londra per ritrarre, degrado, ingiustizia e povert\u00e0 ottenne ben presto il riconoscimento come uno dei pi\u00f9 grandi fotografi documentaristici britannici. Document\u00f2 le guerre in Vietnam e Cambogia rischiando spesso la vita e finendo ferito da schegge di  granata. Abbandonato il suo lavoro di reporter di guerra, si rec\u00f2 in Africa dove realizz\u00f2 un importante lavoro documentaristico sulla crisi dell&#8217;AIDS. Negli anni 2000 si spinse fino ai confini meridionali dell&#8217;Impero Romano per un progetto ambizioso da cui \u00e8 tratto il libro <em>Southern Frontiers<\/em>: <em>A Journey Across the Roman Empire<\/em> (2010). Oggi vive con sua moglie Catherine nel Sommerset e afferma che fotografare quei paesaggi cupi e potenti allevia le sofferenze di cui \u00e8 stato testimone per tutta la sua carriera.<\/p>\n\n\n<div class=\"wp-block-image\">\n<figure class=\"alignright size-large is-resized\"><a href=\"https:\/\/www.farecentronews.com\/wp-content\/uploads\/2023\/10\/06-The-avenue-Apamea-Syria-2006_09-1.jpg\"><img loading=\"lazy\" decoding=\"async\" src=\"https:\/\/www.farecentronews.com\/wp-content\/uploads\/2023\/10\/06-The-avenue-Apamea-Syria-2006_09-1-1024x835.jpg\" alt=\"\" class=\"wp-image-8010\" style=\"width:394px;height:321px\" width=\"394\" height=\"321\" srcset=\"https:\/\/www.farecentronews.com\/wp-content\/uploads\/2023\/10\/06-The-avenue-Apamea-Syria-2006_09-1-1024x835.jpg 1024w, https:\/\/www.farecentronews.com\/wp-content\/uploads\/2023\/10\/06-The-avenue-Apamea-Syria-2006_09-1-300x245.jpg 300w, https:\/\/www.farecentronews.com\/wp-content\/uploads\/2023\/10\/06-The-avenue-Apamea-Syria-2006_09-1-768x626.jpg 768w, https:\/\/www.farecentronews.com\/wp-content\/uploads\/2023\/10\/06-The-avenue-Apamea-Syria-2006_09-1-1536x1253.jpg 1536w, https:\/\/www.farecentronews.com\/wp-content\/uploads\/2023\/10\/06-The-avenue-Apamea-Syria-2006_09-1.jpg 1655w\" sizes=\"auto, (max-width: 394px) 100vw, 394px\" \/><\/a><\/figure>\n<\/div>\n\n\n<p class=\"wp-block-paragraph\"><em><strong>Dal 10 ottobre 2023 al 28 gennaio 2024<\/strong><\/em><br><strong>Don McCullin a Roma<\/strong><br><strong>Palazzo Esposizioni Roma<\/strong><br>Roma, via Nazionale, 194<br><a href=\"http:\/\/www.palazzoesposizioni\" data-type=\"link\" data-id=\"www.palazzoesposizioni\">www.palazzoesposizioni.it<\/a><br>Facebook: @PalazzoEsposizioni | Instagram: @palazzoesposizioni | Twitter: @Esposizioni<\/p>\n","protected":false},"excerpt":{"rendered":"<p>Il grande fotografo britannico dal 10 ottobre 2023 al Palazzo Esposizioni Roma nella pi\u00f9 grande mostra a lui dedicata. Le opere esposte ripercorrono le tappe principali della carriera di McCullin includendo la serie dedicata all&#8217;Impero Romano, in cui si sovrappongono i temi cardine della sua fotografia: il dolore delle immagini dell&#8217;Inghilterra &#8220;subalterna&#8221;, quello dei conflitti [&hellip;]<\/p>\n","protected":false},"author":3,"featured_media":8007,"comment_status":"closed","ping_status":"closed","sticky":false,"template":"","format":"standard","meta":{"footnotes":""},"categories":[3,30],"tags":[239,2647,852,86,3983],"class_list":["post-8004","post","type-post","status-publish","format-standard","has-post-thumbnail","hentry","category-arte-cultura","category-mostre","tag-carlo-valenti","tag-don-mccullin","tag-fotografia","tag-in-evidenza","tag-palazzo-esposizioni-roma"],"_links":{"self":[{"href":"https:\/\/www.farecentronews.com\/index.php?rest_route=\/wp\/v2\/posts\/8004","targetHints":{"allow":["GET"]}}],"collection":[{"href":"https:\/\/www.farecentronews.com\/index.php?rest_route=\/wp\/v2\/posts"}],"about":[{"href":"https:\/\/www.farecentronews.com\/index.php?rest_route=\/wp\/v2\/types\/post"}],"author":[{"embeddable":true,"href":"https:\/\/www.farecentronews.com\/index.php?rest_route=\/wp\/v2\/users\/3"}],"replies":[{"embeddable":true,"href":"https:\/\/www.farecentronews.com\/index.php?rest_route=%2Fwp%2Fv2%2Fcomments&post=8004"}],"version-history":[{"count":3,"href":"https:\/\/www.farecentronews.com\/index.php?rest_route=\/wp\/v2\/posts\/8004\/revisions"}],"predecessor-version":[{"id":8011,"href":"https:\/\/www.farecentronews.com\/index.php?rest_route=\/wp\/v2\/posts\/8004\/revisions\/8011"}],"wp:featuredmedia":[{"embeddable":true,"href":"https:\/\/www.farecentronews.com\/index.php?rest_route=\/wp\/v2\/media\/8007"}],"wp:attachment":[{"href":"https:\/\/www.farecentronews.com\/index.php?rest_route=%2Fwp%2Fv2%2Fmedia&parent=8004"}],"wp:term":[{"taxonomy":"category","embeddable":true,"href":"https:\/\/www.farecentronews.com\/index.php?rest_route=%2Fwp%2Fv2%2Fcategories&post=8004"},{"taxonomy":"post_tag","embeddable":true,"href":"https:\/\/www.farecentronews.com\/index.php?rest_route=%2Fwp%2Fv2%2Ftags&post=8004"}],"curies":[{"name":"wp","href":"https:\/\/api.w.org\/{rel}","templated":true}]}}