{"id":7996,"date":"2023-10-20T09:42:22","date_gmt":"2023-10-20T09:42:22","guid":{"rendered":"https:\/\/www.farecentronews.com\/?p=7996"},"modified":"2023-10-20T09:42:23","modified_gmt":"2023-10-20T09:42:23","slug":"accademia-filarmonica-romana-la-stagione-del-divertimento-e-per-tutti","status":"publish","type":"post","link":"https:\/\/www.farecentronews.com\/?p=7996","title":{"rendered":"Accademia Filarmonica Romana. La stagione del divertimento \u00e8 per tutti"},"content":{"rendered":"<div class=\"wp-block-image\">\n<figure class=\"alignleft size-large is-resized\"><a href=\"https:\/\/www.farecentronews.com\/wp-content\/uploads\/2023\/10\/Francesca-FOTO-2_Dego-\u00a9Davide-Cerati-3_ridt.jpg\"><img loading=\"lazy\" decoding=\"async\" src=\"https:\/\/www.farecentronews.com\/wp-content\/uploads\/2023\/10\/Francesca-FOTO-2_Dego-\u00a9Davide-Cerati-3_ridt-1024x682.jpg\" alt=\"\" class=\"wp-image-8000\" style=\"width:450px;height:300px\" width=\"450\" height=\"300\" srcset=\"https:\/\/www.farecentronews.com\/wp-content\/uploads\/2023\/10\/Francesca-FOTO-2_Dego-\u00a9Davide-Cerati-3_ridt-1024x682.jpg 1024w, https:\/\/www.farecentronews.com\/wp-content\/uploads\/2023\/10\/Francesca-FOTO-2_Dego-\u00a9Davide-Cerati-3_ridt-300x200.jpg 300w, https:\/\/www.farecentronews.com\/wp-content\/uploads\/2023\/10\/Francesca-FOTO-2_Dego-\u00a9Davide-Cerati-3_ridt-768x512.jpg 768w, https:\/\/www.farecentronews.com\/wp-content\/uploads\/2023\/10\/Francesca-FOTO-2_Dego-\u00a9Davide-Cerati-3_ridt-1536x1024.jpg 1536w, https:\/\/www.farecentronews.com\/wp-content\/uploads\/2023\/10\/Francesca-FOTO-2_Dego-\u00a9Davide-Cerati-3_ridt.jpg 2000w\" sizes=\"auto, (max-width: 450px) 100vw, 450px\" \/><\/a><\/figure>\n<\/div>\n\n\n<p class=\"wp-block-paragraph\">Sono oltre 50 gli appuntamenti culturali a cavallo fra il vecchio e il nuovo anno della nuova stagione 2023\/2024 dell&#8217;<strong>Accademia Filarmonica Romana &#8211; <\/strong>siglata dal Direttore Artistico <strong>Enrico Dindo<\/strong>, in un nutrito cartellone che nel suo insieme si sviluppa fra musica classica, novit\u00e0 in prima assoluta, danza, musical, letteratura e teatro, lezioni di musica. La scelta \u00e8 ampia e per tutte le et\u00e0, e si dipana come sempre in varie location, arricchita anche da nuove collaborazioni: oltre al Teatro Argentina &#8211; con i concerti internazionali e la musica da camera &#8211; e al Teatro Olimpico con il musical e la danza, la Sala Casella in via Flaminia 118 e i workshop con l&#8217;Universit\u00e0 degli Studi La Sapienza di Roma e la Fondazione Giorgio Cini di Venezia, il Conservatorio di Musica Santa Cecilia, Rai Radio3 e gli appuntamenti con il violoncello, gli incontri con Fabrica Musica e Letteratura, il Teatro Palladium. (<em>crediti foto: in apertura, MOMIX_skiva \u00a9 Renato Mangolin 014, a seguire, Francesca Dego \u00a9Davide Cerati; Lago dei Cigni_BallettoDiRoma, courtesy of AFR Press Office)<\/em><\/p>\n\n\n\n<p class=\"wp-block-paragraph\"><strong>Teatro Argentina, Teatro Olimpico, Sala Casella<\/strong><br>La nuova stagione di musica da camera prende il via il 9 novembre al Teatro Argentina con <em>Fa\u00e7ade<\/em> di William Walton a cent\u2019anni dalla prima rappresentazione, mentre \u00e8 appena stata inaugurata al Teatro Olimpico la danza con<em> Il Lago dei Cigni, Il canto<\/em> con la coreografia di Fabrizio Monteverde per il Balletto di Roma, in scena sino al 22 ottobre. Fra gli spettacoli in programma, ricordiamo <em>Back to Momix<\/em> sotto la direzione artistica di Moses Pendleton, con la <em>summa<\/em> di tutte le acrobatiche performance, in scena dal 7 al 19 novembre al Teatro Olimpico; <em>Rocky Horror Show <\/em>di Christopher Luscombe e Claudio \u201cGreg\u201d Gregori nel ruolo del Narratore; <em>Lo Schiaccianoci <\/em>e il Balletto di Roma dal 7 al 10 dicembre; <em>Semo o nun semo <\/em>la drammaturgia a base di canzoni romane con Nicola Piovani dal 12 al 17 marzo 2024. In Sala Casella invece, concerti, workshop e <em>Lezioni di Musica <\/em>tutti da scoprire in nome del pentagramma e delle colti note.<\/p>\n\n\n<div class=\"wp-block-image\">\n<figure class=\"alignright size-large is-resized\"><a href=\"https:\/\/www.farecentronews.com\/wp-content\/uploads\/2023\/10\/FOTO-3_Lago-dei-Cigni_BallettoDiRoma01_ridt.jpg\"><img loading=\"lazy\" decoding=\"async\" src=\"https:\/\/www.farecentronews.com\/wp-content\/uploads\/2023\/10\/FOTO-3_Lago-dei-Cigni_BallettoDiRoma01_ridt-1024x515.jpg\" alt=\"\" class=\"wp-image-8001\" style=\"width:475px;height:239px\" width=\"475\" height=\"239\" srcset=\"https:\/\/www.farecentronews.com\/wp-content\/uploads\/2023\/10\/FOTO-3_Lago-dei-Cigni_BallettoDiRoma01_ridt-1024x515.jpg 1024w, https:\/\/www.farecentronews.com\/wp-content\/uploads\/2023\/10\/FOTO-3_Lago-dei-Cigni_BallettoDiRoma01_ridt-300x151.jpg 300w, https:\/\/www.farecentronews.com\/wp-content\/uploads\/2023\/10\/FOTO-3_Lago-dei-Cigni_BallettoDiRoma01_ridt-768x386.jpg 768w, https:\/\/www.farecentronews.com\/wp-content\/uploads\/2023\/10\/FOTO-3_Lago-dei-Cigni_BallettoDiRoma01_ridt-1536x773.jpg 1536w, https:\/\/www.farecentronews.com\/wp-content\/uploads\/2023\/10\/FOTO-3_Lago-dei-Cigni_BallettoDiRoma01_ridt.jpg 1566w\" sizes=\"auto, (max-width: 475px) 100vw, 475px\" \/><\/a><\/figure>\n<\/div>\n\n\n<p class=\"wp-block-paragraph\"><strong>Musica e incontri per i giovani<\/strong><br>Numerose infine le iniziative dedicate ai bambini e ai giovani, con <em>Bimbi in musica <\/em>e <em>Allegro Capriccioso<\/em>, AsLiCo per il progetto <em>Opera Domani<\/em>, gli incontri e i concerti nelle scuole romane. A voi la scelta, in nome della bellezza e del divertimento.<\/p>\n\n\n\n<p class=\"wp-block-paragraph\">Biglietti: Teatro Argentina da 17 a 30 euro, Sala Casella 11 euro, Teatro Olimpico (a seconda degli spettacoli) da 25 a 68 euro. I prezzi sono comprensivi di prevendita. Abbonamenti: Omnia da 280 a 410 euro, vari tipi di abbonamento per i concerti al Teatro Argentina da 90 a 200 euro.<br>Info: <a href=\"http:\/\/www.filarmonicaromana.org\/\">www.filarmonicaromana.org<\/a>, tel. 342 9550100, <a href=\"mailto:promozione@filarmonicaromana.org\">promozione@filarmonicaromana.org<\/a><\/p>\n","protected":false},"excerpt":{"rendered":"<p>Sono oltre 50 gli appuntamenti culturali a cavallo fra il vecchio e il nuovo anno della nuova stagione 2023\/2024 dell&#8217;Accademia Filarmonica Romana &#8211; siglata dal Direttore Artistico Enrico Dindo, in un nutrito cartellone che nel suo insieme si sviluppa fra musica classica, novit\u00e0 in prima assoluta, danza, musical, letteratura e teatro, lezioni di musica. La [&hellip;]<\/p>\n","protected":false},"author":4,"featured_media":7998,"comment_status":"closed","ping_status":"closed","sticky":false,"template":"","format":"standard","meta":{"footnotes":""},"categories":[5,33],"tags":[2012,3803,86,243,1537,3982,1375,1138],"class_list":["post-7996","post","type-post","status-publish","format-standard","has-post-thumbnail","hentry","category-musica-spettacolo","category-teatro","tag-accademia-filarmonica-romana","tag-enrico-dindo","tag-in-evidenza","tag-marina-de-benedictis","tag-momix","tag-sala-casella","tag-teatro-argentina","tag-teatro-olimpico"],"_links":{"self":[{"href":"https:\/\/www.farecentronews.com\/index.php?rest_route=\/wp\/v2\/posts\/7996","targetHints":{"allow":["GET"]}}],"collection":[{"href":"https:\/\/www.farecentronews.com\/index.php?rest_route=\/wp\/v2\/posts"}],"about":[{"href":"https:\/\/www.farecentronews.com\/index.php?rest_route=\/wp\/v2\/types\/post"}],"author":[{"embeddable":true,"href":"https:\/\/www.farecentronews.com\/index.php?rest_route=\/wp\/v2\/users\/4"}],"replies":[{"embeddable":true,"href":"https:\/\/www.farecentronews.com\/index.php?rest_route=%2Fwp%2Fv2%2Fcomments&post=7996"}],"version-history":[{"count":3,"href":"https:\/\/www.farecentronews.com\/index.php?rest_route=\/wp\/v2\/posts\/7996\/revisions"}],"predecessor-version":[{"id":8002,"href":"https:\/\/www.farecentronews.com\/index.php?rest_route=\/wp\/v2\/posts\/7996\/revisions\/8002"}],"wp:featuredmedia":[{"embeddable":true,"href":"https:\/\/www.farecentronews.com\/index.php?rest_route=\/wp\/v2\/media\/7998"}],"wp:attachment":[{"href":"https:\/\/www.farecentronews.com\/index.php?rest_route=%2Fwp%2Fv2%2Fmedia&parent=7996"}],"wp:term":[{"taxonomy":"category","embeddable":true,"href":"https:\/\/www.farecentronews.com\/index.php?rest_route=%2Fwp%2Fv2%2Fcategories&post=7996"},{"taxonomy":"post_tag","embeddable":true,"href":"https:\/\/www.farecentronews.com\/index.php?rest_route=%2Fwp%2Fv2%2Ftags&post=7996"}],"curies":[{"name":"wp","href":"https:\/\/api.w.org\/{rel}","templated":true}]}}