{"id":7973,"date":"2023-10-11T16:14:54","date_gmt":"2023-10-11T16:14:54","guid":{"rendered":"https:\/\/www.farecentronews.com\/?p=7973"},"modified":"2023-10-11T16:17:07","modified_gmt":"2023-10-11T16:17:07","slug":"roma-jewelry-week-larte-orafa-di-tutto-il-mondo-in-mostra","status":"publish","type":"post","link":"https:\/\/www.farecentronews.com\/?p=7973","title":{"rendered":"Roma Jewelry Week. L&#8217;arte orafa di tutto il mondo in mostra"},"content":{"rendered":"<div class=\"wp-block-image\">\n<figure class=\"alignleft size-full is-resized\"><a href=\"https:\/\/www.farecentronews.com\/wp-content\/uploads\/2023\/10\/RJW-23_Designer_DeliegeDettaglidattimiFeniciaMarraPeraliUgolini-Vera-Bath_Ph-Beniamin-Ciripan.jpg\"><img loading=\"lazy\" decoding=\"async\" src=\"https:\/\/www.farecentronews.com\/wp-content\/uploads\/2023\/10\/RJW-23_Designer_DeliegeDettaglidattimiFeniciaMarraPeraliUgolini-Vera-Bath_Ph-Beniamin-Ciripan.jpg\" alt=\"\" class=\"wp-image-7976\" style=\"width:423px;height:238px\" width=\"423\" height=\"238\" srcset=\"https:\/\/www.farecentronews.com\/wp-content\/uploads\/2023\/10\/RJW-23_Designer_DeliegeDettaglidattimiFeniciaMarraPeraliUgolini-Vera-Bath_Ph-Beniamin-Ciripan.jpg 1000w, https:\/\/www.farecentronews.com\/wp-content\/uploads\/2023\/10\/RJW-23_Designer_DeliegeDettaglidattimiFeniciaMarraPeraliUgolini-Vera-Bath_Ph-Beniamin-Ciripan-300x169.jpg 300w, https:\/\/www.farecentronews.com\/wp-content\/uploads\/2023\/10\/RJW-23_Designer_DeliegeDettaglidattimiFeniciaMarraPeraliUgolini-Vera-Bath_Ph-Beniamin-Ciripan-768x432.jpg 768w\" sizes=\"auto, (max-width: 423px) 100vw, 423px\" \/><\/a><\/figure>\n<\/div>\n\n\n<p class=\"wp-block-paragraph\"><strong>Roma Jewelry Week<\/strong>, l\u2019evento internazionale dedicato alla cultura del gioiello \u00e8 in corso Roma in diverse location sino al 16 Ottobre. Alla sua terza edizione, la RJW coinvolge numerosi artisti, designer, realt\u00e0 orafe storiche, laboratori, e si sviluppa in maniera \u201cdiffusa\u201d fra mostre, conferenze, premi, eventi, performance a tema. Nel ricchissimo calendario scaricabile online, fra le prossime esposizioni segnaliamo al<em> <\/em>Museo Napoleonico <em>\u201cRi-Trovamenti. Il gioiello tra Roma e Valenza\u201d<\/em>, con opere della Neo Scuola Romana del gioiello contemporaneo e dei Maestri orafi Valenzani; l&#8217;eccezionale visita guidata ai Musei Capitolini condotta per la RJW dalla Direttrice dei Musei Civici Ilaria Mariani Miarelli; le conferenze sul gioiello a Palazzo Valentini e a Palazzo Braschi. Oltre naturalmente ai numerosi artisti, atelier, collettivi e scuole che espongono le proprie creazioni a Roma e non solo. Tema dell&#8217;edizione 2023 \u00e8 \u201cSecond life\u201d: lo sguardo al futuro del gioiello senza dimenticare la tradizione e dando anche nuova vita al vintage. <em>(nelle immagini: in apertura una splendida creazione di Margherita Burghener, courtesy of Gustavo Marco Cipolla_<\/em><em>Head of Press Office RJW<\/em><em>; a seguire, RJW 23, Designer_Deliege, Dettaglidattimi, Fenicia, Marra, Perali, Ugolini, Vera Bath_Ph Beniamin Ciripan; il choker <\/em><em>in bronzo Venere di <\/em><strong><em>Maria Patrizia Marra, courtesy of Studio D)<\/em><\/strong><\/p>\n\n\n<div class=\"wp-block-image\">\n<figure class=\"alignright size-large is-resized\"><a href=\"https:\/\/www.farecentronews.com\/wp-content\/uploads\/2023\/10\/still-indossata-scaled.jpg\"><img loading=\"lazy\" decoding=\"async\" src=\"https:\/\/www.farecentronews.com\/wp-content\/uploads\/2023\/10\/still-indossata-683x1024.jpg\" alt=\"\" class=\"wp-image-7977\" style=\"width:349px;height:524px\" width=\"349\" height=\"524\" srcset=\"https:\/\/www.farecentronews.com\/wp-content\/uploads\/2023\/10\/still-indossata-683x1024.jpg 683w, https:\/\/www.farecentronews.com\/wp-content\/uploads\/2023\/10\/still-indossata-200x300.jpg 200w, https:\/\/www.farecentronews.com\/wp-content\/uploads\/2023\/10\/still-indossata-768x1152.jpg 768w, https:\/\/www.farecentronews.com\/wp-content\/uploads\/2023\/10\/still-indossata-1024x1536.jpg 1024w, https:\/\/www.farecentronews.com\/wp-content\/uploads\/2023\/10\/still-indossata-1365x2048.jpg 1365w, https:\/\/www.farecentronews.com\/wp-content\/uploads\/2023\/10\/still-indossata-scaled.jpg 1707w\" sizes=\"auto, (max-width: 349px) 100vw, 349px\" \/><\/a><\/figure>\n<\/div>\n\n\n<p class=\"wp-block-paragraph\"><a href=\"http:\/\/www.romajewelryweek.com\/\"><strong>www.romajewelryweek.com<\/strong><\/a><br>#romajewelryweek2023 #romajewelryweek<br><strong>Maria Patrizia Marra e il gioiello Venere<\/strong><br><strong>Maria Patrizia Marra <\/strong>partecipa alla terza edizione della <strong><em>Roma Jewelry Week<\/em> all&#8217;interno del Premio Incinque Jewels <\/strong>con il <em>choker<\/em> in bronzo <strong>Venere<\/strong>. La Designer realizza con abile maestr\u00eca gioielli ottenuti dalla fusione di pezzi vintage ricchi di memoria, creando nuove forme contemporanee: cos\u00ec prendono vita creazioni solide e materiche come questo ciondolo che, in un sofisticato intreccio di capelli e foglie, \u00e8 dedicato a una Afrodite moderna. Non pi\u00f9 mito, ma donna combattiva ed energetica. Un gioiello, dunque, che \u00e8 sincretismo di bellezza e potenza, amuleto di una femminilit\u00e0 senza fine. Il ciondolo \u00e8 esposto dal 13 al 15 Ottobre presso i Mercati di Traiano, nel contest <strong>Premio Incinque Jewels<\/strong>.<br>IG: <strong>@mariapatriziamarra<\/strong><br><a href=\"http:\/\/www.mariapatriziamarra.com\/\"><strong>www.mariapatriziamarra.com<\/strong><\/a><br><strong>#mariapatriziamarra #chokervenere<\/strong><br><strong>Il Premio Incinque Jewels nel cuore di Roma<\/strong><br>Circa 80 gli artisti provenienti da tutto il mondo che esporranno le loro creazioni realizzate per il tema di quest\u2019anno <em>Second Life<\/em>, presso i Mercati di Traiano. Durante il Premio <strong>Incinque Jewels<\/strong> &#8211; indetto dall\u2019<em>Associazione Incinque open Art Monti<\/em> che promuove la cultura del gioiello contemporaneo &#8211; si terr\u00e0 anche una esperienza performativa in collaborazione con<em> elda.about<\/em>, \u201cDialoghi Tattili- RJW \u201823 Experience\u201d, concepita come un invito al dialogo tattile che coinvolge il pubblico nella manipolazione della materia, attraverso cui si potr\u00e0 esplorare il concetto di indossabilit\u00e0 di una sensazione.<\/p>\n\n\n\n<p class=\"wp-block-paragraph\"><strong>La task force RJW<\/strong><br>La RJW, ideata dall\u2019architetto Monica Cecchini direttore del progetto, \u00e8 promossa dall\u2019Associazione <strong>Incinque Open Art Monti<\/strong>, e vede la collaborazione organizzativa e logistica con il Municipio I \u2013 Roma centro; la collaborazione del VIVE-Vittoriano e Palazzo Venezia, con il patrocinio della Citt\u00e0 metropolitana di Roma, dell\u2019Assessorato alle Politiche della Sicurezza, Attivit\u00e0 Produttive e alle Pari Opportunit\u00e0 e del Municipio I Roma Centro, e in collaborazione con il Comune di Valenza. Si ringrazia per la collaborazione Alessandro Onorato Assessore ai Grandi Eventi, Sport, Turismo e Moda di Roma Capitale. Consulenza di: Barbara Brocchi, creative manager, illustratrice, scrittrice, designer e coordinatrice del dipartimento di design del gioiello IED-Roma, di Bianca Cappello, docente, storica e critica del gioiello, di Claudio Franchi orafo, argentiere, storico e critico d\u2019arte, di Laura Astrologo Porch\u00e9, jewelry journalist, caporedattrice della rubrica Watches &amp; Jewels del gruppo editoriale Celebre Magazine World, redattrice per Robb Report Italia, Rapaport, Orafo Italiano e altri magazine, lecturer e titolare della pagina instagram @journaldesbijou, di Giorgia Zoppolato, Jewelry Blogger, Psicologa del Marketing, Art Director e Set Designer per fotografia del Gioiello, @missgio_jewelryblog, di Maria Rita Delli Quadri esperta di valorizzazione culturale e Amministratore Unico di Roma&amp;Roma srl, per quanto riguarda i rapporti con le istituzioni, e infine con il contributo dell\u2019artista Emanuele Leonardi. Nell\u2019ottica di consolidare i rapporti, la RJW ha coinvolto molte realt\u00e0 e vanta la partecipazione continuativa dell&#8217;Universit\u00e0 e Nobil Collegio degli Orefici, Gioiellieri, Argentieri dell\u2019Alma Citt\u00e0 di Roma e del Console Camerlengo dell\u2019Universit\u00e0 e Storico di Arte Orafa Aldo Vitali.<\/p>\n","protected":false},"excerpt":{"rendered":"<p>Roma Jewelry Week, l\u2019evento internazionale dedicato alla cultura del gioiello \u00e8 in corso Roma in diverse location sino al 16 Ottobre. Alla sua terza edizione, la RJW coinvolge numerosi artisti, designer, realt\u00e0 orafe storiche, laboratori, e si sviluppa in maniera \u201cdiffusa\u201d fra mostre, conferenze, premi, eventi, performance a tema. Nel ricchissimo calendario scaricabile online, fra [&hellip;]<\/p>\n","protected":false},"author":4,"featured_media":7975,"comment_status":"closed","ping_status":"closed","sticky":false,"template":"","format":"standard","meta":{"footnotes":""},"categories":[35,1],"tags":[1206,1533,86,3918,243,3979],"class_list":["post-7973","post","type-post","status-publish","format-standard","has-post-thumbnail","hentry","category-fashion-news","category-moda-shopping","tag-arte-orafa","tag-gioielli","tag-in-evidenza","tag-maria-patrizia-marra","tag-marina-de-benedictis","tag-roma-jewelry-week"],"_links":{"self":[{"href":"https:\/\/www.farecentronews.com\/index.php?rest_route=\/wp\/v2\/posts\/7973","targetHints":{"allow":["GET"]}}],"collection":[{"href":"https:\/\/www.farecentronews.com\/index.php?rest_route=\/wp\/v2\/posts"}],"about":[{"href":"https:\/\/www.farecentronews.com\/index.php?rest_route=\/wp\/v2\/types\/post"}],"author":[{"embeddable":true,"href":"https:\/\/www.farecentronews.com\/index.php?rest_route=\/wp\/v2\/users\/4"}],"replies":[{"embeddable":true,"href":"https:\/\/www.farecentronews.com\/index.php?rest_route=%2Fwp%2Fv2%2Fcomments&post=7973"}],"version-history":[{"count":2,"href":"https:\/\/www.farecentronews.com\/index.php?rest_route=\/wp\/v2\/posts\/7973\/revisions"}],"predecessor-version":[{"id":7978,"href":"https:\/\/www.farecentronews.com\/index.php?rest_route=\/wp\/v2\/posts\/7973\/revisions\/7978"}],"wp:featuredmedia":[{"embeddable":true,"href":"https:\/\/www.farecentronews.com\/index.php?rest_route=\/wp\/v2\/media\/7975"}],"wp:attachment":[{"href":"https:\/\/www.farecentronews.com\/index.php?rest_route=%2Fwp%2Fv2%2Fmedia&parent=7973"}],"wp:term":[{"taxonomy":"category","embeddable":true,"href":"https:\/\/www.farecentronews.com\/index.php?rest_route=%2Fwp%2Fv2%2Fcategories&post=7973"},{"taxonomy":"post_tag","embeddable":true,"href":"https:\/\/www.farecentronews.com\/index.php?rest_route=%2Fwp%2Fv2%2Ftags&post=7973"}],"curies":[{"name":"wp","href":"https:\/\/api.w.org\/{rel}","templated":true}]}}