{"id":7943,"date":"2023-07-10T07:14:39","date_gmt":"2023-07-10T07:14:39","guid":{"rendered":"https:\/\/www.farecentronews.com\/?p=7943"},"modified":"2023-07-10T07:20:25","modified_gmt":"2023-07-10T07:20:25","slug":"raffa-la-rivoluzione-dellombelico","status":"publish","type":"post","link":"https:\/\/www.farecentronews.com\/?p=7943","title":{"rendered":"Raffa. La rivoluzione dell&#8217;ombelico"},"content":{"rendered":"<div class=\"wp-block-image\">\n<figure class=\"alignleft size-large is-resized\"><a href=\"https:\/\/www.farecentronews.com\/wp-content\/uploads\/2023\/07\/SECONDA-FOTO_BANNER-1200x675-1.jpg\"><img loading=\"lazy\" decoding=\"async\" src=\"https:\/\/www.farecentronews.com\/wp-content\/uploads\/2023\/07\/SECONDA-FOTO_BANNER-1200x675-1-1024x576.jpg\" alt=\"\" class=\"wp-image-7946\" width=\"494\" height=\"277\" srcset=\"https:\/\/www.farecentronews.com\/wp-content\/uploads\/2023\/07\/SECONDA-FOTO_BANNER-1200x675-1-1024x576.jpg 1024w, https:\/\/www.farecentronews.com\/wp-content\/uploads\/2023\/07\/SECONDA-FOTO_BANNER-1200x675-1-300x169.jpg 300w, https:\/\/www.farecentronews.com\/wp-content\/uploads\/2023\/07\/SECONDA-FOTO_BANNER-1200x675-1-768x432.jpg 768w, https:\/\/www.farecentronews.com\/wp-content\/uploads\/2023\/07\/SECONDA-FOTO_BANNER-1200x675-1.jpg 1200w\" sizes=\"auto, (max-width: 494px) 100vw, 494px\" \/><\/a><\/figure>\n<\/div>\n\n\n<p class=\"wp-block-paragraph\">Un&#8217;artista unica. Una donna di carattere. Una professionista serissima. <strong>Raffaella Carr\u00e0<\/strong> \u00e8 un&#8217;icona assoluta, senza attribuzione di genere: non \u00e8 solo un ideale per uomini e donne etero o un simbolo della parit\u00e0 dei sessi, n\u00e9 il mito esclusivo della comunit\u00e0 lgbtq+. Lei \u00e8 di pi\u00f9: \u00e8 arte pop, libert\u00e0, modernit\u00e0. \u00c8 pura rivoluzione: Raffaella scopriva l&#8217;ombelico quando l&#8217;Italia era ancora conformista. Attirava l&#8217;ammirazione di tutti, ballando le coreografie con perfetta disciplina e movenze ultra femminili. Indossava costumi da sogno ancora oggi attualissimi, realizzati con maestr\u00eca dai migliori Sarti italiani. Lei, con la sua carica energetica profondamente <em>sui generis<\/em>, cambiava le regole del gioco: con sensualit\u00e0, totale assenza di volgarit\u00e0 e una spiccata ironia. Il tutto in una tv ancora in bianco e nero, dove esistevano solo le trasmissioni targate Rai, riuscendo irrevocabilmente a entrare nell&#8217;immaginario collettivo di ogni generazione per oltre 50 anni.  Raffa, una incredibile forza della natura, ogni volta diversa ma sempre fedele a s\u00e9 stessa. Oggi, a due anni dalla scomparsa e a 80 dalla nascita, \u00e8 celebrata da un interessante docufilm evento del regista <strong>Daniele Luchetti<\/strong> nelle sale sino al 12 luglio. Imperdibile. <em>(Nelle immagini_courtesy of Nexo Digital Area Comunicazione: in apertura, RAFFA_credit_archivio privato Pelloni_PELLONI_40; a seguire, la locandina del film; in chiusura, RAFFA_credit_Reporters Associati &amp; Archivi_REPORTERSASSOCIATI_16376 &#8211; 02 &#8211; CARRA&#8217; BONCOMPAGNI UDIENZA PAPA GIOVANNI PAOLO II &#8211; 1984 N)<\/em><\/p>\n\n\n<div class=\"wp-block-image\">\n<figure class=\"alignright size-large is-resized\"><a href=\"https:\/\/www.farecentronews.com\/wp-content\/uploads\/2023\/07\/FOTO-CHIUSURA_RAFFA_credit_Reporters-Associati-Archivi_REPORTERSASSOCIATI_16376-02-CARRA-BONCOMPAGNI-UDIENZA-PAPA-GIOVANNI-PAOLO-II-1984-N-scaled.jpg\"><img loading=\"lazy\" decoding=\"async\" src=\"https:\/\/www.farecentronews.com\/wp-content\/uploads\/2023\/07\/FOTO-CHIUSURA_RAFFA_credit_Reporters-Associati-Archivi_REPORTERSASSOCIATI_16376-02-CARRA-BONCOMPAGNI-UDIENZA-PAPA-GIOVANNI-PAOLO-II-1984-N-1024x711.jpg\" alt=\"\" class=\"wp-image-7947\" width=\"477\" height=\"331\" srcset=\"https:\/\/www.farecentronews.com\/wp-content\/uploads\/2023\/07\/FOTO-CHIUSURA_RAFFA_credit_Reporters-Associati-Archivi_REPORTERSASSOCIATI_16376-02-CARRA-BONCOMPAGNI-UDIENZA-PAPA-GIOVANNI-PAOLO-II-1984-N-1024x711.jpg 1024w, https:\/\/www.farecentronews.com\/wp-content\/uploads\/2023\/07\/FOTO-CHIUSURA_RAFFA_credit_Reporters-Associati-Archivi_REPORTERSASSOCIATI_16376-02-CARRA-BONCOMPAGNI-UDIENZA-PAPA-GIOVANNI-PAOLO-II-1984-N-300x208.jpg 300w, https:\/\/www.farecentronews.com\/wp-content\/uploads\/2023\/07\/FOTO-CHIUSURA_RAFFA_credit_Reporters-Associati-Archivi_REPORTERSASSOCIATI_16376-02-CARRA-BONCOMPAGNI-UDIENZA-PAPA-GIOVANNI-PAOLO-II-1984-N-768x533.jpg 768w, https:\/\/www.farecentronews.com\/wp-content\/uploads\/2023\/07\/FOTO-CHIUSURA_RAFFA_credit_Reporters-Associati-Archivi_REPORTERSASSOCIATI_16376-02-CARRA-BONCOMPAGNI-UDIENZA-PAPA-GIOVANNI-PAOLO-II-1984-N-1536x1066.jpg 1536w, https:\/\/www.farecentronews.com\/wp-content\/uploads\/2023\/07\/FOTO-CHIUSURA_RAFFA_credit_Reporters-Associati-Archivi_REPORTERSASSOCIATI_16376-02-CARRA-BONCOMPAGNI-UDIENZA-PAPA-GIOVANNI-PAOLO-II-1984-N-2048x1421.jpg 2048w, https:\/\/www.farecentronews.com\/wp-content\/uploads\/2023\/07\/FOTO-CHIUSURA_RAFFA_credit_Reporters-Associati-Archivi_REPORTERSASSOCIATI_16376-02-CARRA-BONCOMPAGNI-UDIENZA-PAPA-GIOVANNI-PAOLO-II-1984-N-338x234.jpg 338w\" sizes=\"auto, (max-width: 477px) 100vw, 477px\" \/><\/a><\/figure>\n<\/div>\n\n\n<p class=\"wp-block-paragraph\"><strong>Raffa, il film<\/strong><br>\u201c<em>Da ragazzino dichiaravo di non amare Raffaella Carr\u00e0. In realt\u00e0 ne ero turbato e segretamente innamorato. Da adolescente pensavo fosse solo un\u2019icona pop mentre io ero interessato a culture alternative. Lei troneggiava dalla tv del salotto mentre pranzavamo, e nonostante fingessi di essere scandalizzato dal disimpegno delle sue trasmissioni di mezzogiorno, come chiunque, ero attaccato al televisore e ai suoi primi piani. Girare Raffa \u00e8 stata per me un\u2019occasione speciale. Rivivere a distanza di anni, e finalmente senza pregiudizi, le ragioni del suo travolgente successo, mi ha fatto capire quanto ad essere avanti fosse lei, non io che semplicemente seguivo altri grandi fenomeni costruiti a consumo dei giovani\u201d<\/em>, dichiara <strong>Daniele Luchetti <\/strong>dopo la realizzazione del suo film documentario <em>\u201cRaffa, il ritratto inedito di un&#8217;icona senza tempo\u201d<\/em>&#8211; scritto da <strong>Cristiana Farina <\/strong>con Carlo Altinier, Barbara Boncompagni, Tot\u00f2 Coppolino, Salvo Guercio &#8211; ricchissimo di contributi e interviste che ci svelano soprattutto una Carr\u00e0 privata nonch\u00e9 la sua lunghissima carriera densa di esperienze professionali sia in Italia che all&#8217;estero. Raffaella era in realt\u00e0 una persona riservatissima, giustamente gelosa del privato, in controtendenza rispetto alla maggior parte delle star del mondo dello spettacolo. Una donna che ha lottato per affermarsi in un mondo maschilista, ma anche una donna che ha amato e sofferto. L&#8217;infanzia in Romagna segnata dall&#8217;abbandono del padre; il flirt &#8220;da copertina&#8221; con Frank Sinatra; i suoi due grandi amori; il rimpianto per una maternit\u00e0 mancata; moltissimi trionfi, crisi e rinascite: il film permette di scoprire qualcosa di pi\u00f9 della vita dell&#8217;Artista che ha venduto ben 60 milioni di dischi, \u00e8 stata attrice di cinema, soubrette, ballerina, autrice e conduttrice tv. Nel film &#8211; un titolo originale <strong>Disney+<\/strong> prodotto da <strong>Fremantle<\/strong> &#8211; i contributi di: Barbara Boncompagni, Tiziano Ferro, Matteo Pelloni, Enzo Paolo Turchi, Bob Sinclar, Renzo Arbore e tanti altri.<\/p>\n\n\n\n<p class=\"wp-block-paragraph\"><strong>Raffa, il ritratto inedito di un&#8217;icona senza tempo<\/strong><br>Nei cinema nazionali sino al 12 Luglio 2023<br>Le sale e il trailer al link: <a href=\"http:\/\/www.nexodigital.it\/raffa\"><strong>www.nexodigital.it\/raffa<\/strong><\/a><\/p>\n","protected":false},"excerpt":{"rendered":"<p>Un&#8217;artista unica. Una donna di carattere. Una professionista serissima. Raffaella Carr\u00e0 \u00e8 un&#8217;icona assoluta, senza attribuzione di genere: non \u00e8 solo un ideale per uomini e donne etero o un simbolo della parit\u00e0 dei sessi, n\u00e9 il mito esclusivo della comunit\u00e0 lgbtq+. Lei \u00e8 di pi\u00f9: \u00e8 arte pop, libert\u00e0, modernit\u00e0. \u00c8 pura rivoluzione: Raffaella [&hellip;]<\/p>\n","protected":false},"author":4,"featured_media":7945,"comment_status":"closed","ping_status":"closed","sticky":false,"template":"","format":"standard","meta":{"footnotes":""},"categories":[34,5],"tags":[3968,663,86,243,3948],"class_list":["post-7943","post","type-post","status-publish","format-standard","has-post-thumbnail","hentry","category-cinema","category-musica-spettacolo","tag-cristiana-farina","tag-daniele-lucchetti","tag-in-evidenza","tag-marina-de-benedictis","tag-raffaella-carra"],"_links":{"self":[{"href":"https:\/\/www.farecentronews.com\/index.php?rest_route=\/wp\/v2\/posts\/7943","targetHints":{"allow":["GET"]}}],"collection":[{"href":"https:\/\/www.farecentronews.com\/index.php?rest_route=\/wp\/v2\/posts"}],"about":[{"href":"https:\/\/www.farecentronews.com\/index.php?rest_route=\/wp\/v2\/types\/post"}],"author":[{"embeddable":true,"href":"https:\/\/www.farecentronews.com\/index.php?rest_route=\/wp\/v2\/users\/4"}],"replies":[{"embeddable":true,"href":"https:\/\/www.farecentronews.com\/index.php?rest_route=%2Fwp%2Fv2%2Fcomments&post=7943"}],"version-history":[{"count":2,"href":"https:\/\/www.farecentronews.com\/index.php?rest_route=\/wp\/v2\/posts\/7943\/revisions"}],"predecessor-version":[{"id":7948,"href":"https:\/\/www.farecentronews.com\/index.php?rest_route=\/wp\/v2\/posts\/7943\/revisions\/7948"}],"wp:featuredmedia":[{"embeddable":true,"href":"https:\/\/www.farecentronews.com\/index.php?rest_route=\/wp\/v2\/media\/7945"}],"wp:attachment":[{"href":"https:\/\/www.farecentronews.com\/index.php?rest_route=%2Fwp%2Fv2%2Fmedia&parent=7943"}],"wp:term":[{"taxonomy":"category","embeddable":true,"href":"https:\/\/www.farecentronews.com\/index.php?rest_route=%2Fwp%2Fv2%2Fcategories&post=7943"},{"taxonomy":"post_tag","embeddable":true,"href":"https:\/\/www.farecentronews.com\/index.php?rest_route=%2Fwp%2Fv2%2Ftags&post=7943"}],"curies":[{"name":"wp","href":"https:\/\/api.w.org\/{rel}","templated":true}]}}