{"id":7795,"date":"2023-02-23T15:22:24","date_gmt":"2023-02-23T15:22:24","guid":{"rendered":"https:\/\/www.farecentronews.com\/?p=7795"},"modified":"2023-02-23T15:41:00","modified_gmt":"2023-02-23T15:41:00","slug":"canto-libero-tutto-esaurito-a-roma-in-omaggio-a-battisti-e-mogol","status":"publish","type":"post","link":"https:\/\/www.farecentronews.com\/?p=7795","title":{"rendered":"Canto libero. Tutto esaurito a Roma in omaggio a Battisti e Mogol"},"content":{"rendered":"<div class=\"wp-block-image\">\n<figure class=\"alignleft size-full is-resized\"><a href=\"https:\/\/www.farecentronews.com\/wp-content\/uploads\/2023\/02\/LOCANDINA-CANTO-LIBERO.jpg\"><img loading=\"lazy\" decoding=\"async\" src=\"https:\/\/www.farecentronews.com\/wp-content\/uploads\/2023\/02\/LOCANDINA-CANTO-LIBERO.jpg\" alt=\"\" class=\"wp-image-7798\" width=\"253\" height=\"365\" srcset=\"https:\/\/www.farecentronews.com\/wp-content\/uploads\/2023\/02\/LOCANDINA-CANTO-LIBERO.jpg 426w, https:\/\/www.farecentronews.com\/wp-content\/uploads\/2023\/02\/LOCANDINA-CANTO-LIBERO-208x300.jpg 208w\" sizes=\"auto, (max-width: 253px) 100vw, 253px\" \/><\/a><\/figure>\n<\/div>\n\n\n<p class=\"wp-block-paragraph\">Torna nella Capitale \u201c<strong>Canto Libero, Omaggio alle canzoni di Battisti e Mogol\u201d<\/strong>, al <strong>Teatro Olimpico<\/strong> per la produzione di <em>Good Vibrations Entertainment <\/em>da un&#8217;idea di <strong>Fabio \u201cRed\u201d Rosso <\/strong>con la direzione musicale di <strong>Giovanni Vianelli<\/strong>. Un viaggio nelle parole e fra le sonorit\u00e0 del binomio Battisti\/Mogol, con qualche innovazione negli arrangiamenti della band &#8211; a tratti rock, a tratti blues, con incursioni latine &#8211; ma sempre senza mai stravolgere lo spartito originale.<\/p>\n\n\n\n<p class=\"wp-block-paragraph\">La formazione della band, composta da ben 10 elementi, ipnotizza con i suoi virtuosismi ricchi di <em>pathos<\/em> tutto il pubblico a ogni concerto: la voce di Fabio \u201cRed\u201d Rosso, il pianoforte e la direzione musicale di Giovanni Vianelli, le chitarre di Emanuele \u201cGraffo\u201d Grafitti e Luigi Di Campo, Alessandro Sala al basso e alla programmazione computer, la batteria di Jimmy Bolco, le percussioni e la batteria di Marco Vattovani, Luca Piccolo alle tastiere, le bellissime voci di Joy Jenkins e Michela Grilli (strepitose anche negli assoli) e l&#8217;imbattibile ingegnere del suono Jan Baruca. E cos\u00ec si susseguono, come preziose chicche, una ad una tutte le canzoni pi\u00f9 conosciute e apprezzate di Battisti, che la sera di marted\u00ec scorso inducono il pubblico a cantare e ballare senza sosta fra le poltrone del Teatro Olimpico: da <em>La collina dei ciliegi<\/em> ad <em>Anna<\/em>, da <em>E penso a te<\/em> a <em>Emozioni<\/em> passando per <em>Dieci ragazze per me<\/em> e <em>Non \u00e8 Francesca<\/em>. E cos\u00ec via in un tripudio di note e canti in piena libert\u00e0. Sold out e pubblico in ovazione. <em>(Credit immagini: in apertura, uno scatto da un concerto ph_Francesco Chiot\/Good Vibrations Entertainment; a seguire, la locandina della serata romana e uno scatto che ritrae la formazione sul palco del Teatro Olimpico ph_Marina De Benedictis)<\/em><\/p>\n\n\n<div class=\"wp-block-image\">\n<figure class=\"alignright size-full is-resized\"><a href=\"https:\/\/www.farecentronews.com\/wp-content\/uploads\/2023\/02\/CANTO-LIBERO_PH-MDB.jpg\"><img loading=\"lazy\" decoding=\"async\" src=\"https:\/\/www.farecentronews.com\/wp-content\/uploads\/2023\/02\/CANTO-LIBERO_PH-MDB.jpg\" alt=\"\" class=\"wp-image-7800\" width=\"416\" height=\"312\" srcset=\"https:\/\/www.farecentronews.com\/wp-content\/uploads\/2023\/02\/CANTO-LIBERO_PH-MDB.jpg 591w, https:\/\/www.farecentronews.com\/wp-content\/uploads\/2023\/02\/CANTO-LIBERO_PH-MDB-300x225.jpg 300w\" sizes=\"auto, (max-width: 416px) 100vw, 416px\" \/><\/a><\/figure>\n<\/div>\n\n\n<p class=\"wp-block-paragraph\"><strong>Planando sopra boschi di braccia tese<\/strong><br>Spiega Fabio \u201cRed\u201d Rosso: <em>\u00abDopo aver studiato molto la sua musica, Battisti mi ha sorpreso ancor di pi\u00f9. Secondo me, \u00e8 stato il pi\u00f9 grande artista che abbia mai attraversato il panorama musicale italiano, per quantit\u00e0 e qualit\u00e0 di brani. \u201cUn genio della melodia\u201d come l\u2019ha definito David Bowie. E poi, io amo anche la sua voce. Quando sono sul palco, ho grande rispetto per quel che faccio, intendo nei suoi confronti, e spero sempre di farlo al meglio. Di certo ci metto tutto me stesso. E spero di trasmetterlo al pubblico. \u00c8 uno spettacolo studiato nei minimi dettagli, nulla \u00e8 lasciato al caso, arrangiamenti curatissimi, dinamiche e scenografie, videoproiezioni. Insomma, ci abbiamo messo il cuore\u00bb<\/em>. Giovanni Vianelli aggiunge: <em>\u00abDa parte mia non c\u2019\u00e8 nessuna intenzione di rendere \u201cattuale\u201d il sound delle canzoni di Lucio Battisti. Noi cerchiamo solo il sound giusto nei limiti delle nostre possibilit\u00e0, e non lo facciamo in modo attuale, ma in modo volutamente classico: non usiamo click se non come riferimento iniziale, nessuna sequenza, ci sincronizziamo spontaneamente con i filmati, suoniamo con la strumentazione del buon vecchio rock, saliamo in dieci sul palco fregandocene delle attuali esigenze del mercato&#8230;\u00bb<\/em>. (<em>Fonte:Ufficio Stampa Fabiana Manuelli)<\/em><\/p>\n\n\n\n<p class=\"wp-block-paragraph\"><strong>Mogol docet<\/strong><br>Dopo aver riempito piazze e teatri in giro per l\u2019Italia (e anche in Slovenia, Croazia e Montenegro), un grande riconoscimento del loro valore artistico arriva a fine 2015 con il tutto esaurito al Teatro Rossetti di Trieste dove Mogol, ospite speciale dello spettacolo, diede la &#8220;benedizione ufficiale&#8221; al Canto Libero. L\u2019esperienza si ripete ad aprile 2017, quando Mogol torna sul palco con la band nella data udinese per l\u2019ennesimo sold-out al Giovanni da Udine. Nel settembre 2018 Mogol \u00e8 di nuovo con Canto Libero al Teatro Romano di Verona per il concerto del ventennale dalla scomparsa di Lucio: in quell\u2019occasione non ha paura di esagerare dichiarando che <em>&#8220;Questa band, la prossima volta, dovrebbe suonare all\u2019Arena!&#8221;.<\/em><br>Racconta Fabio \u201cRed\u201d Rosso: Mogol dopo un concerto ci ha detto: <em>&#8220;Avete suonato esattamente come avrebbe voluto Battisti&#8221;<\/em>.<em> \u00c8 stato uno dei pi\u00f9 bei complimenti. Ha apprezzato gli arrangiamenti, ha capito che abbiamo lavorato tanto e siamo riusciti a tirare fuori tutta la musica che Lucio aveva dentro: il blues, il rock, il soul\u201d<\/em>. Canto libero ospita inoltre professionisti della musica a sorpresa: fra questi Flavio Boltro, il sassofonista jazz Marco Castelli, il fisarmonicista ungherese Mih\u00e1ly Husz\u00e1r. (<em>Fonte:Ufficio Stampa Fabiana Manuelli)<\/em><\/p>\n\n\n\n<p class=\"wp-block-paragraph\"><strong>Canto Libero: <\/strong><a href=\"https:\/\/www.facebook.com\/band.cantolibero\/?fref=ts\"><u>https:\/\/www.facebook.com\/band.cantolibero\/?fref=ts<\/u><\/a> <a href=\"http:\/\/www.canto-libero.it\/\"><u>http:\/\/www.canto-libero.it\/<\/u><\/a><\/p>\n","protected":false},"excerpt":{"rendered":"<p>Torna nella Capitale \u201cCanto Libero, Omaggio alle canzoni di Battisti e Mogol\u201d, al Teatro Olimpico per la produzione di Good Vibrations Entertainment da un&#8217;idea di Fabio \u201cRed\u201d Rosso con la direzione musicale di Giovanni Vianelli. Un viaggio nelle parole e fra le sonorit\u00e0 del binomio Battisti\/Mogol, con qualche innovazione negli arrangiamenti della band &#8211; a [&hellip;]<\/p>\n","protected":false},"author":5,"featured_media":7797,"comment_status":"closed","ping_status":"closed","sticky":false,"template":"","format":"standard","meta":{"footnotes":""},"categories":[32,5],"tags":[444,3121,3917,86,3120,1138],"class_list":["post-7795","post","type-post","status-publish","format-standard","has-post-thumbnail","hentry","category-concerti","category-musica-spettacolo","tag-battisti","tag-canto-libero","tag-fabio-red-rosso-2","tag-in-evidenza","tag-mogol","tag-teatro-olimpico"],"_links":{"self":[{"href":"https:\/\/www.farecentronews.com\/index.php?rest_route=\/wp\/v2\/posts\/7795","targetHints":{"allow":["GET"]}}],"collection":[{"href":"https:\/\/www.farecentronews.com\/index.php?rest_route=\/wp\/v2\/posts"}],"about":[{"href":"https:\/\/www.farecentronews.com\/index.php?rest_route=\/wp\/v2\/types\/post"}],"author":[{"embeddable":true,"href":"https:\/\/www.farecentronews.com\/index.php?rest_route=\/wp\/v2\/users\/5"}],"replies":[{"embeddable":true,"href":"https:\/\/www.farecentronews.com\/index.php?rest_route=%2Fwp%2Fv2%2Fcomments&post=7795"}],"version-history":[{"count":5,"href":"https:\/\/www.farecentronews.com\/index.php?rest_route=\/wp\/v2\/posts\/7795\/revisions"}],"predecessor-version":[{"id":7803,"href":"https:\/\/www.farecentronews.com\/index.php?rest_route=\/wp\/v2\/posts\/7795\/revisions\/7803"}],"wp:featuredmedia":[{"embeddable":true,"href":"https:\/\/www.farecentronews.com\/index.php?rest_route=\/wp\/v2\/media\/7797"}],"wp:attachment":[{"href":"https:\/\/www.farecentronews.com\/index.php?rest_route=%2Fwp%2Fv2%2Fmedia&parent=7795"}],"wp:term":[{"taxonomy":"category","embeddable":true,"href":"https:\/\/www.farecentronews.com\/index.php?rest_route=%2Fwp%2Fv2%2Fcategories&post=7795"},{"taxonomy":"post_tag","embeddable":true,"href":"https:\/\/www.farecentronews.com\/index.php?rest_route=%2Fwp%2Fv2%2Ftags&post=7795"}],"curies":[{"name":"wp","href":"https:\/\/api.w.org\/{rel}","templated":true}]}}