{"id":7776,"date":"2023-02-07T15:09:36","date_gmt":"2023-02-07T15:09:36","guid":{"rendered":"https:\/\/www.farecentronews.com\/?p=7776"},"modified":"2023-02-08T08:31:00","modified_gmt":"2023-02-08T08:31:00","slug":"louis-vuitton-per-yaoyoi-kusama-la-moda-e-una-zucca-a-pois","status":"publish","type":"post","link":"https:\/\/www.farecentronews.com\/?p=7776","title":{"rendered":"Louis Vuitton per Yayoi Kusama. La moda \u00e8 una zucca a pois"},"content":{"rendered":"<div class=\"wp-block-image\">\n<figure class=\"alignleft size-full is-resized\"><a href=\"https:\/\/www.farecentronews.com\/wp-content\/uploads\/2023\/02\/FOTO-2__Milano-TRAVERSI_.jpg\"><img loading=\"lazy\" decoding=\"async\" src=\"https:\/\/www.farecentronews.com\/wp-content\/uploads\/2023\/02\/FOTO-2__Milano-TRAVERSI_.jpg\" alt=\"\" class=\"wp-image-7779\" width=\"339\" height=\"410\" srcset=\"https:\/\/www.farecentronews.com\/wp-content\/uploads\/2023\/02\/FOTO-2__Milano-TRAVERSI_.jpg 800w, https:\/\/www.farecentronews.com\/wp-content\/uploads\/2023\/02\/FOTO-2__Milano-TRAVERSI_-248x300.jpg 248w, https:\/\/www.farecentronews.com\/wp-content\/uploads\/2023\/02\/FOTO-2__Milano-TRAVERSI_-768x928.jpg 768w\" sizes=\"auto, (max-width: 339px) 100vw, 339px\" \/><\/a><\/figure>\n<\/div>\n\n\n<p class=\"wp-block-paragraph\">Quando l&#8217;arte sposa la moda nasce la bellezza in nome della pi\u00f9 innovativa creativit\u00e0. E&#8217; ci\u00f2 che accade nel caso di <strong>Louis Vuitton<\/strong> e della multiforme Collezione realizzata mixando gli stilemi della storica Maison con i codici di <strong>Yayoi Kusama<\/strong>, eclettica artista giapponese che ama sopra ogni cosa la ripetizione: come i suoi pois multicolor posti sulle creazioni firmate LV e che rappresentano l&#8217;infinito (<em>Infinity Dots<\/em>). Cos\u00ec anche la pioggia di \u201ccoriandoli\u201d (<em>Painted Dots<\/em>) che invade le principali citt\u00e0, da Milano a Roma passando per Tokyo e New York, attraverso i flagship store della Maison. Mentre nella versione <em>Metal Dots<\/em>, i pois diventano sfere argentate posizionate a decorare gli accessori: la borsa Cannes o le sneaker Quad ad esempio. Ma non basta. Anche il simbolo della zucca gialla a pois neri, immagine iconica dell&#8217;Artista, \u00e8 presente come richiamo in ogni dove. Compare in miniatura come charm per abbellire le borse del Brand; campeggia in versione gigante nei giardini milanesi; si ripete nelle location del Brand insieme alle <em>Metal ball<\/em>, altro simbolo dell&#8217;Artista. Infine ricordiamo anche l&#8217;ossessione per i fiori (<em>Psychedelic Flower<\/em>), che la \u201cPrincipessa dei pois\u201d ha posto su borse e abbigliamento logato. Il tutto si trasforma in un loop creativo che risulta unico e irresistibile, dal forte impatto visivo. E la contaminazione fra LV Monogram e arte \u00e8 completa. (<em>crediti ph: courtesy of LV Itali. In apertura, le imponenti sculture un vetroresina a Milano; a seguire, gli interni della nuova location LV Milano, in Via Bagutta 2, con l&#8217;allestimento immersivo ispirato agli stilemi della Collezione LV x Yayoi Kusama; i capi della Collezione LV x YK)<\/em><\/p>\n\n\n<div class=\"wp-block-image\">\n<figure class=\"alignright size-full is-resized\"><a href=\"https:\/\/www.farecentronews.com\/wp-content\/uploads\/2023\/02\/foto-3_ph-mdb.jpg\"><img loading=\"lazy\" decoding=\"async\" src=\"https:\/\/www.farecentronews.com\/wp-content\/uploads\/2023\/02\/foto-3_ph-mdb.jpg\" alt=\"\" class=\"wp-image-7780\" width=\"304\" height=\"352\" srcset=\"https:\/\/www.farecentronews.com\/wp-content\/uploads\/2023\/02\/foto-3_ph-mdb.jpg 800w, https:\/\/www.farecentronews.com\/wp-content\/uploads\/2023\/02\/foto-3_ph-mdb-259x300.jpg 259w, https:\/\/www.farecentronews.com\/wp-content\/uploads\/2023\/02\/foto-3_ph-mdb-768x888.jpg 768w\" sizes=\"auto, (max-width: 304px) 100vw, 304px\" \/><\/a><\/figure>\n<\/div>\n\n\n<p class=\"wp-block-paragraph\"><strong>Yayoi Kusama. L&#8217;arte \u00e8 una zucca<\/strong><br>A Milano Louis Vuitton celebra l&#8217;Artista con <em>\u201cCreating Infinity. I mondi di Yayoi Kusama e Louis Vuitton\u201d<\/em>: una serie di installazioni a Piazza San Babila visibili sino al 14 Febbraio. Il sodalizio in co-branding con il mondo dell&#8217;arte, infatti, per LV ha gi\u00e0 quasi un secolo di storia e negli anni &#8217;80\/&#8217;90 ha preso il volo attraverso la collaborazione con diversi nomi noti: da Jeff Koons a Sol LeVitt. Mentre l&#8217;ultimo incontro con l&#8217;Artista giapponese risale al 2012, anno in cui Yayoi ha dipinto a pois l&#8217;iconico baule LV. Ma anche a Roma, nell&#8217;ambito della mostra<em> \u201cL&#8217;Iris e la Zucca\u201d<\/em> presso l&#8217;<strong>Istituto Giapponese di Cultura<\/strong>, \u00e8 visibile &#8211; fra le opere di numerosi artisti nipponici \u2013 proprio la creazione di Yayoi Kusama denominata \u201cZucca\u201d, sino al 21 Aprile.<\/p>\n\n\n<div class=\"wp-block-image\">\n<figure class=\"alignleft size-full is-resized\"><a href=\"https:\/\/www.farecentronews.com\/wp-content\/uploads\/2023\/02\/foto-4_ph-mdb.jpg\"><img loading=\"lazy\" decoding=\"async\" src=\"https:\/\/www.farecentronews.com\/wp-content\/uploads\/2023\/02\/foto-4_ph-mdb.jpg\" alt=\"\" class=\"wp-image-7781\" width=\"385\" height=\"289\" srcset=\"https:\/\/www.farecentronews.com\/wp-content\/uploads\/2023\/02\/foto-4_ph-mdb.jpg 800w, https:\/\/www.farecentronews.com\/wp-content\/uploads\/2023\/02\/foto-4_ph-mdb-300x225.jpg 300w, https:\/\/www.farecentronews.com\/wp-content\/uploads\/2023\/02\/foto-4_ph-mdb-768x576.jpg 768w\" sizes=\"auto, (max-width: 385px) 100vw, 385px\" \/><\/a><\/figure>\n<\/div>\n\n\n<p class=\"wp-block-paragraph\"><strong>La mostra romana<\/strong><br>Ci vuole un fiore, anzi un ikebana ispirato, per celebrare i 60 anni dell\u2019Istituto Giapponese di Cultura. Focus su 24 opere, a cominciare da <em>Iris<\/em> di Maeda Seison e <em>Zucca<\/em> di Kusama Yayoi, per percorrere soavemente 60 anni e pi\u00f9 di vita e cultura del pi\u00f9 giovane Istituto della Valle delle Accademie, ovvero Valle Giulia a Roma. A corredo, foto e documenti d\u2019epoca sui primi passi, il modello originale di edificio e giardino, gli ikebana delle tre scuole Ikenobo, Ohara e S\u014dgetsu che trarranno ispirazione dalle opere in mostra a firma dei maggiori artisti moderni e contemporanei del Giappone: come Munakata Shik\u014d, Ikeda Masuo, D\u014dmoto Insh\u014d, Yokoo Tadanori, Lee U Fan, Teshigahara S\u014dfu, Kodama Kib\u014d e altri. <em>(fonte: Istituto Giapponese di Cultura in Roma; crediti ph_Marina De Benedictis: le opere di Fukuda Heihachiro \u201cBamb\u00f9\u201d e Yayoi Kusama \u201cZucca\u201d)<\/em><\/p>\n\n\n\n<p class=\"wp-block-paragraph\"><strong>Creating Infinity. I mondi di Yayoi Kusama e Louis Vuitton<\/strong><br>Installazioni, sino al 14 Febbraio 2023<br>Milano, Piazza San Babila<br><a href=\"http:\/\/www.louisvuitton.com\/\">www.louisvuitton.com<\/a><br><strong>L&#8217;Iris e la Zucca<\/strong><br>Mostra, sino al 21 Aprile 2023<br>Roma, Istituto Giapponese di Cultura_Via Gramsci, 74<br><a href=\"http:\/\/www.jfroma.it\/\">www.jfroma.it<\/a><\/p>\n","protected":false},"excerpt":{"rendered":"<p>Quando l&#8217;arte sposa la moda nasce la bellezza in nome della pi\u00f9 innovativa creativit\u00e0. E&#8217; ci\u00f2 che accade nel caso di Louis Vuitton e della multiforme Collezione realizzata mixando gli stilemi della storica Maison con i codici di Yayoi Kusama, eclettica artista giapponese che ama sopra ogni cosa la ripetizione: come i suoi pois multicolor [&hellip;]<\/p>\n","protected":false},"author":4,"featured_media":7778,"comment_status":"closed","ping_status":"closed","sticky":false,"template":"","format":"standard","meta":{"footnotes":""},"categories":[3,30],"tags":[86,3911,1294,3912,243,83,3910],"class_list":["post-7776","post","type-post","status-publish","format-standard","has-post-thumbnail","hentry","category-arte-cultura","category-mostre","tag-in-evidenza","tag-istituto-giapponese-di-cultura-2","tag-louis-vuitton","tag-maeda-seison","tag-marina-de-benedictis","tag-ultimissime","tag-yayoi-kusama"],"_links":{"self":[{"href":"https:\/\/www.farecentronews.com\/index.php?rest_route=\/wp\/v2\/posts\/7776","targetHints":{"allow":["GET"]}}],"collection":[{"href":"https:\/\/www.farecentronews.com\/index.php?rest_route=\/wp\/v2\/posts"}],"about":[{"href":"https:\/\/www.farecentronews.com\/index.php?rest_route=\/wp\/v2\/types\/post"}],"author":[{"embeddable":true,"href":"https:\/\/www.farecentronews.com\/index.php?rest_route=\/wp\/v2\/users\/4"}],"replies":[{"embeddable":true,"href":"https:\/\/www.farecentronews.com\/index.php?rest_route=%2Fwp%2Fv2%2Fcomments&post=7776"}],"version-history":[{"count":3,"href":"https:\/\/www.farecentronews.com\/index.php?rest_route=\/wp\/v2\/posts\/7776\/revisions"}],"predecessor-version":[{"id":7783,"href":"https:\/\/www.farecentronews.com\/index.php?rest_route=\/wp\/v2\/posts\/7776\/revisions\/7783"}],"wp:featuredmedia":[{"embeddable":true,"href":"https:\/\/www.farecentronews.com\/index.php?rest_route=\/wp\/v2\/media\/7778"}],"wp:attachment":[{"href":"https:\/\/www.farecentronews.com\/index.php?rest_route=%2Fwp%2Fv2%2Fmedia&parent=7776"}],"wp:term":[{"taxonomy":"category","embeddable":true,"href":"https:\/\/www.farecentronews.com\/index.php?rest_route=%2Fwp%2Fv2%2Fcategories&post=7776"},{"taxonomy":"post_tag","embeddable":true,"href":"https:\/\/www.farecentronews.com\/index.php?rest_route=%2Fwp%2Fv2%2Ftags&post=7776"}],"curies":[{"name":"wp","href":"https:\/\/api.w.org\/{rel}","templated":true}]}}