{"id":7767,"date":"2023-02-02T16:00:48","date_gmt":"2023-02-02T16:00:48","guid":{"rendered":"https:\/\/www.farecentronews.com\/?p=7767"},"modified":"2023-02-02T16:04:48","modified_gmt":"2023-02-02T16:04:48","slug":"altaroma-2023_showcase-fiori-paillettes-e-piume-per-risvegliare-la-primavera","status":"publish","type":"post","link":"https:\/\/www.farecentronews.com\/?p=7767","title":{"rendered":"AltaRoma 2023_Showcase. Fiori, paillettes e piume per risvegliare la Primavera"},"content":{"rendered":"<div class=\"wp-block-image\">\n<figure class=\"alignleft size-full is-resized\"><a href=\"https:\/\/www.farecentronews.com\/wp-content\/uploads\/2023\/02\/foto-2_MDB.jpg\"><img loading=\"lazy\" decoding=\"async\" src=\"https:\/\/www.farecentronews.com\/wp-content\/uploads\/2023\/02\/foto-2_MDB.jpg\" alt=\"\" class=\"wp-image-7770\" width=\"408\" height=\"306\" srcset=\"https:\/\/www.farecentronews.com\/wp-content\/uploads\/2023\/02\/foto-2_MDB.jpg 800w, https:\/\/www.farecentronews.com\/wp-content\/uploads\/2023\/02\/foto-2_MDB-300x225.jpg 300w, https:\/\/www.farecentronews.com\/wp-content\/uploads\/2023\/02\/foto-2_MDB-768x576.jpg 768w\" sizes=\"auto, (max-width: 408px) 100vw, 408px\" \/><\/a><\/figure>\n<\/div>\n\n\n<p class=\"wp-block-paragraph\"><strong>Altaroma Fashion Week<\/strong>, la storica tre giorni romana della Moda, si svela a gennaio negli spazi underground di <em>Pratibus District<\/em> con un&#8217;immagine diversa. Evidente culla di giovani stylist o aspiranti tali, quest&#8217;anno propone nomi nuovi e collezioni che appaiono anche fortemente sperimentali. Dopo oltre 20 anni di passerelle, qui preferiamo soprattutto sottolineare i raffinati dettagli, la passione del fatto a mano, lo stile, senza tralasciare l&#8217;innovazione creativa. E sempre in nome di un comun denominatore: il buon gusto sopra ogni cosa, perch\u00e9 il senso del bello combatte il caos. Come nel caso di <strong>Gentile Milano<\/strong>, brand creato nel 2020 da Gioacchino Gentile, che nella sua collezione rielabora gli stilemi dagli anni &#8217;60 agli &#8217;80 con una nuova visione: quella della Generazione Z. Cos\u00ec il vintage romantico \u00e8 mixato al pop e al grunge, i pantaloni a zampa e le gonne hanno ricami fioriti pendenti; i blazer sono ricamati a fuoco d&#8217;artificio in silver, le macro paillettes, l&#8217;organza e gli inserti in pume. Le forme sono fluide, per tutti, la palette spazia dal lilla al verde acido passando per il rosa e il fucsia.<\/p>\n\n\n<div class=\"wp-block-image\">\n<figure class=\"alignright size-full is-resized\"><a href=\"https:\/\/www.farecentronews.com\/wp-content\/uploads\/2023\/02\/FOTO-3_COMPOSIT-PH-MDB.jpg\"><img loading=\"lazy\" decoding=\"async\" src=\"https:\/\/www.farecentronews.com\/wp-content\/uploads\/2023\/02\/FOTO-3_COMPOSIT-PH-MDB.jpg\" alt=\"\" class=\"wp-image-7771\" width=\"449\" height=\"449\" srcset=\"https:\/\/www.farecentronews.com\/wp-content\/uploads\/2023\/02\/FOTO-3_COMPOSIT-PH-MDB.jpg 800w, https:\/\/www.farecentronews.com\/wp-content\/uploads\/2023\/02\/FOTO-3_COMPOSIT-PH-MDB-300x300.jpg 300w, https:\/\/www.farecentronews.com\/wp-content\/uploads\/2023\/02\/FOTO-3_COMPOSIT-PH-MDB-150x150.jpg 150w, https:\/\/www.farecentronews.com\/wp-content\/uploads\/2023\/02\/FOTO-3_COMPOSIT-PH-MDB-768x768.jpg 768w\" sizes=\"auto, (max-width: 449px) 100vw, 449px\" \/><\/a><\/figure>\n<\/div>\n\n\n<p class=\"wp-block-paragraph\"><strong>Annagiulia Firenze<\/strong>, brand di Giulia Mori composto da tre sorelle con la tradizione sartoriale che parte dal 1947, rappresenta invece la femminilit\u00e0 in maniera delicata, sensuale e raffinata. L&#8217;ispirazione \u00e8 la lingerie, con l&#8217;uso di tessuti pregiati italiani: seta, mohair, pizzo, tulle, georgette, velluto, taffettas e raso per farci sognare. Le tinte: grigio perla e fucsia, aragosta, oro, blu navy, rosa antico e cielo. Un viaggio nella bellezza impalpabile di ogni donna. <em>(credits immagini_ph Marina De Benedictis, tutti i diritti riservati: in apertura, il dettaglio di una creazione firmata Gentile Milano, con paillettes e una cascata di fiori applicati; a seguire, dettaglio della collezione Annagiulia Firenze, dove si ammira l&#8217;applicazione in pizzo; a chiudere, nel composit la collezione Gentile Milano)<\/em><\/p>\n\n\n\n<p class=\"wp-block-paragraph\"><strong>Showcase 2023<\/strong><br>Showcase \u00e8 la vetrina di Altaroma creata per dare visibilit\u00e0 ai Designer emergenti che si distinguono nel panorama del nostro Paese. La possibilit\u00e0 di esporre le proprie creazioni al pubblico della Roma Fashion Week permette non solo di agevolare i rapporti tra brand, ma sopratutto di avere a disposizione una rinomata vetrina per presentarsi alla stampa e ai buyer da tutto il mondo. Il progetto nasce come prosieguo naturale dell\u2019attivit\u00e0 di scouting di Altaroma con l\u2019ausilio del Ministero degli Affari Esteri e della Cooperazione Internazionale e di Agenzia ICE, che sostiene Showcase nella promozione delle imprese italiane a livello internazionale. <em>(fonte: altaroma.it)<\/em><\/p>\n\n\n\n<p class=\"wp-block-paragraph\"><a href=\"http:\/\/www.altaroma.it\/\"><strong>www.altaroma.it<\/strong><\/a><\/p>\n","protected":false},"excerpt":{"rendered":"<p>Altaroma Fashion Week, la storica tre giorni romana della Moda, si svela a gennaio negli spazi underground di Pratibus District con un&#8217;immagine diversa. Evidente culla di giovani stylist o aspiranti tali, quest&#8217;anno propone nomi nuovi e collezioni che appaiono anche fortemente sperimentali. Dopo oltre 20 anni di passerelle, qui preferiamo soprattutto sottolineare i raffinati dettagli, [&hellip;]<\/p>\n","protected":false},"author":4,"featured_media":7769,"comment_status":"closed","ping_status":"closed","sticky":false,"template":"","format":"standard","meta":{"footnotes":""},"categories":[35,1],"tags":[3358,3908,3907,86,243,3909,83],"class_list":["post-7767","post","type-post","status-publish","format-standard","has-post-thumbnail","hentry","category-fashion-news","category-moda-shopping","tag-altaroma-fashion-week","tag-annagiulia-firenze","tag-gentile-milano","tag-in-evidenza","tag-marina-de-benedictis","tag-showcasw-2023","tag-ultimissime"],"_links":{"self":[{"href":"https:\/\/www.farecentronews.com\/index.php?rest_route=\/wp\/v2\/posts\/7767","targetHints":{"allow":["GET"]}}],"collection":[{"href":"https:\/\/www.farecentronews.com\/index.php?rest_route=\/wp\/v2\/posts"}],"about":[{"href":"https:\/\/www.farecentronews.com\/index.php?rest_route=\/wp\/v2\/types\/post"}],"author":[{"embeddable":true,"href":"https:\/\/www.farecentronews.com\/index.php?rest_route=\/wp\/v2\/users\/4"}],"replies":[{"embeddable":true,"href":"https:\/\/www.farecentronews.com\/index.php?rest_route=%2Fwp%2Fv2%2Fcomments&post=7767"}],"version-history":[{"count":2,"href":"https:\/\/www.farecentronews.com\/index.php?rest_route=\/wp\/v2\/posts\/7767\/revisions"}],"predecessor-version":[{"id":7772,"href":"https:\/\/www.farecentronews.com\/index.php?rest_route=\/wp\/v2\/posts\/7767\/revisions\/7772"}],"wp:featuredmedia":[{"embeddable":true,"href":"https:\/\/www.farecentronews.com\/index.php?rest_route=\/wp\/v2\/media\/7769"}],"wp:attachment":[{"href":"https:\/\/www.farecentronews.com\/index.php?rest_route=%2Fwp%2Fv2%2Fmedia&parent=7767"}],"wp:term":[{"taxonomy":"category","embeddable":true,"href":"https:\/\/www.farecentronews.com\/index.php?rest_route=%2Fwp%2Fv2%2Fcategories&post=7767"},{"taxonomy":"post_tag","embeddable":true,"href":"https:\/\/www.farecentronews.com\/index.php?rest_route=%2Fwp%2Fv2%2Ftags&post=7767"}],"curies":[{"name":"wp","href":"https:\/\/api.w.org\/{rel}","templated":true}]}}