{"id":7755,"date":"2023-01-23T09:20:31","date_gmt":"2023-01-23T09:20:31","guid":{"rendered":"http:\/\/www.farecentronews.com\/?p=7755"},"modified":"2023-01-23T09:32:06","modified_gmt":"2023-01-23T09:32:06","slug":"equilibrio-2023-il-festival-della-danza-contemporanea-a-febbraio-nella-capitale","status":"publish","type":"post","link":"https:\/\/www.farecentronews.com\/?p=7755","title":{"rendered":"Equilibrio 2023. Il Festival della danza contemporanea a febbraio nella Capitale"},"content":{"rendered":"<div class=\"wp-block-image\">\n<figure class=\"alignleft size-full is-resized\"><a href=\"http:\/\/www.farecentronews.com\/wp-content\/uploads\/2023\/01\/Giro-di-pista-1-\u00a9Bastien-C-1.jpg\"><img loading=\"lazy\" decoding=\"async\" src=\"http:\/\/www.farecentronews.com\/wp-content\/uploads\/2023\/01\/Giro-di-pista-1-\u00a9Bastien-C-1.jpg\" alt=\"\" class=\"wp-image-7763\" width=\"453\" height=\"302\" srcset=\"https:\/\/www.farecentronews.com\/wp-content\/uploads\/2023\/01\/Giro-di-pista-1-\u00a9Bastien-C-1.jpg 800w, https:\/\/www.farecentronews.com\/wp-content\/uploads\/2023\/01\/Giro-di-pista-1-\u00a9Bastien-C-1-300x200.jpg 300w, https:\/\/www.farecentronews.com\/wp-content\/uploads\/2023\/01\/Giro-di-pista-1-\u00a9Bastien-C-1-768x513.jpg 768w\" sizes=\"auto, (max-width: 453px) 100vw, 453px\" \/><\/a><\/figure>\n<\/div>\n\n\n<p class=\"wp-block-paragraph\">Torna l&#8217;attesissimo <strong>Equilibrio<\/strong>, il Festival dedicato alla danza contemporanea prodotto dalla <strong>Fondazione Musica per Roma<\/strong> con il sostegno del <em>Ministero della Cultura \u2013 Direzione Generale Spettacolo<\/em>, dal 7 al 25 febbraio 2022 in <strong>Auditorium Parco della Musica<\/strong> con le coreografie internazionali e italiane. La curatela del Festival quest&#8217;anno \u00e8 affidata a <strong>Emanuele Masi<\/strong> che ha operato una raffinata selezione in nome della multidisciplinariet\u00e0<em>\u201cIl programma di Equilibrio 2023 &#8211; <\/em>spiega Masi<em> &#8211; mostra quanto possa essere viva, varia, inimmaginabile la materia con la quale coreografi e coreografe possono dare forma ai propri spettacoli. Sotto molteplici forme celebriamo quindi il concetto di riappropriazione culturale, inteso come approccio cosciente, frutto di studio e rispetto per il passato, che manipolando l&#8217;esistente forgia nuove opere rivolte al futuro. Le fonti di questo processo creativo potranno essere colonne sonore fatte di musica, dalle partiture barocche di Bach e Vivaldi al rock di Jimmy Hendrix, o del ritmo della voce del filosofo Philippe Deleuze. Potranno essere dodecasillabi alessandrini della tragedia francese che si trasformano in un incedere frenetico di passi o gli scritti filosofici di Spinoza. Potranno essere la mitologia greca e i vizi capitali della cristianit\u00e0, ma anche e soprattutto danza, magari riscritta a sua volta, e poco importa se si tratti di una classicissima Bayadere o dei balli tradizionali tirolesi.\u201d<\/em><\/p>\n\n\n<div class=\"wp-block-image\">\n<figure class=\"alignright size-full is-resized\"><a href=\"http:\/\/www.farecentronews.com\/wp-content\/uploads\/2023\/01\/Bayadere-Roberto-De-Biasi-1.jpg\"><img loading=\"lazy\" decoding=\"async\" src=\"http:\/\/www.farecentronews.com\/wp-content\/uploads\/2023\/01\/Bayadere-Roberto-De-Biasi-1.jpg\" alt=\"\" class=\"wp-image-7759\" width=\"483\" height=\"322\" srcset=\"https:\/\/www.farecentronews.com\/wp-content\/uploads\/2023\/01\/Bayadere-Roberto-De-Biasi-1.jpg 800w, https:\/\/www.farecentronews.com\/wp-content\/uploads\/2023\/01\/Bayadere-Roberto-De-Biasi-1-300x200.jpg 300w, https:\/\/www.farecentronews.com\/wp-content\/uploads\/2023\/01\/Bayadere-Roberto-De-Biasi-1-768x512.jpg 768w\" sizes=\"auto, (max-width: 483px) 100vw, 483px\" \/><\/a><\/figure>\n<\/div>\n\n\n<p class=\"wp-block-paragraph\">Cos\u00ec si spazia in diverse location romane &#8211; dall&#8217;Auditorium Parco della Musica al Teatro Argentina passando per il Teatro Palladium \u2013 con le coreografie e le performance di: Dimitris Papaioannou, Virgilio Sieni, la Compagnia Nuovo Balletto di Toscana, l&#8217;Accademia Nazionale di Danza, Angelin Preljiocaj, Olivier Dubois, Alessandro Sciarroni. E cos\u00ec via, in un programma molto nutrito fatto di tre settimane, 11 serate, 15 coreografe e coreografi, 4 prime italiane, 2 performance per famiglie e una Notte all\u2019Auditorium per bambini e bambine. E ancora, flash mob, talk e video. \u201c<em>Il successo della ripartenza di Equilibrio un anno fa, &#8211; <\/em>sostiene l\u2019Amministratore delegato della Fondazione Musica per Roma <strong>Daniele Pitt\u00e8ri &#8211;<\/strong><em> ci ha convinto della sua importanza per il sistema culturale. Inoltre, riuscendo a fondere e a racchiudere in s\u00e9 diverse discipline del contemporaneo, il festival si inserisce perfettamente in quelle che sono le linee guida programmatiche della Fondazione. Per questa nuova edizione abbiamo voluto ampliare il festival non solo nel tempo ma anche nello spazio per consegnare al pubblico romano una rassegna che abbracciasse altri luoghi simbolo della cultura contemporanea nella citt\u00e0, come il Teatro Argentina e il Palladium, estendendone cos\u00ec la possibilit\u00e0 di fruizione\u201d. (credit ph: apertura, Satiri, foto di Virgilio Sieni; a seguire, Giro di pista \u00a9Bastien Capela; Bayadere &#8211; Roberto De Biasio)<\/em><\/p>\n\n\n\n<p class=\"wp-block-paragraph\">EQUILIBRIO 2023<br>Il Festival di danza contemporanea di Roma<br>Diciassettesima edizione<br>dal 7 al 25 febbraio 2023<br>Auditorium Parco della Musica Ennio Morricone<br>Via Pietro de Coubertin, 10 Roma<br><a href=\"http:\/\/www.auditorium.com\/\"><strong>www.auditorium.com<\/strong><\/a><\/p>\n","protected":false},"excerpt":{"rendered":"<p>Torna l&#8217;attesissimo Equilibrio, il Festival dedicato alla danza contemporanea prodotto dalla Fondazione Musica per Roma con il sostegno del Ministero della Cultura \u2013 Direzione Generale Spettacolo, dal 7 al 25 febbraio 2022 in Auditorium Parco della Musica con le coreografie internazionali e italiane. La curatela del Festival quest&#8217;anno \u00e8 affidata a Emanuele Masi che ha [&hellip;]<\/p>\n","protected":false},"author":5,"featured_media":7757,"comment_status":"closed","ping_status":"closed","sticky":false,"template":"","format":"standard","meta":{"footnotes":""},"categories":[5,33],"tags":[77,3660,3651,3905,86,3906],"class_list":["post-7755","post","type-post","status-publish","format-standard","has-post-thumbnail","hentry","category-musica-spettacolo","category-teatro","tag-auditorium-parco-della-musica","tag-danza","tag-emanuele-masi","tag-equilibrio-2023","tag-in-evidenza","tag-teatro-palladium"],"_links":{"self":[{"href":"https:\/\/www.farecentronews.com\/index.php?rest_route=\/wp\/v2\/posts\/7755","targetHints":{"allow":["GET"]}}],"collection":[{"href":"https:\/\/www.farecentronews.com\/index.php?rest_route=\/wp\/v2\/posts"}],"about":[{"href":"https:\/\/www.farecentronews.com\/index.php?rest_route=\/wp\/v2\/types\/post"}],"author":[{"embeddable":true,"href":"https:\/\/www.farecentronews.com\/index.php?rest_route=\/wp\/v2\/users\/5"}],"replies":[{"embeddable":true,"href":"https:\/\/www.farecentronews.com\/index.php?rest_route=%2Fwp%2Fv2%2Fcomments&post=7755"}],"version-history":[{"count":4,"href":"https:\/\/www.farecentronews.com\/index.php?rest_route=\/wp\/v2\/posts\/7755\/revisions"}],"predecessor-version":[{"id":7765,"href":"https:\/\/www.farecentronews.com\/index.php?rest_route=\/wp\/v2\/posts\/7755\/revisions\/7765"}],"wp:featuredmedia":[{"embeddable":true,"href":"https:\/\/www.farecentronews.com\/index.php?rest_route=\/wp\/v2\/media\/7757"}],"wp:attachment":[{"href":"https:\/\/www.farecentronews.com\/index.php?rest_route=%2Fwp%2Fv2%2Fmedia&parent=7755"}],"wp:term":[{"taxonomy":"category","embeddable":true,"href":"https:\/\/www.farecentronews.com\/index.php?rest_route=%2Fwp%2Fv2%2Fcategories&post=7755"},{"taxonomy":"post_tag","embeddable":true,"href":"https:\/\/www.farecentronews.com\/index.php?rest_route=%2Fwp%2Fv2%2Ftags&post=7755"}],"curies":[{"name":"wp","href":"https:\/\/api.w.org\/{rel}","templated":true}]}}