{"id":7718,"date":"2022-11-23T16:48:06","date_gmt":"2022-11-23T16:48:06","guid":{"rendered":"http:\/\/www.farecentronews.com\/?p=7718"},"modified":"2022-11-23T16:48:08","modified_gmt":"2022-11-23T16:48:08","slug":"torna-a-roma-il-festival-delle-scienze-tema-di-questanno-esplorare","status":"publish","type":"post","link":"https:\/\/www.farecentronews.com\/?p=7718","title":{"rendered":"Torna a Roma il Festival delle Scienze. Tema di quest&#8217;anno: Esplorare"},"content":{"rendered":"<div class=\"wp-block-image\">\n<figure class=\"alignleft size-large is-resized\"><a href=\"http:\/\/www.farecentronews.com\/wp-content\/uploads\/2022\/11\/LOCANDINA-SCIENZE-22-scaled.jpg\"><img loading=\"lazy\" decoding=\"async\" src=\"http:\/\/www.farecentronews.com\/wp-content\/uploads\/2022\/11\/LOCANDINA-SCIENZE-22-721x1024.jpg\" alt=\"\" class=\"wp-image-7724\" width=\"313\" height=\"444\" srcset=\"https:\/\/www.farecentronews.com\/wp-content\/uploads\/2022\/11\/LOCANDINA-SCIENZE-22-721x1024.jpg 721w, https:\/\/www.farecentronews.com\/wp-content\/uploads\/2022\/11\/LOCANDINA-SCIENZE-22-211x300.jpg 211w, https:\/\/www.farecentronews.com\/wp-content\/uploads\/2022\/11\/LOCANDINA-SCIENZE-22-768x1091.jpg 768w, https:\/\/www.farecentronews.com\/wp-content\/uploads\/2022\/11\/LOCANDINA-SCIENZE-22-1082x1536.jpg 1082w, https:\/\/www.farecentronews.com\/wp-content\/uploads\/2022\/11\/LOCANDINA-SCIENZE-22-1442x2048.jpg 1442w, https:\/\/www.farecentronews.com\/wp-content\/uploads\/2022\/11\/LOCANDINA-SCIENZE-22-scaled.jpg 1803w\" sizes=\"auto, (max-width: 313px) 100vw, 313px\" \/><\/a><\/figure>\n<\/div>\n\n\n<p class=\"wp-block-paragraph\"><strong>Dal 21 al 27 novembre 2022&nbsp;<\/strong>il&nbsp;<strong><em>Festival delle Scienze di Roma<\/em><\/strong>&nbsp;torna all\u2019<strong>Auditorium Parco della Musica \u201cEnnio Morricone\u201d&nbsp;<\/strong>con la sua&nbsp;<strong>XVII edizione<\/strong>.<br>&nbsp;<strong>ESPLORARE<\/strong>&nbsp;\u00e8 il tema di questa edizione dedicata alle esplorazioni fisiche e mentali della realt\u00e0 che ci circonda, alle ricerche che hanno portato a grandi scoperte scientifiche e hanno trasformato il nostro modo di guardare il mondo.<br>Pandemia, cambiamenti climatici e crisi ambientali dimostrano sempre con pi\u00f9 evidenza quanto siano necessari nuovi sguardi sul presente e nuove visioni per il futuro. Per esplorare non basta soltanto studiare, ma \u00e8 necessario anche saper ascoltare, riconoscere i propri errori, mettere in discussione ci\u00f2 che si d\u00e0 per scontato, criticare le proprie stesse idee. Solo cos\u00ec esploratrici ed esploratori possono esporsi a nuovi scenari e trovare nuove soluzioni ai problemi. <strong>Oltre 400 gli eventi in programma<\/strong>, tra incontri, mostre, exhibit ed eventi speciali che si svolgeranno totalmente in presenza e, in alcuni casi, anche in streaming. Pi\u00f9 di 120 gli ospiti che raggiungeranno Roma dall\u2019India agli Stati Uniti, dall\u2019Inghilterra al Botswana.<br>Della vastit\u00e0 dello Spazio, enorme territorio da svelare e conoscere e in continua esplorazione, ma anche dei luoghi del nostro Pianeta che ancora non abbiamo raggiunto, o che gi\u00e0 conosciamo e che dovremmo guardare con occhi nuovi, si parla nella sezione<strong>&nbsp;Esplorare spazi<\/strong>.<br>Tre incontri dal titolo \u201cTi racconto l\u2019universo\u201d sono dedicati a bambini e ragazzi tra gli 8 e i 12 anni a cura di&nbsp;<strong>INFN<\/strong>: ricercatrici e ricercatori sveleranno segreti e misteri spaziali con il supporto di video e animazioni, per fare luce su questioni complesse come la materia oscura, le onde gravitazionali e i neutrini.<br>Per la sezione&nbsp;<strong>Esplorare vita&nbsp;<\/strong>saranno affrontati i percorsi che vengono intrapresi per svelare nuovi scenari legati alla vita e all\u2019ambiente, per cogliere nuove opportunit\u00e0 e per scoprire nuove minacce nei mondi dell\u2019ecologia, della salute, dell\u2019agricoltura, delle biotecnologie.<br>La sezione&nbsp;<strong>Esplorare futuri<\/strong>&nbsp;cerca di raccontare il percorso che porta non a un singolo futuro ma ai possibili futuri, che si possono prevedere, anticipare e realizzare attraverso l\u2019esplorazione.<br>Il&nbsp;<em>Festival delle Scienze di Roma<\/em>&nbsp;intende confermare il suo approccio innovativo e attento alle nuove tendenze nel campo della ricerca e della formazione, offrendo un ampio scenario di suggestioni dedicate ai pi\u00f9 piccoli e agli adulti, con&nbsp;<strong>incontri e laboratori realizzati ad hoc per le scuole<\/strong>,&nbsp;<strong>per le famiglie e con una sezione di iniziative rivolte agli insegnanti<\/strong>. Anche quest\u2019anno non pu\u00f2 mancare il contributo del Festival dedicato alla ricerca e alla formazione: pensato per i pi\u00f9 piccoli, il ricco&nbsp;<strong>programma educational<\/strong>&nbsp;affianca eventi da remoto e in presenza, coinvolgendo le classi di scuole primarie e secondarie di primo e secondo grado, con attivit\u00e0 sia da remoto che in presenza.<\/p>\n\n\n\n<p class=\"wp-block-paragraph\"><strong><em>Dal 21 al 27 Novembre 2022<\/em><\/strong><br><strong>Festival delle Scienze di Roma<\/strong> <strong>XVII edizione<\/strong>. <strong>Esplorare<\/strong><br><strong>Auditorium Parco della Musica \u201cEnnio Morricone\u201d<\/strong><br>Via Pietro de Coubertin, 10<br><a rel=\"noreferrer noopener\" href=\"https:\/\/facebook.us12.list-manage.com\/track\/click?u=63c0d434ae41e1e56abb144a8&amp;id=21a5c4a418&amp;e=539ba48b1f\" target=\"_blank\">www.festivaldellescienzeroma.it<\/a><br><a rel=\"noreferrer noopener\" href=\"https:\/\/facebook.us12.list-manage.com\/track\/click?u=63c0d434ae41e1e56abb144a8&amp;id=008a273ede&amp;e=539ba48b1f\" target=\"_blank\">https:\/\/www.facebook.com\/FestivaldelleScienzeRoma<\/a><br><a rel=\"noreferrer noopener\" href=\"https:\/\/facebook.us12.list-manage.com\/track\/click?u=63c0d434ae41e1e56abb144a8&amp;id=7c76019485&amp;e=539ba48b1f\" target=\"_blank\">https:\/\/www.youtube.com\/c\/AuditoriumTV<\/a><\/p>\n","protected":false},"excerpt":{"rendered":"<p>Dal 21 al 27 novembre 2022&nbsp;il&nbsp;Festival delle Scienze di Roma&nbsp;torna all\u2019Auditorium Parco della Musica \u201cEnnio Morricone\u201d&nbsp;con la sua&nbsp;XVII edizione.&nbsp;ESPLORARE&nbsp;\u00e8 il tema di questa edizione dedicata alle esplorazioni fisiche e mentali della realt\u00e0 che ci circonda, alle ricerche che hanno portato a grandi scoperte scientifiche e hanno trasformato il nostro modo di guardare il mondo.Pandemia, cambiamenti [&hellip;]<\/p>\n","protected":false},"author":5,"featured_media":7723,"comment_status":"closed","ping_status":"closed","sticky":false,"template":"","format":"standard","meta":{"footnotes":""},"categories":[31,3],"tags":[3789,3894,2377,86,83],"class_list":["post-7718","post","type-post","status-publish","format-standard","has-post-thumbnail","hentry","category-appuntamenti-culturali","category-arte-cultura","tag-auditorium-parco-della-musica-ennio-morricone","tag-esplorare","tag-festival-delle-scienze","tag-in-evidenza","tag-ultimissime"],"_links":{"self":[{"href":"https:\/\/www.farecentronews.com\/index.php?rest_route=\/wp\/v2\/posts\/7718","targetHints":{"allow":["GET"]}}],"collection":[{"href":"https:\/\/www.farecentronews.com\/index.php?rest_route=\/wp\/v2\/posts"}],"about":[{"href":"https:\/\/www.farecentronews.com\/index.php?rest_route=\/wp\/v2\/types\/post"}],"author":[{"embeddable":true,"href":"https:\/\/www.farecentronews.com\/index.php?rest_route=\/wp\/v2\/users\/5"}],"replies":[{"embeddable":true,"href":"https:\/\/www.farecentronews.com\/index.php?rest_route=%2Fwp%2Fv2%2Fcomments&post=7718"}],"version-history":[{"count":6,"href":"https:\/\/www.farecentronews.com\/index.php?rest_route=\/wp\/v2\/posts\/7718\/revisions"}],"predecessor-version":[{"id":7726,"href":"https:\/\/www.farecentronews.com\/index.php?rest_route=\/wp\/v2\/posts\/7718\/revisions\/7726"}],"wp:featuredmedia":[{"embeddable":true,"href":"https:\/\/www.farecentronews.com\/index.php?rest_route=\/wp\/v2\/media\/7723"}],"wp:attachment":[{"href":"https:\/\/www.farecentronews.com\/index.php?rest_route=%2Fwp%2Fv2%2Fmedia&parent=7718"}],"wp:term":[{"taxonomy":"category","embeddable":true,"href":"https:\/\/www.farecentronews.com\/index.php?rest_route=%2Fwp%2Fv2%2Fcategories&post=7718"},{"taxonomy":"post_tag","embeddable":true,"href":"https:\/\/www.farecentronews.com\/index.php?rest_route=%2Fwp%2Fv2%2Ftags&post=7718"}],"curies":[{"name":"wp","href":"https:\/\/api.w.org\/{rel}","templated":true}]}}