{"id":7655,"date":"2022-10-10T13:17:12","date_gmt":"2022-10-10T13:17:12","guid":{"rendered":"http:\/\/www.farecentronews.com\/?p=7655"},"modified":"2022-10-12T06:56:58","modified_gmt":"2022-10-12T06:56:58","slug":"van-gogh-a-roma-quegli-occhi-verdi-che-ci-guardano","status":"publish","type":"post","link":"https:\/\/www.farecentronews.com\/?p=7655","title":{"rendered":"Van Gogh a Roma. Quegli occhi verdi che ci guardano"},"content":{"rendered":"<div class=\"wp-block-image\">\n<figure class=\"alignleft size-full is-resized\"><a href=\"http:\/\/www.farecentronews.com\/wp-content\/uploads\/2022\/10\/PH-ARTHEMISIA.jpg\"><img loading=\"lazy\" decoding=\"async\" src=\"http:\/\/www.farecentronews.com\/wp-content\/uploads\/2022\/10\/PH-ARTHEMISIA.jpg\" alt=\"\" class=\"wp-image-7658\" width=\"478\" height=\"319\" srcset=\"https:\/\/www.farecentronews.com\/wp-content\/uploads\/2022\/10\/PH-ARTHEMISIA.jpg 700w, https:\/\/www.farecentronews.com\/wp-content\/uploads\/2022\/10\/PH-ARTHEMISIA-300x200.jpg 300w\" sizes=\"auto, (max-width: 478px) 100vw, 478px\" \/><\/a><\/figure>\n<\/div>\n\n\n<p class=\"wp-block-paragraph\">Giunge a Roma la mostra pi\u00f9 attesa dell&#8217;anno: \u201c<strong>Van Gogh. Capolavori dal Kr\u00f6ller-M\u00fcller Museum<\/strong>\u201d, a Palazzo Bonaparte sino al 26 Marzo 2023. 50 bellissime opere in un percorso espositivo che si dipana nelle sale del Museo in un ordine cronologico nei luoghi dove il pittore visse: da quello olandese, al soggiorno parigino, a quello ad Arles, fino a St. Remy e Auvers-Sur-Oise. L&#8217;esposizione prende il via, infatti, dai primi quadri privi di colore che rappresentano la vita nei campi di contadini, boscaioli, raccoglitori di patate o donne di fatica dai volti quasi caricaturali pregni di sofferenza. Ma in queste tinte scure, che fotografano l&#8217;esistenza di persone della categoria de \u201ci vinti\u201d de I Malavoglia, gi\u00e0 prevale l&#8217;attenzione sensibile dell&#8217;Artista per il mondo che lo circonda. Poi scoppia il colore, con il viaggio a Parigi e la corrente pittorica degli Impressionisti: nasce l&#8217;<em>\u201cAutoritratto\u201d<\/em> (1887), un olio su cartone di appena 32,8&#215;24 cm dalla dirompente potenza psicologica, dove Van Gogh ci fissa con uno sguardo che dice tutto di s\u00e9. Sono gli anni dell&#8217;uso metafisico del colore, del susseguirsi di pennellate rapide fra campi di grano, \u201cnature vive\u201d, ritratti e fiori di campo sino al quadro che chiude la mostra: il \u201cVecchio disperato\u201d (1890) presagio del suo tragico destino. Cinque in totale le sezioni della mostra: Prima sezione \u2013 Helene Kr\u00f6ller-M\u00fcller; Seconda sezione \u2013 Il periodo olandese; Terza sezione \u2013 Parigi; Quarta sezione \u2013 Arles (febbraio 1888 &#8211; maggio 1889); Quinta sezione \u2013 Saint-R\u00e9my-de-Provence e Auvers-sur-Oise (maggio 1889 &#8211; luglio 1890). In pi\u00f9, a sorpresa, una sala multimediale dove, grazie a un gioco di specchi e schermi dalle forme rotonde, si pu\u00f2 vivere un&#8217;esperienza immersiva attraverso gli occhi di Van Gogh: nel suo mondo, nei colori, fra le stelle lucenti, meravigliosi fiori viola e giallo vivo.<em> (crediti immagini: in apertura ph_<\/em><em><strong>\u00a9<\/strong><\/em><em>Marina De Benedictis, l&#8217;incredibile sguardo dell&#8217;Artista che ci scruta dal suo \u201cAutoritratto\u201d, opera che campeggia nel cuore della mostra, Van Gogh (1887), \u00a9Kr\u00f6ller-M\u00fcller Museum, Otterlo, The Netherlands ; a seguire, courtesy of_Arthemisia, dall&#8217;allestimento, \u201cIl Giardino del Manicomio a Saint R\u00e9my\u201d, Van Gogh (1889), \u00a9Kr\u00f6ller-M\u00fcller Museum, Otterlo, The Netherlands e \u201cPaesaggio con covoni e luna nascente, Van Gogh (1889), \u00a9Kr\u00f6ller-M\u00fcller Museum, Otterlo, The Netherlands; la sala multimediale della mostra con splendide video-proiezioni in stile VG, ph_<\/em><em><strong>\u00a9<\/strong><\/em><em>Marina De Benedictis)<\/em><\/p>\n\n\n<div class=\"wp-block-image\">\n<figure class=\"alignright size-full is-resized\"><a href=\"http:\/\/www.farecentronews.com\/wp-content\/uploads\/2022\/10\/PH_DE-BENEDICTIS.jpg\"><img loading=\"lazy\" decoding=\"async\" src=\"http:\/\/www.farecentronews.com\/wp-content\/uploads\/2022\/10\/PH_DE-BENEDICTIS.jpg\" alt=\"\" class=\"wp-image-7660\" width=\"406\" height=\"541\" srcset=\"https:\/\/www.farecentronews.com\/wp-content\/uploads\/2022\/10\/PH_DE-BENEDICTIS.jpg 600w, https:\/\/www.farecentronews.com\/wp-content\/uploads\/2022\/10\/PH_DE-BENEDICTIS-225x300.jpg 225w\" sizes=\"auto, (max-width: 406px) 100vw, 406px\" \/><\/a><\/figure>\n<\/div>\n\n\n<p class=\"wp-block-paragraph\"><strong>Le opere del Kr\u00f6ller-M\u00fcller Museum<\/strong><br>La mostra romana si apre con i dipinti di altri pittori provenienti dalla collezione realizzata da Helene Kr\u00f6ller-M\u00fcller per il Museo. La Kr\u00f6ller-M\u00fcller, infatti, tra il 1907 e il 1938 mise insieme una raccolta senza eguali in Europa, che comprendeva dipinti di Picasso, Gris, Mondrian, Signac, Seurat, Redon, Cranach, Gauguin, Renoir, Latour e, naturalmente, Van Gogh. Fu colei che, prima di ogni altro, seppe apprezzare l\u2019opera del pittore olandese, a cui si sent\u00ec legata riconoscendo nella sua arte la sua stessa spiritualit\u00e0 personale e non dogmatica. Helene Kr\u00f6ller-M\u00fcller espose i quadri di Van Gogh in Europa e negli Stati Uniti incrementando, cos\u00ec, non solo la fama dell\u2019artista ma anche quella della propria collezione, gettando le basi per convincere lo stato olandese a partecipare alla costruzione del museo. Lavori che iniziarono nel 1937 e che videro, un anno dopo, l\u2019apertura al pubblico del Museo con Helene nel ruolo di direttrice. In questa sezione di apertura sono esposti alcuni capolavori della collezione, tra cui Portrait of a young woman (The Madrilenian) di Picasso, In the caf\u00e9 di August Renoir e Atiti di Paul Gauguin. <em>(fonte: Arthemisia Press Office)<\/em><\/p>\n\n\n\n<p class=\"wp-block-paragraph\"><strong>Quegli occhi verdi e una vita tormentata<\/strong><br>Vincent nasce in Olanda il 30 marzo 1853. Fu un artista dalla sensibilit\u00e0 spiccatissima e dalla vita tormentata. Tutti conosciamo i suoi attacchi di follia, i lunghi ricoveri nell\u2019ospedale psichiatrico di Saint Paul in Provenza, l\u2019orecchio mozzato e la tragica fine della sua vita il 29 luglio 1890 a soli 37 anni, con un suicidio: un colpo di pistola al petto nei campi di Auvers. Nonostante una esistenza triste e sofferta, Van Gogh dipinge numerosi capolavori insieme a indimenticabili scritti come le commoventi \u201cLettere\u201d al fratello Theo Van Gogh. Il materiale biografico e alcune interessanti citazioni sono visibili nell&#8217;allestimento della mostra. Con il patrocinio del Ministero della cultura, della Regione Lazio, del Comune di Roma \u2013 Assessorato alla Cultura e dell\u2019Ambasciata del Regno dei Paesi Bassi, la mostra \u00e8 prodotta da Arthemisia, realizzata in collaborazione con il Kr\u00f6ller-M\u00fcller Museum di Otterlo ed \u00e8 curata da Maria Teresa Benedetti e Francesca Villanti. La mostra vede come main sponsor Acea, sponsor Generali Valore Cultura, special partner Ricola, mobility partner Atac e Frecciarossa Treno Ufficiale, media partner Urban Vision ed \u00e8 consigliata da Sky Arte. Il catalogo \u00e8 edito da Skira con saggi a cura di Maria Teresa Benedetti, Marco Di Capua, Mariella Guzzoni e Francesca Villanti.<\/p>\n\n\n\n<p class=\"wp-block-paragraph\"><strong>VAN GOGH. Capolavori dal Kr\u00f6ller-M\u00fcller Museum<\/strong><br>Palazzo Bonaparte Piazza Venezia, 5 (angolo Via del Corso) Roma<br>Sino al 26 Marzo 2023<br>Biglietti: Intero \u20ac 18,00 (audioguida inclusa) Ridotto \u20ac 16,00 (audioguida inclusa)<br>Informazioni e prenotazioni: T. + 39 06 87 15 111<br><strong><a href=\"http:\/\/www.mostrepalazzobonaparte.it\/\">www.mostrepalazzobonaparte.it<\/a><\/strong><br><a href=\"http:\/\/www.arthemisia.it\/\"><strong>www.arthemisia.it<\/strong><\/a><br><strong>@arthemisiaarte @mostrepalazzobonaparte #VanGoghRoma<\/strong><\/p>\n","protected":false},"excerpt":{"rendered":"<p>Giunge a Roma la mostra pi\u00f9 attesa dell&#8217;anno: \u201cVan Gogh. Capolavori dal Kr\u00f6ller-M\u00fcller Museum\u201d, a Palazzo Bonaparte sino al 26 Marzo 2023. 50 bellissime opere in un percorso espositivo che si dipana nelle sale del Museo in un ordine cronologico nei luoghi dove il pittore visse: da quello olandese, al soggiorno parigino, a quello ad [&hellip;]<\/p>\n","protected":false},"author":4,"featured_media":7657,"comment_status":"closed","ping_status":"closed","sticky":false,"template":"","format":"standard","meta":{"footnotes":""},"categories":[3,30],"tags":[3552,86,3852,243,3012,83,1162],"class_list":["post-7655","post","type-post","status-publish","format-standard","has-post-thumbnail","hentry","category-arte-cultura","category-mostre","tag-arthemisia","tag-in-evidenza","tag-kroller-muller-museum","tag-marina-de-benedictis","tag-palazzo-bonaparte","tag-ultimissime","tag-van-gogh"],"_links":{"self":[{"href":"https:\/\/www.farecentronews.com\/index.php?rest_route=\/wp\/v2\/posts\/7655","targetHints":{"allow":["GET"]}}],"collection":[{"href":"https:\/\/www.farecentronews.com\/index.php?rest_route=\/wp\/v2\/posts"}],"about":[{"href":"https:\/\/www.farecentronews.com\/index.php?rest_route=\/wp\/v2\/types\/post"}],"author":[{"embeddable":true,"href":"https:\/\/www.farecentronews.com\/index.php?rest_route=\/wp\/v2\/users\/4"}],"replies":[{"embeddable":true,"href":"https:\/\/www.farecentronews.com\/index.php?rest_route=%2Fwp%2Fv2%2Fcomments&post=7655"}],"version-history":[{"count":4,"href":"https:\/\/www.farecentronews.com\/index.php?rest_route=\/wp\/v2\/posts\/7655\/revisions"}],"predecessor-version":[{"id":7663,"href":"https:\/\/www.farecentronews.com\/index.php?rest_route=\/wp\/v2\/posts\/7655\/revisions\/7663"}],"wp:featuredmedia":[{"embeddable":true,"href":"https:\/\/www.farecentronews.com\/index.php?rest_route=\/wp\/v2\/media\/7657"}],"wp:attachment":[{"href":"https:\/\/www.farecentronews.com\/index.php?rest_route=%2Fwp%2Fv2%2Fmedia&parent=7655"}],"wp:term":[{"taxonomy":"category","embeddable":true,"href":"https:\/\/www.farecentronews.com\/index.php?rest_route=%2Fwp%2Fv2%2Fcategories&post=7655"},{"taxonomy":"post_tag","embeddable":true,"href":"https:\/\/www.farecentronews.com\/index.php?rest_route=%2Fwp%2Fv2%2Ftags&post=7655"}],"curies":[{"name":"wp","href":"https:\/\/api.w.org\/{rel}","templated":true}]}}