{"id":7612,"date":"2022-09-26T11:24:16","date_gmt":"2022-09-26T11:24:16","guid":{"rendered":"http:\/\/www.farecentronews.com\/?p=7612"},"modified":"2022-09-26T11:45:09","modified_gmt":"2022-09-26T11:45:09","slug":"ombra-di-sabrina-persechino-geometrie-di-dettagli-femminili","status":"publish","type":"post","link":"https:\/\/www.farecentronews.com\/?p=7612","title":{"rendered":"Ombra di Sabrina Persechino. Geometrie di dettagli femminili"},"content":{"rendered":"<div class=\"wp-block-image\">\n<figure class=\"alignleft size-full is-resized\"><a href=\"http:\/\/www.farecentronews.com\/wp-content\/uploads\/2022\/09\/PH-DE-BENEDICTIS-OMBRA-1.jpg\"><img loading=\"lazy\" decoding=\"async\" src=\"http:\/\/www.farecentronews.com\/wp-content\/uploads\/2022\/09\/PH-DE-BENEDICTIS-OMBRA-1.jpg\" alt=\"\" class=\"wp-image-7615\" width=\"393\" height=\"393\" srcset=\"https:\/\/www.farecentronews.com\/wp-content\/uploads\/2022\/09\/PH-DE-BENEDICTIS-OMBRA-1.jpg 800w, https:\/\/www.farecentronews.com\/wp-content\/uploads\/2022\/09\/PH-DE-BENEDICTIS-OMBRA-1-300x300.jpg 300w, https:\/\/www.farecentronews.com\/wp-content\/uploads\/2022\/09\/PH-DE-BENEDICTIS-OMBRA-1-150x150.jpg 150w, https:\/\/www.farecentronews.com\/wp-content\/uploads\/2022\/09\/PH-DE-BENEDICTIS-OMBRA-1-768x768.jpg 768w\" sizes=\"auto, (max-width: 393px) 100vw, 393px\" \/><\/a><\/figure>\n<\/div>\n\n\n<p class=\"wp-block-paragraph\">La nuova <strong>Collezione Autunno\/Inverno 2022\/23 \u201cOmbra\u201d<\/strong> di <strong>Sabrina Persechino<\/strong> esalta il lato nascosto di ogni donna, il mistero, l&#8217;effimero. E lo fa grazie alla logica degli opposti, attraverso la luce dei dettagli per catturare tutti gli sguardi: a partire dagli imponenti accessori dalle ipnotiche geometrie, per proseguire con le strategiche aperture su pantaloni, tubini e veli da sposa. Tagli al laser, tulle a pelle, scollature inaspettate, schiene velate. Capispalla dal taglio essenziale, iconiche tute, abiti da cocktail e da grande soir\u00e9e per una donna dinamica e sempre glamour che al suo passaggio lascia un segno. Tutto, infatti, esalta la femminilit\u00e0 come non mai, generando sottili brividi a chi guarda grazie anche ai preziosi tessuti che carezzano i corpi delle modelle inguainate in abiti dai sapienti tagli sartoriali. Evidenti sono i richiami alle architetture medio-orientali, con ispirazioni alle griglie <em>mashrabiyya <\/em>o alle vie parallele che sembrano convergere come quelle dei porticati, ora direttrici di eleganti abiti. La palette dei colori vira dal bianco al nero, passando per l\u2019indaco, il plum; il rosso magenta sfuma nel viola cangiante e il fil rouge sono le geometrie dell\u2019oro. Su ogni creazione spicca come sempre la sapiente creativit\u00e0 di Sabrina, talento ormai noto al pubblico dei <em>fashion addicted<\/em>, che debutta nell\u2019Alta Moda con la collezione A\/I 2012-13 ispirata alle opere di Pier Luigi Nervi, Luigi Moretti e Carlo Scarpa. La consacrazione nell\u2019Haute Couture arriva con Enigma, P\/E 2013, concepita dall\u2019osservazione dei pavimenti cosmateschi. Da quel momento in poi l&#8217;ascesa \u00e8 stata inevitabile, data la sua totale professionalit\u00e0 e passione. C&#8217;\u00e8 poco da dire in pi\u00f9: gli abiti parlano eloquentemente da soli, perch\u00e9 il Made in Italy \u00e8 sempre imbattibile. <em>(nelle immagini_ph <strong>\u00a9<\/strong>Marina De Benedictis: in apertura, close up sugli accessori geometrici, come le griglie mashrabiyya in Oriente, fil rouge di tutta la collezione; a seguire, due composit che rivelano i dettagli sartoriali fra luce e ombra)<\/em><\/p>\n\n\n<div class=\"wp-block-image\">\n<figure class=\"alignright size-full is-resized\"><a href=\"http:\/\/www.farecentronews.com\/wp-content\/uploads\/2022\/09\/PH-DE-BENEDICTIS-OMBRA-2-2.jpg\"><img loading=\"lazy\" decoding=\"async\" src=\"http:\/\/www.farecentronews.com\/wp-content\/uploads\/2022\/09\/PH-DE-BENEDICTIS-OMBRA-2-2.jpg\" alt=\"\" class=\"wp-image-7617\" width=\"390\" height=\"390\" srcset=\"https:\/\/www.farecentronews.com\/wp-content\/uploads\/2022\/09\/PH-DE-BENEDICTIS-OMBRA-2-2.jpg 800w, https:\/\/www.farecentronews.com\/wp-content\/uploads\/2022\/09\/PH-DE-BENEDICTIS-OMBRA-2-2-300x300.jpg 300w, https:\/\/www.farecentronews.com\/wp-content\/uploads\/2022\/09\/PH-DE-BENEDICTIS-OMBRA-2-2-150x150.jpg 150w, https:\/\/www.farecentronews.com\/wp-content\/uploads\/2022\/09\/PH-DE-BENEDICTIS-OMBRA-2-2-768x768.jpg 768w\" sizes=\"auto, (max-width: 390px) 100vw, 390px\" \/><\/a><\/figure>\n<\/div>\n\n\n<p class=\"wp-block-paragraph\"><strong>Sabrina Persechino. Dulcis in fundo ad AltaRoma 2022<\/strong><br>La Collezione Ombra ha chiuso in bellezza il 15 Luglio scorso l&#8217;edizione estiva di AltaRoma 2022. In attesa del prossimo appuntamento programmato nel 2023, ricordiamo che la Designer crea nella location del <em>Opificio Sonnino<\/em> \u2013 nel quartiere Testaccio a Roma in un edificio industriale dei primi del \u2018900 \u2013 dove ha sede dal 1997 l\u2019<strong>Atelier Persechino<\/strong>. Qui architettura, design e moda si sposano insieme all\u2019arte per creare raffinate collezioni che esaltano il Made in Italy in ogni dettaglio. La Stilista Architetto ha dichiarato infatti: <em>\u201cIl mio obiettivo \u00e8 quello di creare collezioni Alta Moda in cui sia evidente l\u2019interconnessione tra moda, arte e architettura\u201d.<\/em> Ogni capo, dunque, \u00e8 inteso come un\u2019opera che trova ispirazione da tutte queste diverse aree delle arti visive, con risultati raffinati e unici. Una creativit\u00e0 pulita, lineare, ricca di substrati culturali. Che ci sorprende inevitabilmente a ogni nuova collezione.<\/p>\n\n\n\n<p class=\"wp-block-paragraph\"><a href=\"http:\/\/www.alatroma.it\/\"><strong>www.altaroma.it<\/strong><\/a><br><a href=\"http:\/\/www.atelierpersechino.com\/\"><strong>www.atelierpersechino.com<\/strong><\/a><\/p>\n","protected":false},"excerpt":{"rendered":"<p>La nuova Collezione Autunno\/Inverno 2022\/23 \u201cOmbra\u201d di Sabrina Persechino esalta il lato nascosto di ogni donna, il mistero, l&#8217;effimero. E lo fa grazie alla logica degli opposti, attraverso la luce dei dettagli per catturare tutti gli sguardi: a partire dagli imponenti accessori dalle ipnotiche geometrie, per proseguire con le strategiche aperture su pantaloni, tubini e [&hellip;]<\/p>\n","protected":false},"author":4,"featured_media":7613,"comment_status":"closed","ping_status":"closed","sticky":false,"template":"","format":"standard","meta":{"footnotes":""},"categories":[35,1],"tags":[3838,3836,86,243,3837,84],"class_list":["post-7612","post","type-post","status-publish","format-standard","has-post-thumbnail","hentry","category-fashion-news","category-moda-shopping","tag-altaroma-2022","tag-collezione-autunno-inverno-2022-23","tag-in-evidenza","tag-marina-de-benedictis","tag-ombra","tag-sabrina-persechino"],"_links":{"self":[{"href":"https:\/\/www.farecentronews.com\/index.php?rest_route=\/wp\/v2\/posts\/7612","targetHints":{"allow":["GET"]}}],"collection":[{"href":"https:\/\/www.farecentronews.com\/index.php?rest_route=\/wp\/v2\/posts"}],"about":[{"href":"https:\/\/www.farecentronews.com\/index.php?rest_route=\/wp\/v2\/types\/post"}],"author":[{"embeddable":true,"href":"https:\/\/www.farecentronews.com\/index.php?rest_route=\/wp\/v2\/users\/4"}],"replies":[{"embeddable":true,"href":"https:\/\/www.farecentronews.com\/index.php?rest_route=%2Fwp%2Fv2%2Fcomments&post=7612"}],"version-history":[{"count":6,"href":"https:\/\/www.farecentronews.com\/index.php?rest_route=\/wp\/v2\/posts\/7612\/revisions"}],"predecessor-version":[{"id":7628,"href":"https:\/\/www.farecentronews.com\/index.php?rest_route=\/wp\/v2\/posts\/7612\/revisions\/7628"}],"wp:featuredmedia":[{"embeddable":true,"href":"https:\/\/www.farecentronews.com\/index.php?rest_route=\/wp\/v2\/media\/7613"}],"wp:attachment":[{"href":"https:\/\/www.farecentronews.com\/index.php?rest_route=%2Fwp%2Fv2%2Fmedia&parent=7612"}],"wp:term":[{"taxonomy":"category","embeddable":true,"href":"https:\/\/www.farecentronews.com\/index.php?rest_route=%2Fwp%2Fv2%2Fcategories&post=7612"},{"taxonomy":"post_tag","embeddable":true,"href":"https:\/\/www.farecentronews.com\/index.php?rest_route=%2Fwp%2Fv2%2Ftags&post=7612"}],"curies":[{"name":"wp","href":"https:\/\/api.w.org\/{rel}","templated":true}]}}