{"id":7587,"date":"2022-09-22T16:40:16","date_gmt":"2022-09-22T16:40:16","guid":{"rendered":"http:\/\/www.farecentronews.com\/?p=7587"},"modified":"2022-09-22T20:19:59","modified_gmt":"2022-09-22T20:19:59","slug":"grandi-mostre-luniverso-dalla-si-apre-a-roma-in-ara-pacis","status":"publish","type":"post","link":"https:\/\/www.farecentronews.com\/?p=7587","title":{"rendered":"Grandi mostre. L&#8217;universo Dalla si apre a Roma in Ara Pacis"},"content":{"rendered":"<div class=\"wp-block-image\">\n<figure class=\"alignleft size-large is-resized\"><a href=\"http:\/\/www.farecentronews.com\/wp-content\/uploads\/2022\/09\/FOTO-2_-Lucio-Dalla-Foto-ri.jpg\"><img loading=\"lazy\" decoding=\"async\" src=\"http:\/\/www.farecentronews.com\/wp-content\/uploads\/2022\/09\/FOTO-2_-Lucio-Dalla-Foto-ri-689x1024.jpg\" alt=\"\" class=\"wp-image-7593\" width=\"360\" height=\"535\" srcset=\"https:\/\/www.farecentronews.com\/wp-content\/uploads\/2022\/09\/FOTO-2_-Lucio-Dalla-Foto-ri-689x1024.jpg 689w, https:\/\/www.farecentronews.com\/wp-content\/uploads\/2022\/09\/FOTO-2_-Lucio-Dalla-Foto-ri-202x300.jpg 202w, https:\/\/www.farecentronews.com\/wp-content\/uploads\/2022\/09\/FOTO-2_-Lucio-Dalla-Foto-ri-768x1141.jpg 768w, https:\/\/www.farecentronews.com\/wp-content\/uploads\/2022\/09\/FOTO-2_-Lucio-Dalla-Foto-ri.jpg 800w\" sizes=\"auto, (max-width: 360px) 100vw, 360px\" \/><\/a><\/figure>\n<\/div>\n\n\n<p class=\"wp-block-paragraph\">E&#8217; sempre alquanto imbarazzante ancorch\u00e9 inutile scrivere commemorando un musicista, perch\u00e9 la sua arte va ascoltata, non scritta. E parlare di <strong>Lucio Dalla<\/strong> vuol dire addentrarsi in un  bosco intricato di sensazioni ed emozioni da cui \u00e8 quasi impossibile cavarne fuori la testa. Quell&#8217;ometto barbuto e dallo sguardo penetrante, nascondeva dentro di s\u00e9 un vulcano di energia e creativit\u00e0 che ben presto sarebbe esploso inondando la scena musicale italiana con un magma che avrebbe travolto le nostre atrofiche certezze e abitudini musicali. La sua \u201cPaf bum\u201d provoc\u00f2 non poche crisi coronariche al gotha della canzone nostrana, per non parlare della \u201c4 marzo 1943\u201d che fece tremare le vene ad una certa classe catto-democristiana che si sent\u00ec in dovere di epurarne parte del testo per non offendere la sensibilit\u00e0 dell&#8217;italietta televisiva. Un musicista e autore coraggioso, eclettico, polistrumentista e dalle multiple passioni, \u00e8 quanto emerge dalla mostra <strong>\u201cLucio Dalla: anche se il tempo passa<\/strong>\u201d che si apre oggi presso le sale espositive del <strong>Museo dell&#8217;Ara Pacis<\/strong>. <br>Una vasta collezione di memorabilia per capire meglio quello che c&#8217;era dietro l&#8217;artista, visto che quel che di s\u00e9 ci mostrava sul palco era ben visibile a tutti. La sua vecchia polverosa Remington usata per scrivere quei testi intrisi di una poetica spesso straziante, a volte nebbiosa, che all&#8217;improvviso spiegava le ali raggiungendo con le sue melodie altezze inarrivabili. Quei fogli manoscritti o dattiloscritti dove vediamo, tra correzioni e cancellature, nascere il testo che avrebbe consacrato le sue canzoni al patrimonio musicale senza tempo. I suoi strumenti che padroneggiava sul palco: l&#8217;inseparabile clarinetto, il sax e lo stage piano Roland del suo ultimo concerto con ancora fissata con lo scotch la scaletta della serata. Le dozzine di cappelli di ogni foggia e colore che alternava al parrucchino per nascondere la sua precoce calvizie che insieme agli occhiali rotondi erano diventati il suo logo. L&#8217;interesse e la curiosit\u00e0 nell&#8217;osservare i suoi abiti di scena, i numerosi dipinti che lo ritraggono e le centinaia di fotografie sono velati per\u00f2 da un magone malinconico, dalla rassegnata consapevolezza che Lucio ci ha dato ormai tutto quello che il suo genio e la sua permanenza terrena gli hanno consentito. Per il tempo a venire potremo riascoltarlo, riascoltarlo e riascoltarlo ancora, col piacere di poter associare alle sue canzoni momenti ed emozioni saldamente connesse alle nostre vite vissute. (<em>testo di Carlo Valenti<\/em>)<br><br><strong>Una vita piena di ricordi<\/strong><br>Tanti sono gli amici che circondavano Lucio Dalla, il quale amava stare in compagnia e apprezzare le persone fantasiose. Cos\u00ec in conferenza stampa <strong>Carlo Verdone <\/strong>ricorda l&#8217;appuntamento con l&#8217;Artista a Roma, in Vicolo del Buco. <em>\u201cPer il mio film Borotalco, che rappresentava il rinascimento giovanile dopo gli anni di piombo, dovevo chiedere a Lucio alcune canzoni per la colonna sonora. L&#8217;appuntamento era nella sua casa a Vicolo del Buco 7, un posto inaspettato e nascosto per un bolognese, nel cuore della Roma belliana. E gi\u00e0 questo mi fece pensare che dovesse amare moltissimo la mia citt\u00e0. Lucio aveva gi\u00e0 visto i miei due film precedenti, ma temevo non volesse partecipare musicalmente a questa mia nuova pellicola che era in sostanza un omaggio alla sua arte. Invece Dalla era una persona particolare e generosissima e acconsent\u00ec. Il successo di pubblico addirittura lo commosse la sera della prima e il film fu premiato per la migliore colonna sonora grazie a lui. Un Artista totale, che ha saputo mixare la tradizione melodica italiana con altri generi su testi anche enigmatici e sempre nuovi\u201d.<\/em><\/p>\n\n\n<div class=\"wp-block-image\">\n<figure class=\"alignright size-full is-resized\"><a href=\"http:\/\/www.farecentronews.com\/wp-content\/uploads\/2022\/09\/FOTO-TRE_PH_MARINA-DE-BENDE-1.jpg\"><img loading=\"lazy\" decoding=\"async\" src=\"http:\/\/www.farecentronews.com\/wp-content\/uploads\/2022\/09\/FOTO-TRE_PH_MARINA-DE-BENDE-1.jpg\" alt=\"\" class=\"wp-image-7595\" width=\"418\" height=\"416\" srcset=\"https:\/\/www.farecentronews.com\/wp-content\/uploads\/2022\/09\/FOTO-TRE_PH_MARINA-DE-BENDE-1.jpg 700w, https:\/\/www.farecentronews.com\/wp-content\/uploads\/2022\/09\/FOTO-TRE_PH_MARINA-DE-BENDE-1-300x300.jpg 300w, https:\/\/www.farecentronews.com\/wp-content\/uploads\/2022\/09\/FOTO-TRE_PH_MARINA-DE-BENDE-1-150x150.jpg 150w\" sizes=\"auto, (max-width: 418px) 100vw, 418px\" \/><\/a><\/figure>\n<\/div>\n\n\n<p class=\"wp-block-paragraph\"><strong>Alessandro Nicosia<\/strong> invece ribattezza la mostra <em>\u201cLucio Dalla. Anche se il tempo passa\u201d<\/em> in <em>\u201cUniverso Dalla\u201d <\/em>per sottolineare la quantit\u00e0 di memorabilia, video e manoscritti raccolti nella grande esposizione itinerante. E ricorda, fra curiosi episodi, che \u201cLa sera dei miracoli\u201d \u00e8 stata composta proprio in Vicolo del Buco. Infatti Dalla aveva dichiarato: <em>\u201c<\/em><em>Mi stupisco sempre pi\u00f9 del rapporto che c\u2019\u00e8 tra me e Roma. Una citt\u00e0 unica al mondo, un palcoscenico straordinario che unisce tutte le classi sociali, in cui non c\u2019\u00e8 contrasto, c\u2019\u00e8 voglia di stare insieme\u201d.<\/em><\/p>\n\n\n\n<p class=\"wp-block-paragraph\"><strong>Andrea Faccani<\/strong> sottolinea la sensibilit\u00e0 dell&#8217;Artista appassionato di pittura, verso i problemi dei non vedenti e non solo. Era un uomo sempre generoso con tutti, in particolare con i pi\u00f9 sfortunati. E la mostra \u00e8 curata in modo tale che sia fruibile anche per disabili, non vedenti e non udenti. In pi\u00f9, uno spazio didattico \u00e8 dedicato ai bambini e alle scuole.<\/p>\n\n\n\n<p class=\"wp-block-paragraph\"><strong>Renzo Arbore <\/strong>ci tiene a ricordare \u2013 definendosi <em>\u201cil pi\u00f9 antico amico di Lucio Dalla\u201d <\/em>le passioni in comune con l&#8217;Artista bolognese: il clarinetto jazz e la Puglia. Rivelandoci inoltre il primo incontro fra i due che avvenne quando Arbore aveva 7 anni e il piccolo Lucio veniva al seguito della madre modista &#8211; la Sig.ra Melotti \u2013 in casa Arbore dove lei confezionava vestiti al padre. Dopo diversi anni, i due si sono rivisti in ambito musicale e Arbore ebbe la possibilit\u00e0 di notare subito le peculiarit\u00e0 artistiche di Dalla che giovanissimo aveva gi\u00e0 composto due canzoni uniche, dimostrando la sua natura eclettica: la melodica \u201cIl cielo\u201d (1967) e la scoppiettante \u201cCos&#8217;\u00e8 Bonetti\u201d (1968). E cos\u00ec via, a creare poesia per tutta la vita. <em>(testo di Marina De Benedictis)<\/em><\/p>\n\n\n\n<p class=\"wp-block-paragraph\">Promossa e prodotta da Roma Culture, Sovrintendenza Capitolina ai Beni Culturali, \u00e8 organizzata e realizzata da C.O.R. Creare Organizzare Realizzare con il sostegno di Regione Lazio. L\u2019esposizione, a cura di Alessandro Nicosia con la Fondazione Lucio Dalla, \u00e8 patrocinata da RAI con la partecipazione di Archivio Luce Cinecitt\u00e0. Special partner Lavoropi\u00f9. Supporto organizzativo di Z\u00e8tema Progetto Cultura. Con la collaborazione tecnica di Universal Music Publishing Group, SIAE Societ\u00e0 Italiana degli Autori e degli Editori, BIG|Broker Insurance Group. Catalogo Skira editore. Sponsor tecnico Citt\u00e0 del Sole.<em> (crediti foto: in apertura, una veduta della mostra in Ara Pacis_Lucio Dalla. Anche se il tempo passa_Ph. Monkeys Video Lab; a seguire: Lucio Dalla_Foto ritratto Archivio fotografico Pressing Line &#8211; M. Viola \u00a9 Riproduzione riservata;<\/em> <em>uno scatto che ritrae Renzo Arbore e Carlo Verdone mentre si salutano, nella conferenza stampa del 21 settembre a Roma_ph Marina De Benedictis)<\/em><br><br><strong>LUCIO DALLA. Anche se il tempo passa<\/strong><br>22 settembre 2022 \u2013 6 gennaio 2023<br>Museo dell\u2019Ara Pacis_Via di Ripetta 180 Roma<br>Tutti i giorni 9.30 \u2013 19; 24 e 31 dicembre 9.30-14.0; giorni di chiusura: 1\u00b0 gennaio e 25 dicembre; ultimo ingresso un&#8217;ora prima della chiusura.<br>Info: tel. 060608 (tutti i giorni ore 9.00 \u2013 19.00); <a href=\"http:\/\/www.arapacis.it\/\">www.arapacis.it<\/a>; <a href=\"http:\/\/www.museiincomune.it\/\">www.museiincomune.it<\/a>; <a href=\"http:\/\/www.zetema.it\/\">www.zetema.it<\/a><\/p>\n","protected":false},"excerpt":{"rendered":"<p>E&#8217; sempre alquanto imbarazzante ancorch\u00e9 inutile scrivere commemorando un musicista, perch\u00e9 la sua arte va ascoltata, non scritta. E parlare di Lucio Dalla vuol dire addentrarsi in un bosco intricato di sensazioni ed emozioni da cui \u00e8 quasi impossibile cavarne fuori la testa. Quell&#8217;ometto barbuto e dallo sguardo penetrante, nascondeva dentro di s\u00e9 un vulcano [&hellip;]<\/p>\n","protected":false},"author":3,"featured_media":7604,"comment_status":"closed","ping_status":"closed","sticky":false,"template":"","format":"standard","meta":{"footnotes":""},"categories":[3,30],"tags":[3809,239,927,86,3344,243,136,1253],"class_list":["post-7587","post","type-post","status-publish","format-standard","has-post-thumbnail","hentry","category-arte-cultura","category-mostre","tag-lucio-dalla-anche-se-il-tempo-passa","tag-carlo-valenti","tag-carlo-verdone","tag-in-evidenza","tag-lucio-dalla","tag-marina-de-benedictis","tag-museo-dellara-pacis","tag-renzo-arbore"],"_links":{"self":[{"href":"https:\/\/www.farecentronews.com\/index.php?rest_route=\/wp\/v2\/posts\/7587","targetHints":{"allow":["GET"]}}],"collection":[{"href":"https:\/\/www.farecentronews.com\/index.php?rest_route=\/wp\/v2\/posts"}],"about":[{"href":"https:\/\/www.farecentronews.com\/index.php?rest_route=\/wp\/v2\/types\/post"}],"author":[{"embeddable":true,"href":"https:\/\/www.farecentronews.com\/index.php?rest_route=\/wp\/v2\/users\/3"}],"replies":[{"embeddable":true,"href":"https:\/\/www.farecentronews.com\/index.php?rest_route=%2Fwp%2Fv2%2Fcomments&post=7587"}],"version-history":[{"count":14,"href":"https:\/\/www.farecentronews.com\/index.php?rest_route=\/wp\/v2\/posts\/7587\/revisions"}],"predecessor-version":[{"id":7610,"href":"https:\/\/www.farecentronews.com\/index.php?rest_route=\/wp\/v2\/posts\/7587\/revisions\/7610"}],"wp:featuredmedia":[{"embeddable":true,"href":"https:\/\/www.farecentronews.com\/index.php?rest_route=\/wp\/v2\/media\/7604"}],"wp:attachment":[{"href":"https:\/\/www.farecentronews.com\/index.php?rest_route=%2Fwp%2Fv2%2Fmedia&parent=7587"}],"wp:term":[{"taxonomy":"category","embeddable":true,"href":"https:\/\/www.farecentronews.com\/index.php?rest_route=%2Fwp%2Fv2%2Fcategories&post=7587"},{"taxonomy":"post_tag","embeddable":true,"href":"https:\/\/www.farecentronews.com\/index.php?rest_route=%2Fwp%2Fv2%2Ftags&post=7587"}],"curies":[{"name":"wp","href":"https:\/\/api.w.org\/{rel}","templated":true}]}}