{"id":7577,"date":"2022-09-16T16:31:18","date_gmt":"2022-09-16T16:31:18","guid":{"rendered":"http:\/\/www.farecentronews.com\/?p=7577"},"modified":"2022-09-16T16:31:20","modified_gmt":"2022-09-16T16:31:20","slug":"la-memoria-delle-stazioni-un-viaggio-emozionale-che-diventa-arte","status":"publish","type":"post","link":"https:\/\/www.farecentronews.com\/?p=7577","title":{"rendered":"La Memoria delle Stazioni.  Un viaggio emozionale che diventa arte"},"content":{"rendered":"<div class=\"wp-block-image\">\n<figure class=\"alignleft size-full is-resized\"><a href=\"http:\/\/www.farecentronews.com\/wp-content\/uploads\/2022\/09\/FOTO-2_ARCHIVIO-LUCE.jpg\"><img loading=\"lazy\" decoding=\"async\" src=\"http:\/\/www.farecentronews.com\/wp-content\/uploads\/2022\/09\/FOTO-2_ARCHIVIO-LUCE.jpg\" alt=\"\" class=\"wp-image-7580\" width=\"425\" height=\"412\" srcset=\"https:\/\/www.farecentronews.com\/wp-content\/uploads\/2022\/09\/FOTO-2_ARCHIVIO-LUCE.jpg 700w, https:\/\/www.farecentronews.com\/wp-content\/uploads\/2022\/09\/FOTO-2_ARCHIVIO-LUCE-300x291.jpg 300w\" sizes=\"auto, (max-width: 425px) 100vw, 425px\" \/><\/a><\/figure>\n<\/div>\n\n\n<p class=\"wp-block-paragraph\">Una mostra che si snoda lungo un rettilineo, come fosse una linea ferroviaria o un filare di vagoni. Una selezione di 92 storici scatti fotografici in b\/n di otto grandi stazioni italiane (Roma, Firenze, Bologna, Milano, Venezia, Trieste, Messina, Napoli) estrapolati dall&#8217;<strong>Archivio Luce Cinecitt\u00e0<\/strong> da Chiara Sbarigia e dalla<strong> Fondazione FS Italiane<\/strong>; 20 suggestive immagini a colori dell&#8217;Artista Anna Di Prospero: \u00e8 questo il cuore della bellissima esposizione \u201c<strong>La Memoria delle Stazioni<\/strong>\u201d allestita sapientemente presso l&#8217;Auditorium Parco della Musica Ennio Morricone di Roma negli spazi <em>AuditoriumGarage.<\/em> Un viaggio nella memoria che dal 16 Settembre al primo Novembre emozioner\u00e0 i visitatori anche grazie a 8 racconti originali di:<strong> <\/strong>Mauro Covacich per Trieste; Gaia Manzini per Milano; Tiziano Scarpa per Venezia; Enrico Brizzi per Bologna; Sandro Veronesi per Firenze; Melania Mazzucco per Roma; Valeria Parrella per Napoli e Nadia Terranova per Messina. A questi si aggiunge il contributo di Dario Franceschini, che condivide il ricordo della stazione della sua Ferrara. Completano la mostra documenti storici e un filmato che racchiude immagini audiovisive con 90 anni di storia delle stazioni.<\/p>\n\n\n<div class=\"wp-block-image\">\n<figure class=\"alignright size-full is-resized\"><a href=\"http:\/\/www.farecentronews.com\/wp-content\/uploads\/2022\/09\/FOTO3_FIRENZE-SMN_ANNAI-DI-.jpg\"><img loading=\"lazy\" decoding=\"async\" src=\"http:\/\/www.farecentronews.com\/wp-content\/uploads\/2022\/09\/FOTO3_FIRENZE-SMN_ANNAI-DI-.jpg\" alt=\"\" class=\"wp-image-7581\" width=\"465\" height=\"310\" srcset=\"https:\/\/www.farecentronews.com\/wp-content\/uploads\/2022\/09\/FOTO3_FIRENZE-SMN_ANNAI-DI-.jpg 700w, https:\/\/www.farecentronews.com\/wp-content\/uploads\/2022\/09\/FOTO3_FIRENZE-SMN_ANNAI-DI--300x200.jpg 300w\" sizes=\"auto, (max-width: 465px) 100vw, 465px\" \/><\/a><\/figure>\n<\/div>\n\n\n<p class=\"wp-block-paragraph\"><strong>La memoria si fa arte<\/strong><br>Cos\u00ec ha commentato l\u2019operazione la Presidente di Cinecitt\u00e0 Chiara Sbarigia, che ha seguito personalmente ideazione, curatela, scelta dei materiali e dei contributori della mostra: <em>\u201cL\u2019Archivio Luce custodisce milioni di immagini, scattate soltanto da uomini nell\u2019arco di quasi un secolo, mi sono ripromessa di colmare questa lacuna e cominciare a raccogliere anche sguardi e opere femminili; con Anna sento di aver cominciato col piede giusto: sar\u00e0 un viaggio lungo e impegnativo, ma abbiamo agito subito per modificarne la rotta\u201d.<\/em> E Anna Di Prospero, infatti, ci sorprende con le sue eleganti immagini che ci trasportano in affascinanti scorci atemporali, fra architetture razionaliste e tagli di luce ricchi di emotivit\u00e0. In ogni foto emerge inoltre, come un vero <em>fil rouge<\/em>, una figura femminile: l&#8217;Artista stessa, che compare col volto celato immersa in magnifiche e inaspettate location, generando un sommesso dialogo con lo spettatore che insieme a lei scopre nuove dimensioni del viaggiare. La mostra vuole anche rappresentare l&#8217;innovativo corso di Cinecitt\u00e0, che non si prefigge pi\u00f9 solo di riproporre il suo patrimonio, ma di rivitalizzarlo e farsi creatore di nuovi contenuti e nuove letture. Chiara Sbarigia ha aggiunto a tale riguardo: <em>\u201cQuesta mostra riassume bene le linee guida che hanno improntato il mio progetto culturale per Cinecitt\u00e0, a partire dal ruolo centrale che riveste l\u2019Archivio Luce, un patrimonio inestimabile di immagini e filmati che deve essere divulgato, valorizzato, arricchito e soprattutto messo in dialogo con altri Archivi e altre espressioni artistiche, fedele al principio secondo il quale una ricchezza inattiva \u00e8 una verit\u00e0 inerte\u201d.<\/em> L&#8217;esposizione \u00e8 inoltre un progetto con molteplici ulteriori sviluppi. Dalla realizzazione di un catalogo con pezzi inediti, a iniziative di didattica in programma nella sede dell&#8217;Auditorium.<\/p>\n\n\n<div class=\"wp-block-image\">\n<figure class=\"alignleft size-full is-resized\"><a href=\"http:\/\/www.farecentronews.com\/wp-content\/uploads\/2022\/09\/FOTO4_FIRENZE-SMN_FONDAZION.jpg\"><img loading=\"lazy\" decoding=\"async\" src=\"http:\/\/www.farecentronews.com\/wp-content\/uploads\/2022\/09\/FOTO4_FIRENZE-SMN_FONDAZION.jpg\" alt=\"\" class=\"wp-image-7583\" width=\"463\" height=\"360\" srcset=\"https:\/\/www.farecentronews.com\/wp-content\/uploads\/2022\/09\/FOTO4_FIRENZE-SMN_FONDAZION.jpg 700w, https:\/\/www.farecentronews.com\/wp-content\/uploads\/2022\/09\/FOTO4_FIRENZE-SMN_FONDAZION-300x233.jpg 300w\" sizes=\"auto, (max-width: 463px) 100vw, 463px\" \/><\/a><\/figure>\n<\/div>\n\n\n<p class=\"wp-block-paragraph\"><strong>Citazioni colte<\/strong><br><em>L&#8217;anonimato che regala una stazione \u00e8 libert\u00e0, accelerazione di cambiamenti e mutazioni\u201d<\/em>, cos\u00ec chiosa la scrittrice Gaia Manzini pensando alla \u201csua\u201d Milano Centrale; mentre Valeria Parrella afferma: <em>\u201cPerch\u00e9 se Napoli \u00e8 un mondo, la stazione \u00e8 l&#8217;anticamera a quel mondo (&#8230;)\u201d.<\/em> E Tiziano Scarpa si domanda, ricordando la magica Stazione di Venezia: <em>\u201cViaggiatori, passeggeri in partenza e in arrivo, qual \u00e8 il rito che officiate di corsa, entrando e uscendo dal tempio ferroviario di Santa Lucia? Che religione professate? Qual \u00e8 il vostro dio?\u201d. S<\/em>ono solo alcune citazioni che compaiono nella mostra romana e che \u00e8 possibile approfondire nei racconti originali degli otto Autori, presenti nel volume-catalogo edito da Marsilio Arte\/Archivio Luce Cinecitt\u00e0. Dopo questo primo allestimento a Roma, \u201cLa Memoria delle Stazioni\u201d viagger\u00e0 poi per il mondo, con una prima tappa a Parigi a met\u00e0 Gennaio presso la Galleria \u201cParis Cinema Club\u201d. <em>(crediti foto: in apertura, Stazione di Roma Termini_ph Anna Di Prospero, 2022; a seguire, Sophia Loren e Carlo Ponti in partenza per Lugo di Romagna dalla Stazione Termini, 22\/09\/1961_Archivio Luce Cinecitt\u00e0; la Stazione di Firenze Santa Maria Novella<strong>_<\/strong>Anna Di Prospero, 2022; la Stazione di Firenze Santa Maria Novella, Galleria di testa_Fondazione FS Italiane)<\/em><\/p>\n\n\n\n<p class=\"wp-block-paragraph\"><strong>La Memoria delle Stazioni<\/strong><br><strong>Auditorium Garage<\/strong><br>Via Pietro da Coubertin, 30_ Roma<br>Dal 16 settembre al 1 novembre 2022<br>Luned\u00ec-venerd\u00ec h 15:00 &#8211; 21:00; sabato, domenica, festivi (1 novembre) e durante tutto il Festival del Cinema (13-23 ottobre) h 11:00 \u2013 21:00. Ultimo ingresso ore 20.00.<br>Biglietti: intero 8 euro, ridotto 6 euro, gratis under 6, invalidi 100% con accompagnatore.<br>info e prenotazioni su ticketone: 0632810<br><strong><a href=\"http:\/\/www.archivioluce.com\/\">www.archivioluce.com<\/a><\/strong><br><strong><a href=\"http:\/\/www.auditroium.com\/\">www.auditorium.com<\/a><\/strong><\/p>\n","protected":false},"excerpt":{"rendered":"<p>Una mostra che si snoda lungo un rettilineo, come fosse una linea ferroviaria o un filare di vagoni. Una selezione di 92 storici scatti fotografici in b\/n di otto grandi stazioni italiane (Roma, Firenze, Bologna, Milano, Venezia, Trieste, Messina, Napoli) estrapolati dall&#8217;Archivio Luce Cinecitt\u00e0 da Chiara Sbarigia e dalla Fondazione FS Italiane; 20 suggestive immagini [&hellip;]<\/p>\n","protected":false},"author":4,"featured_media":7579,"comment_status":"closed","ping_status":"closed","sticky":false,"template":"","format":"standard","meta":{"footnotes":""},"categories":[3,30],"tags":[3808,3807,86,3805,243],"class_list":["post-7577","post","type-post","status-publish","format-standard","has-post-thumbnail","hentry","category-arte-cultura","category-mostre","tag-archivio-luce-cinecitta","tag-fondazione-fs-italiane","tag-in-evidenza","tag-la-memoria-delle-stazioni","tag-marina-de-benedictis"],"_links":{"self":[{"href":"https:\/\/www.farecentronews.com\/index.php?rest_route=\/wp\/v2\/posts\/7577","targetHints":{"allow":["GET"]}}],"collection":[{"href":"https:\/\/www.farecentronews.com\/index.php?rest_route=\/wp\/v2\/posts"}],"about":[{"href":"https:\/\/www.farecentronews.com\/index.php?rest_route=\/wp\/v2\/types\/post"}],"author":[{"embeddable":true,"href":"https:\/\/www.farecentronews.com\/index.php?rest_route=\/wp\/v2\/users\/4"}],"replies":[{"embeddable":true,"href":"https:\/\/www.farecentronews.com\/index.php?rest_route=%2Fwp%2Fv2%2Fcomments&post=7577"}],"version-history":[{"count":4,"href":"https:\/\/www.farecentronews.com\/index.php?rest_route=\/wp\/v2\/posts\/7577\/revisions"}],"predecessor-version":[{"id":7585,"href":"https:\/\/www.farecentronews.com\/index.php?rest_route=\/wp\/v2\/posts\/7577\/revisions\/7585"}],"wp:featuredmedia":[{"embeddable":true,"href":"https:\/\/www.farecentronews.com\/index.php?rest_route=\/wp\/v2\/media\/7579"}],"wp:attachment":[{"href":"https:\/\/www.farecentronews.com\/index.php?rest_route=%2Fwp%2Fv2%2Fmedia&parent=7577"}],"wp:term":[{"taxonomy":"category","embeddable":true,"href":"https:\/\/www.farecentronews.com\/index.php?rest_route=%2Fwp%2Fv2%2Fcategories&post=7577"},{"taxonomy":"post_tag","embeddable":true,"href":"https:\/\/www.farecentronews.com\/index.php?rest_route=%2Fwp%2Fv2%2Ftags&post=7577"}],"curies":[{"name":"wp","href":"https:\/\/api.w.org\/{rel}","templated":true}]}}