{"id":7539,"date":"2022-07-18T08:03:07","date_gmt":"2022-07-18T08:03:07","guid":{"rendered":"http:\/\/www.farecentronews.com\/?p=7539"},"modified":"2022-07-18T08:03:07","modified_gmt":"2022-07-18T08:03:07","slug":"tibet-splendore-e-purezza-grande-retrospettiva-del-pittore-han-yuchen-a-palazzo-bonaparte","status":"publish","type":"post","link":"https:\/\/www.farecentronews.com\/?p=7539","title":{"rendered":"Tibet, splendore e purezza. Grande retrospettiva del pittore Han Yuchen a Palazzo Bonaparte"},"content":{"rendered":"<div class=\"wp-block-image\">\n<figure class=\"alignleft size-full is-resized\"><a href=\"http:\/\/www.farecentronews.com\/wp-content\/uploads\/2022\/07\/01_1.2011E3808AE5B0BCE78E9BE3808B20E6B2B9E794BB100cmC39780cm.jpg\"><img loading=\"lazy\" decoding=\"async\" src=\"http:\/\/www.farecentronews.com\/wp-content\/uploads\/2022\/07\/01_1.2011E3808AE5B0BCE78E9BE3808B20E6B2B9E794BB100cmC39780cm.jpg\" alt=\"\" class=\"wp-image-7543\" width=\"235\" height=\"293\"\/><\/a><\/figure>\n<\/div>\n\n\n<p class=\"wp-block-paragraph\">L&#8217;anima, la gente, i paesaggi del Tibet &#8220;Tetto del Mondo&#8221; attraverso 40 opere dell&#8217;insigne pittore cinese <strong>Han Yuchen<\/strong>. La retrospettiva &#8220;Tibet, splendore e purezza&#8221;, in mostra a Palazzo Bonaparte, comprende molte opere di grandi dimensioni ed \u00e8 divisa in tre sezioni: <em>paesaggi, ritratti<\/em> e <em>spiritualit\u00e0<\/em>. <strong>Nicolina Bianchi<\/strong>, curatrice della mostra, cos\u00ec spiega: \u201c<em>Nel Tibet di Han Yuchen il paesaggio e l\u2019uomo diventano protagonisti di una stessa storia misteriosa, quasi impenetrabile, dove genuina fierezza e quotidianit\u00e0 convivono e si incontrano nella purezza di luce dei luoghi e dell\u2019energia vitale dei personaggi che li animano. Pastori, guardiani, nomadi, monaci che con saggezza condividono il tempo e lo spartiscono nel loro vivere semplice e autentico<\/em>\u201d.  <\/p>\n\n\n<div class=\"wp-block-image\">\n<figure class=\"alignright size-full is-resized\"><a href=\"http:\/\/www.farecentronews.com\/wp-content\/uploads\/2022\/07\/14_37.2010.920E3808AE89994E8AF9AE3808B20E6B2B9E794BB20180cmC397110cm.jpg\"><img loading=\"lazy\" decoding=\"async\" src=\"http:\/\/www.farecentronews.com\/wp-content\/uploads\/2022\/07\/14_37.2010.920E3808AE89994E8AF9AE3808B20E6B2B9E794BB20180cmC397110cm.jpg\" alt=\"\" class=\"wp-image-7544\" width=\"297\" height=\"486\"\/><\/a><\/figure>\n<\/div>\n\n\n<p class=\"wp-block-paragraph\"><strong>Gabriele Simongini<\/strong>, cocuratore della mostra, dice a sua volta: \u201c<em>Han Yuchen sente con grande disagio che l\u2019impressionante progresso tecnologico del nostro tempo e la smania di una continua crescita economica corrispondono per contrasto a un crescente impoverimento morale e a un degrado dell\u2019universo personale e dei rapporti umani. Per lui il Tibet \u00e8 una sorta di \u201cpatria\u201d dell\u2019anima, perduta e originaria, da ritrovare. Il suo \u00e8 un realismo etico che intende offrire un modello ideale e forse utopistico per una vita pi\u00f9 semplice e spirituale<\/em>\u201d.  Han Yuchen traduce i soggetti delle sue opere  utilizzando un\u2019indubbia sapienza pittorica e una sorprendente capacit\u00e0 di elaborare ampie sintesi paesaggistiche o meticolosi dettagli in ritratti e opere dove le vesti, gli ornamenti e gli oggetti della vita quotidiana o delle cerimonie ci restituiscono un\u2019immagine emozionante del lontano Tibet.<\/p>\n\n\n\n<p class=\"wp-block-paragraph\"><strong><em>Dal 14 luglio al 4 settembre 2022<\/em><\/strong><br><strong>Tibet, splendore e purezza<\/strong><br>Palazzo Bonaparte &#8211; Piazza Venezia, 5 &#8211; Roma<br><a rel=\"noreferrer noopener\" href=\"http:\/\/www.mostrepalazzobonaparte.it\/\" target=\"_blank\">www.mostrepalazzobonaparte.it<\/a><br><a rel=\"noreferrer noopener\" href=\"http:\/\/www.arthemisia.it\/\" target=\"_blank\">www.arthemisia.it<\/a><\/p>\n","protected":false},"excerpt":{"rendered":"<p>L&#8217;anima, la gente, i paesaggi del Tibet &#8220;Tetto del Mondo&#8221; attraverso 40 opere dell&#8217;insigne pittore cinese Han Yuchen. La retrospettiva &#8220;Tibet, splendore e purezza&#8221;, in mostra a Palazzo Bonaparte, comprende molte opere di grandi dimensioni ed \u00e8 divisa in tre sezioni: paesaggi, ritratti e spiritualit\u00e0. Nicolina Bianchi, curatrice della mostra, cos\u00ec spiega: \u201cNel Tibet di [&hellip;]<\/p>\n","protected":false},"author":3,"featured_media":7542,"comment_status":"closed","ping_status":"closed","sticky":false,"template":"","format":"standard","meta":{"footnotes":""},"categories":[3,30],"tags":[239,3784,86,3012,3787,3785],"class_list":["post-7539","post","type-post","status-publish","format-standard","has-post-thumbnail","hentry","category-arte-cultura","category-mostre","tag-carlo-valenti","tag-han-yuchen","tag-in-evidenza","tag-palazzo-bonaparte","tag-pittura","tag-tibet"],"_links":{"self":[{"href":"https:\/\/www.farecentronews.com\/index.php?rest_route=\/wp\/v2\/posts\/7539","targetHints":{"allow":["GET"]}}],"collection":[{"href":"https:\/\/www.farecentronews.com\/index.php?rest_route=\/wp\/v2\/posts"}],"about":[{"href":"https:\/\/www.farecentronews.com\/index.php?rest_route=\/wp\/v2\/types\/post"}],"author":[{"embeddable":true,"href":"https:\/\/www.farecentronews.com\/index.php?rest_route=\/wp\/v2\/users\/3"}],"replies":[{"embeddable":true,"href":"https:\/\/www.farecentronews.com\/index.php?rest_route=%2Fwp%2Fv2%2Fcomments&post=7539"}],"version-history":[{"count":3,"href":"https:\/\/www.farecentronews.com\/index.php?rest_route=\/wp\/v2\/posts\/7539\/revisions"}],"predecessor-version":[{"id":7545,"href":"https:\/\/www.farecentronews.com\/index.php?rest_route=\/wp\/v2\/posts\/7539\/revisions\/7545"}],"wp:featuredmedia":[{"embeddable":true,"href":"https:\/\/www.farecentronews.com\/index.php?rest_route=\/wp\/v2\/media\/7542"}],"wp:attachment":[{"href":"https:\/\/www.farecentronews.com\/index.php?rest_route=%2Fwp%2Fv2%2Fmedia&parent=7539"}],"wp:term":[{"taxonomy":"category","embeddable":true,"href":"https:\/\/www.farecentronews.com\/index.php?rest_route=%2Fwp%2Fv2%2Fcategories&post=7539"},{"taxonomy":"post_tag","embeddable":true,"href":"https:\/\/www.farecentronews.com\/index.php?rest_route=%2Fwp%2Fv2%2Ftags&post=7539"}],"curies":[{"name":"wp","href":"https:\/\/api.w.org\/{rel}","templated":true}]}}