{"id":7508,"date":"2022-07-07T07:28:36","date_gmt":"2022-07-07T07:28:36","guid":{"rendered":"http:\/\/www.farecentronews.com\/?p=7508"},"modified":"2022-07-07T07:28:36","modified_gmt":"2022-07-07T07:28:36","slug":"la-seconda-stagione-del-nuovo-teatro-parioli","status":"publish","type":"post","link":"https:\/\/www.farecentronews.com\/?p=7508","title":{"rendered":"La seconda stagione del nuovo Teatro Parioli"},"content":{"rendered":"<div class=\"wp-block-image\">\n<figure class=\"alignleft size-large is-resized\"><a href=\"http:\/\/www.farecentronews.com\/wp-content\/uploads\/2022\/07\/SECONDA-FOTO_Euridice-Axen_Settimo-Senso_Foto-Tommaso-Le-Pera-2-scaled.jpg\"><img loading=\"lazy\" decoding=\"async\" src=\"http:\/\/www.farecentronews.com\/wp-content\/uploads\/2022\/07\/SECONDA-FOTO_Euridice-Axen_Settimo-Senso_Foto-Tommaso-Le-Pera-2-682x1024.jpg\" alt=\"\" class=\"wp-image-7511\" width=\"296\" height=\"444\" srcset=\"https:\/\/www.farecentronews.com\/wp-content\/uploads\/2022\/07\/SECONDA-FOTO_Euridice-Axen_Settimo-Senso_Foto-Tommaso-Le-Pera-2-682x1024.jpg 682w, https:\/\/www.farecentronews.com\/wp-content\/uploads\/2022\/07\/SECONDA-FOTO_Euridice-Axen_Settimo-Senso_Foto-Tommaso-Le-Pera-2-200x300.jpg 200w, https:\/\/www.farecentronews.com\/wp-content\/uploads\/2022\/07\/SECONDA-FOTO_Euridice-Axen_Settimo-Senso_Foto-Tommaso-Le-Pera-2-768x1154.jpg 768w, https:\/\/www.farecentronews.com\/wp-content\/uploads\/2022\/07\/SECONDA-FOTO_Euridice-Axen_Settimo-Senso_Foto-Tommaso-Le-Pera-2-1022x1536.jpg 1022w, https:\/\/www.farecentronews.com\/wp-content\/uploads\/2022\/07\/SECONDA-FOTO_Euridice-Axen_Settimo-Senso_Foto-Tommaso-Le-Pera-2-1363x2048.jpg 1363w, https:\/\/www.farecentronews.com\/wp-content\/uploads\/2022\/07\/SECONDA-FOTO_Euridice-Axen_Settimo-Senso_Foto-Tommaso-Le-Pera-2-scaled.jpg 1704w\" sizes=\"auto, (max-width: 296px) 100vw, 296px\" \/><\/a><\/figure>\n<\/div>\n\n\n<p class=\"wp-block-paragraph\">La nuova stagione teatrale 2022\/23 de <strong>Il Parioli <\/strong>\u00e8 pi\u00f9 che mai all&#8217;insegna di cultura, divertimento e appuntamenti eclettici. Si comincia a settembre, con una rassegna di spettacoli proposta dalle pi\u00f9 prestigiose compagnie di teatro ragazzi: Il sogno di tartaruga (24 e 25 settembre 2022), Il Lupo e i sette capretti (1 e 2 ottobre) Pinocchio (8 e 9 ottobre), Rime insaponate (15 e 16 ottobre). Si prosegue con la contaminazione fra teatro, cinema, musica e letteratura che fin dagli inizi \u00e8 stata la cifra di presentazione della nuova direzione artistica, con \u201cLa cultura specialmente\u201d: <em>Nessun Dorma<\/em>, sei appuntamenti sull\u2019opera lirica a cura di Maite Carpio Bulgari prodotto da Garbo S.r.l. e Rai Teche; <em>Concerti<\/em> in collaborazione con Fonoprint Studios con una proposta musicale pop giovane e di qualit\u00e0; <em>Pallida Madre, Tenera Sorella<\/em> quattro importanti letture di testi inediti in lingua tedesca a cura dell\u2019Istituto Italiano di Studi Germanici con i neodiplomati di Centro Sperimentale di Cinematografia e Accademia Nazionale Silvio D\u2019Amico. Poi <em><strong>I Luned\u00ec Letterari<\/strong><\/em> con incontri organizzati dagli autori dell\u2019Accademia Molly Bloom diretta da Leonardo Colombati: La guerra dei libri, Il giro della musica in 80 minuti e presentazioni. Cinque saranno poi le produzioni de Il Parioli come <strong>Centro di produzione Teatrale<\/strong>,in questa nuova stagione: <em>Il Colpevole, Fred!, Il Figlio, Lo stato delle cose<\/em> e la ripresa di <em>Manola.<\/em> Rinnovato anche il rapporto con <strong>Centro Sperimentale di Cinematografia<\/strong> e <strong>Accademia Silvio D\u2019Amico<\/strong> con due spettacoli finali che chiudono la stagione. Formazione, stage, corsi per ragazze e ragazzicompleteranno l&#8217;offerta, insieme all\u2019apertura del <em>Bistrot del Teatro<\/em> con wi-fi per tutti.<\/p>\n\n\n\n<p class=\"wp-block-paragraph\"><strong>Chi \u00e8 di scena<\/strong><br>Ale e Franz con ATTI SCENICI IN LUOGO PUBBLICO, regia di Alberto Ferrari (26 ottobre &#8211; 6 novembre 2022). Antonio Catania, Gianluca Ramazzotti, Paola Quattrini, Paola Barale in SE DEVI DIRE UNA BUGIA DILLA GROSSA versione italiana di Iaia Fiastri (23 novembre-11 dicembre 2022). FRED! di Matthias Martelli con la regia Arturo Brachetti con Roy Paci e Matthias Martelli in omaggio a Fred Buscaglione (26 dicembre 2022-08 gennaio 2023). IL FIGLIO di Florian Zeller, traduzione e regia Piero Maccarinelli con Cesare Bocci, Galatea Ranzi, Giulio Pranno, Marta Gastini (25 gennaio-05 febbraio). Massimo Ghini, Paolo Ruffini in QUASI AMICI adattamento e regia Alberto Ferrari (15-26 febbraio). Riccardo Rossi con RICCARDO ROSSI ON STAGE, regia di Cristiano d&#8217;Alisera (8 &#8211; 19 marzo). Giulio Scarpati in IL TEATRO COMICO di Carlo Goldoni, adattamento e regia Eugenio Allegri (19 -30 aprile). LO STATO DELLE COSE, il nuovo lavoro scritto e diretto da Massimiliano Bruno che sar\u00e0 invece in scena dal 3 -21 maggio.<\/p>\n\n\n<div class=\"wp-block-image\">\n<figure class=\"alignright size-full is-resized\"><a href=\"http:\/\/www.farecentronews.com\/wp-content\/uploads\/2022\/07\/FOTO-CHIUSURA_COMPOSIT-ATTO.jpg\"><img loading=\"lazy\" decoding=\"async\" src=\"http:\/\/www.farecentronews.com\/wp-content\/uploads\/2022\/07\/FOTO-CHIUSURA_COMPOSIT-ATTO.jpg\" alt=\"\" class=\"wp-image-7512\" width=\"415\" height=\"415\" srcset=\"https:\/\/www.farecentronews.com\/wp-content\/uploads\/2022\/07\/FOTO-CHIUSURA_COMPOSIT-ATTO.jpg 600w, https:\/\/www.farecentronews.com\/wp-content\/uploads\/2022\/07\/FOTO-CHIUSURA_COMPOSIT-ATTO-300x300.jpg 300w, https:\/\/www.farecentronews.com\/wp-content\/uploads\/2022\/07\/FOTO-CHIUSURA_COMPOSIT-ATTO-150x150.jpg 150w\" sizes=\"auto, (max-width: 415px) 100vw, 415px\" \/><\/a><\/figure>\n<\/div>\n\n\n<p class=\"wp-block-paragraph\">La stagione di<strong> Altri Percorsi<\/strong>: IL COLPEVOLE scritto e diretto Emanuela Giordano (19 \u2013 23 ottobre). Peppe Barra con Lalla Esposito saranno i protagonisti di NON C\u2019\u00c8 NIENTE DA RIDERE di Lamberto Lambertini e Peppe Barra, regia Lamberto Lambertini (9 \u2013 13 novembre). Gianpaolo Gambi in GIANPAOLO GAMBI SHOW (16 \u2013 20 novembre). Sar\u00e0 poi la volta di EDIPO RE, UNA FAVOLA NERA da Sofocle, di Ferdinando Bruni e Francesco Frongia (14-18 dicembre). Fausto Cabra, Viola Graziosi, Alessandro Bandini, Ola Cavagna con AGNELLO DI DIO di Daniele Mencarelli, regia Piero Maccarinelli (11-15 gennaio). SETTIMO SENSO &#8211; Moana Pozzi di Ruggero Cappuccio con la regia Nadia Baldi con Euridice Axen (18-22 gennaio), e anche con Giuseppe Cederna di ZIO VANJA di Anton \u010cechov, adattamento e regia Roberto Valerio (8 \u2013 12 febbraio). DIO \u00c8 MORTO E NEANCHE IO MI SENTO TANTO BENE con Tullio Solenghi &amp; Nidi Ensemble (01-05 marzo). Le EBBANESIS Serena Pisa e Viviana Cangiano in COS\u00cc FAN TUTTE liberamente tratto dall\u2019opera di Mozart, elaborazione musicale e arrangiamenti Leandro Piccioni e Mario Tronco, libretto di Andrej Longo, regia Giuseppe Miale di Mauro (22- 26 marzo).<\/p>\n\n\n\n<p class=\"wp-block-paragraph\">Indfine il <strong>Teatro danza<\/strong>: GELSOMINA DREAMS, un omaggio a Federico Fellini della compagnia blucinQue , regia e coreografia Caterina Mochi Sismondi (29 marzo- 2 aprile) e lo Spellbound Contemporary ballet in ROSSINI OUVERTURES musiche Gioachino Rossini, regia e coreografia Mauro Astolfi (12 \u2013 16 aprile). <strong>Maurizio Costanzo Show<\/strong> festeggia inoltre con 6 puntate nella stagione appena trascorsa e con 8 nella prossima. <em>(Immagini courtesy of Ufficio Stampa Il Parioli: in apertura, la coppia Cederna\/Axen; un bel ritratto di Euridice Axen in scena con Settimo Senso, ph_Tommaso Le Pera; nel composit di chiusura, Solenghi, Ghini, Rossi, Bocci)<\/em><\/p>\n\n\n\n<p class=\"wp-block-paragraph\"><strong>I successi della nuova direzione artistica<\/strong><br>Poco pi\u00f9 di un anno fa, Michele ed Enzo Gentile insieme a Giovanni Vernassa, con il sostegno di Banca del Fucino, hanno rilevato il Teatro Parioli, affidando la direzione artistica a Piero Maccarinelli. Dopo una prima stagione in cui i fattori esterni dettati dalla pandemia sembravano voler funestare ogni programma, oggi il Teatro Parioli, forte dell\u2019aver ottenuto una capienza media del 70%, vince la sua scommessa e presenta la seconda stagione, una stagione particolarmente importante, ricca di eventi, incentrata su spettacoli che abbiano una valenza culturale ma allo stesso tempo richiamino un pubblico sempre pi\u00f9 vasto e diversificato. Michele Gentile, Direttore Generale del Teatro Parioli &#8211; afferma \u201cIl Parioli torna in scena. E lo fa con una seconda stagione ricca di appuntamenti. La prima stagione \u00e8 stata quella della partenza; questa seconda rappresenta il consolidamento del lavoro svolto con una ricchezza in pi\u00f9: il Parioli \u00e8 ora un Centro di produzione teatrale. Una sfida? Sicuramente s\u00ec. Con la consapevolezza che il riconoscimento del valore del nostro teatro da parte del MIC aumenta il nostro impegno e la nostra voglia di corrispondere la commozione e l\u2019entusiasmo che i lavoratori e il pubblico ci hanno riservato. Un ringraziamento particolare va al MIC e al Ministro Franceschini e al Segretario generale Salvatore Nastasi\u201d. <em>(fonte: Ufficio Stampa Maya Amenduni)<\/em><\/p>\n\n\n\n<p class=\"wp-block-paragraph\"><strong>Il Parioli<\/strong><br>Via Giosu\u00e8 Borsi, 20 Roma<br>06 5434851 &#8211; Servizio WhatsApp 3517211283<br><a href=\"mailto:biglietteria@ilparioli.it\"><strong>biglietteria@ilparioli.it<\/strong><\/a><br><a href=\"http:\/\/www.ilparioli.it\/\"><strong>www.ilparioli.it<\/strong><\/a><\/p>\n","protected":false},"excerpt":{"rendered":"<p>La nuova stagione teatrale 2022\/23 de Il Parioli \u00e8 pi\u00f9 che mai all&#8217;insegna di cultura, divertimento e appuntamenti eclettici. Si comincia a settembre, con una rassegna di spettacoli proposta dalle pi\u00f9 prestigiose compagnie di teatro ragazzi: Il sogno di tartaruga (24 e 25 settembre 2022), Il Lupo e i sette capretti (1 e 2 ottobre) [&hellip;]<\/p>\n","protected":false},"author":4,"featured_media":7510,"comment_status":"closed","ping_status":"closed","sticky":false,"template":"","format":"standard","meta":{"footnotes":""},"categories":[5,33],"tags":[3623,86,243],"class_list":["post-7508","post","type-post","status-publish","format-standard","has-post-thumbnail","hentry","category-musica-spettacolo","category-teatro","tag-il-parioli","tag-in-evidenza","tag-marina-de-benedictis"],"_links":{"self":[{"href":"https:\/\/www.farecentronews.com\/index.php?rest_route=\/wp\/v2\/posts\/7508","targetHints":{"allow":["GET"]}}],"collection":[{"href":"https:\/\/www.farecentronews.com\/index.php?rest_route=\/wp\/v2\/posts"}],"about":[{"href":"https:\/\/www.farecentronews.com\/index.php?rest_route=\/wp\/v2\/types\/post"}],"author":[{"embeddable":true,"href":"https:\/\/www.farecentronews.com\/index.php?rest_route=\/wp\/v2\/users\/4"}],"replies":[{"embeddable":true,"href":"https:\/\/www.farecentronews.com\/index.php?rest_route=%2Fwp%2Fv2%2Fcomments&post=7508"}],"version-history":[{"count":2,"href":"https:\/\/www.farecentronews.com\/index.php?rest_route=\/wp\/v2\/posts\/7508\/revisions"}],"predecessor-version":[{"id":7513,"href":"https:\/\/www.farecentronews.com\/index.php?rest_route=\/wp\/v2\/posts\/7508\/revisions\/7513"}],"wp:featuredmedia":[{"embeddable":true,"href":"https:\/\/www.farecentronews.com\/index.php?rest_route=\/wp\/v2\/media\/7510"}],"wp:attachment":[{"href":"https:\/\/www.farecentronews.com\/index.php?rest_route=%2Fwp%2Fv2%2Fmedia&parent=7508"}],"wp:term":[{"taxonomy":"category","embeddable":true,"href":"https:\/\/www.farecentronews.com\/index.php?rest_route=%2Fwp%2Fv2%2Fcategories&post=7508"},{"taxonomy":"post_tag","embeddable":true,"href":"https:\/\/www.farecentronews.com\/index.php?rest_route=%2Fwp%2Fv2%2Ftags&post=7508"}],"curies":[{"name":"wp","href":"https:\/\/api.w.org\/{rel}","templated":true}]}}