{"id":7430,"date":"2022-05-31T06:40:03","date_gmt":"2022-05-31T06:40:03","guid":{"rendered":"http:\/\/www.farecentronews.com\/?p=7430"},"modified":"2022-05-31T06:40:04","modified_gmt":"2022-05-31T06:40:04","slug":"larte-di-robert-doisneau-in-mostra-allara-pacis","status":"publish","type":"post","link":"https:\/\/www.farecentronews.com\/?p=7430","title":{"rendered":"L&#8217;arte di Robert Doisneau in mostra all&#8217;Ara Pacis"},"content":{"rendered":"\n<div class=\"wp-block-image\"><figure class=\"alignleft size-full is-resized\"><a href=\"http:\/\/www.farecentronews.com\/wp-content\/uploads\/2022\/05\/Le-baiser-de-lhotel-de-vil.jpg\"><img loading=\"lazy\" decoding=\"async\" src=\"http:\/\/www.farecentronews.com\/wp-content\/uploads\/2022\/05\/Le-baiser-de-lhotel-de-vil.jpg\" alt=\"\" class=\"wp-image-7433\" width=\"473\" height=\"379\" srcset=\"https:\/\/www.farecentronews.com\/wp-content\/uploads\/2022\/05\/Le-baiser-de-lhotel-de-vil.jpg 700w, https:\/\/www.farecentronews.com\/wp-content\/uploads\/2022\/05\/Le-baiser-de-lhotel-de-vil-300x240.jpg 300w\" sizes=\"auto, (max-width: 473px) 100vw, 473px\" \/><\/a><\/figure><\/div>\n\n\n\n<p class=\"wp-block-paragraph\">Una mostra monumentale che raccoglie all&#8217;<strong>Ara Pacis<\/strong> di Roma oltre 130 stampe ai sali d\u2019argento in bianco e nero della collezione dell\u2019<strong>Atelier Robert Doisneau<\/strong> a Montrouge, dove il grande fotografo ha stampato e archiviato le sue immagini per oltre cinquant\u2019anni per poi spegnersi nel 1994, lasciando un\u2019eredit\u00e0 di quasi 450.000 negativi. L&#8217;esposizione \u00e8 per\u00f2 una occasione unica per scoprire lo spirito intimo di questo artista, la sua filosofia. Infatti l&#8217;arte di uno dei padri fondatori della fotografia umanista francese e del fotogiornalismo di strada, \u00e8 fatta di attese per cogliere un evento che si sta per verificare; oppure di costruzioni organizzate <em>ad hoc<\/em> quando le foto sono commissionate: come nel caso dello scatto iconico che per \u201cLife\u201d coglie un bacio di una coppia nella folla, grazie a una inimmaginabile messa in scena con due attori protagonisti (<em>Le baiser de l&#8217;h\u00f4tel de ville<\/em>, Paris 1950). L&#8217;arte di Doisneau non \u00e8 per\u00f2 solo immagini, ma soprattutto storia dell&#8217;umanit\u00e0 e specchio della sua profonda sensibilit\u00e0 generata da una infanzia sofferta. Per questo i suoi scatti sono intrisi di una sottile malinconia, di un profondo senso di solitudine anche quando si avverte ironia e umorismo. Nella sua ricerca artistica \u2013 che si concentra sulla scoperta del mistero psicologico della persona &#8211; si \u00e8 sempre contornato di compagnie con le quali condividere una importante affinit\u00e0 spirituale, come con Prevert e altri noti artisti &#8211; fra scrittori, pittori e attori \u2013 frequentati a cavallo fra gli anni &#8217;30 e &#8217;90. La mostra, alla sua terza tappa dopo Rovigo e Aosta, si snoda in ben 11 sezioni: Concierges (1945-1953): una serie di scatti dedicati ai portinai di Parigi; Enfances (1934-1956), dove i soggetti fotografati sono spesso complici, in particolare i bambini che popolano e animano le strade di periferia; Occupation et Lib\u00e9ration (1940-1944), dove crea finalmente come fotografo indipendente, ma sopraggiunge la guerra e l\u2019Occupazione; L\u2019Apr\u00e8s-Guerre (1945-1953), che ritrae la rinascita nel Dopoguerra; Le Monde du travail (1935-1950), cinque anni nel reparto pubblicitario delle officine Renault con gli scatti che agli operai dei sobborghi parigini; Le Th\u00e9\u00e2tre de la rue, nella scuola della strada; Sc\u00e8nes d\u2019int\u00e9rieur (1943-1970), dove la categoria dei \u201cvinti\u201d ha in s\u00e9 il dramma e il ridicolo; Mode et Mondanit\u00e9s (1950-1952), incontra Edmonde Charles-Roux, giornalista di \u201cVogue\u201d e diventa un cronista della vita parigina e artistica del tempo; Portraits (1942-1961), i ritratti, spesso su commissione, fra i quali ricordiamo Picasso, Dubuffet, Alberto Giacometti, Jean Cocteau; Une certaine id\u00e9e du bonheur (1945-1961), un mondo di bellezza; Bistrots (1948-1957), trascinato da Robert Giraud, scopre l\u2019ambiente dei bistrot e della banlieue di Parigi. All\u2019interno del percorso espositivo saranno proiettati spezzoni tratti dal film di Cl\u00e9mentine Deroudille \u201cRobert Doisneau. Le R\u00e9volt\u00e9 du merveilleux\u201d e un\u2019intervista al curatore Gabriel Bauret. <em>(ph courtesy of Zetema Progetto Cultura: in apertura, <\/em><em>Robert Doisneau, , L\u2019Information scolaire, Paris 1956, \u00a9 Robert Doisneau; a seguire l&#8217;iconico scatto Robert Doisneau, Le baiser de l\u2019H\u00f4tel de Ville, Paris 1950 \u00a9 Robert Doisneau; Robert Doisneau, Fox-terrier au Pont des Arts, Paris, 1953, \u00a9 Robert Doisneau)<\/em><\/p>\n\n\n\n<div class=\"wp-block-image\"><figure class=\"alignright size-full is-resized\"><a href=\"http:\/\/www.farecentronews.com\/wp-content\/uploads\/2022\/05\/TRE_Fox-terrier-au-pont-des.jpg\"><img loading=\"lazy\" decoding=\"async\" src=\"http:\/\/www.farecentronews.com\/wp-content\/uploads\/2022\/05\/TRE_Fox-terrier-au-pont-des.jpg\" alt=\"\" class=\"wp-image-7434\" width=\"434\" height=\"524\" srcset=\"https:\/\/www.farecentronews.com\/wp-content\/uploads\/2022\/05\/TRE_Fox-terrier-au-pont-des.jpg 600w, https:\/\/www.farecentronews.com\/wp-content\/uploads\/2022\/05\/TRE_Fox-terrier-au-pont-des-248x300.jpg 248w\" sizes=\"auto, (max-width: 434px) 100vw, 434px\" \/><\/a><\/figure><\/div>\n\n\n\n<p class=\"wp-block-paragraph\">A cura di Gabriel Bauret, promossa e prodotta da Roma Culture, Sovrintendenza Capitolina ai Beni Culturali, Fondazione Cassa di Risparmio di Padova e Rovigo e Silvana Editoriale. Supporto organizzativo di Z\u00e8tema Progetto Cultura. Catalogo Silvana Editoriale. Radio partner Dimensione Suono Soft. Catalogo \u201cRobert Doisneau\u201d, edito da Silvana Editoriale. Per le persone con disabilit\u00e0 visiva \u00e8 stato progettato, in collaborazione con il Museo Tattile Statale Omero, un percorso dedicato dotato di disegni a rilievo e relative audiodescrizioni. Sar\u00e0 inoltre disponibile un calendario di visite tattili gratuite, guidate da operatori specializzati. Anche per il pubblico non udente saranno disponibili visite guidate gratuite alla mostra, con interpreti LIS, grazie al Dipartimento Politiche Sociali e Salute &#8211; Direzione Servizi alla Persona di Roma Capitale e realizzato dalla Cooperativa Segni d\u2019Integrazione \u2013 Lazio.<\/p>\n\n\n\n<p class=\"wp-block-paragraph\"><strong>Robert Doisneau<\/strong><br>Sino al 4 Settembre 2022<br>Museo dell\u2019Ara Pacis<br>Ingresso alla mostra da Via di Ripetta 180, 00186 Roma<br>Tutti i giorni 9.30 \u2013 19.30. Ultimo ingresso un&#8217;ora prima della chiusura<br>Tel. 060608 (tutti i giorni ore 9.00 \u2013 19.00)<br><a href=\"http:\/\/www.arapacis.it\/\"><strong>www.arapacis.it<\/strong><\/a><strong>; <a href=\"http:\/\/www.museiincomune.it\/\">www.museiincomune.it<\/a>; <a href=\"http:\/\/www.zetema.it\/\">www.zetema.it<\/a><\/strong><\/p>\n","protected":false},"excerpt":{"rendered":"<p>Una mostra monumentale che raccoglie all&#8217;Ara Pacis di Roma oltre 130 stampe ai sali d\u2019argento in bianco e nero della collezione dell\u2019Atelier Robert Doisneau a Montrouge, dove il grande fotografo ha stampato e archiviato le sue immagini per oltre cinquant\u2019anni per poi spegnersi nel 1994, lasciando un\u2019eredit\u00e0 di quasi 450.000 negativi. L&#8217;esposizione \u00e8 per\u00f2 una [&hellip;]<\/p>\n","protected":false},"author":4,"featured_media":7432,"comment_status":"closed","ping_status":"closed","sticky":false,"template":"","format":"standard","meta":{"footnotes":""},"categories":[3,30],"tags":[3730,852,243,3729],"class_list":["post-7430","post","type-post","status-publish","format-standard","has-post-thumbnail","hentry","category-arte-cultura","category-mostre","tag-ara-pacis","tag-fotografia","tag-marina-de-benedictis","tag-robert-doisneau"],"_links":{"self":[{"href":"https:\/\/www.farecentronews.com\/index.php?rest_route=\/wp\/v2\/posts\/7430","targetHints":{"allow":["GET"]}}],"collection":[{"href":"https:\/\/www.farecentronews.com\/index.php?rest_route=\/wp\/v2\/posts"}],"about":[{"href":"https:\/\/www.farecentronews.com\/index.php?rest_route=\/wp\/v2\/types\/post"}],"author":[{"embeddable":true,"href":"https:\/\/www.farecentronews.com\/index.php?rest_route=\/wp\/v2\/users\/4"}],"replies":[{"embeddable":true,"href":"https:\/\/www.farecentronews.com\/index.php?rest_route=%2Fwp%2Fv2%2Fcomments&post=7430"}],"version-history":[{"count":2,"href":"https:\/\/www.farecentronews.com\/index.php?rest_route=\/wp\/v2\/posts\/7430\/revisions"}],"predecessor-version":[{"id":7435,"href":"https:\/\/www.farecentronews.com\/index.php?rest_route=\/wp\/v2\/posts\/7430\/revisions\/7435"}],"wp:featuredmedia":[{"embeddable":true,"href":"https:\/\/www.farecentronews.com\/index.php?rest_route=\/wp\/v2\/media\/7432"}],"wp:attachment":[{"href":"https:\/\/www.farecentronews.com\/index.php?rest_route=%2Fwp%2Fv2%2Fmedia&parent=7430"}],"wp:term":[{"taxonomy":"category","embeddable":true,"href":"https:\/\/www.farecentronews.com\/index.php?rest_route=%2Fwp%2Fv2%2Fcategories&post=7430"},{"taxonomy":"post_tag","embeddable":true,"href":"https:\/\/www.farecentronews.com\/index.php?rest_route=%2Fwp%2Fv2%2Ftags&post=7430"}],"curies":[{"name":"wp","href":"https:\/\/api.w.org\/{rel}","templated":true}]}}