{"id":7323,"date":"2022-03-14T13:40:32","date_gmt":"2022-03-14T13:40:32","guid":{"rendered":"http:\/\/www.farecentronews.com\/?p=7323"},"modified":"2022-03-14T16:07:02","modified_gmt":"2022-03-14T16:07:02","slug":"jago-the-exhibition-lo-scultore-social-in-mostra-a-roma","status":"publish","type":"post","link":"https:\/\/www.farecentronews.com\/?p=7323","title":{"rendered":"Jago The Exhibition. Lo scultore social in mostra a Roma"},"content":{"rendered":"\n<div class=\"wp-block-image\"><figure class=\"alignleft size-full is-resized\"><a href=\"http:\/\/www.farecentronews.com\/wp-content\/uploads\/2022\/03\/FIGLIO-VELATO-JAGO.jpg\"><img loading=\"lazy\" decoding=\"async\" src=\"http:\/\/www.farecentronews.com\/wp-content\/uploads\/2022\/03\/FIGLIO-VELATO-JAGO.jpg\" alt=\"\" class=\"wp-image-7327\" width=\"376\" height=\"502\" srcset=\"https:\/\/www.farecentronews.com\/wp-content\/uploads\/2022\/03\/FIGLIO-VELATO-JAGO.jpg 600w, https:\/\/www.farecentronews.com\/wp-content\/uploads\/2022\/03\/FIGLIO-VELATO-JAGO-225x300.jpg 225w\" sizes=\"auto, (max-width: 376px) 100vw, 376px\" \/><\/a><\/figure><\/div>\n\n\n\n<p class=\"wp-block-paragraph\"><strong>Palazzo Bonaparte<\/strong> ha appena inaugurato la prima mostra antologica di <strong>Jago <\/strong>grazie ad <strong>Arthemisia<\/strong>, che propone in questa stessa location anche il primo studio d&#8217;Artista dove lo scultore realizzer\u00e0 un&#8217;opera <em>ex novo<\/em> durante il periodo della esposizione che lo riguarda. <strong>Jago The Exhibition <\/strong>\u00e8 dunque la <em>summa<\/em> delle opere sinora ideate dall&#8217;Artista che \u00e8 nato a Sora 35 anni fa, ha vissuto e lavorato in Italia, in Cina e in America operando nell&#8217;ambito di differenti arti: scultura, grafica e video produzione. Del tutto unico nella sua particolarit\u00e0 creativa, \u00e8 capace di essere al contempo classico (come Canova o Michelangelo) nella tradizione artigianale scultorea, e social nella autopromozione delle sue opere sui media digitali, dove coinvolge il pubblico giovanile divenendo uno degli artisti pi\u00f9 amati dei nostri tempi. Il suo rapporto con le nuove generazioni \u00e8 infatti peculiare: con la sua costante passione (che lo porta a scolpire un blocco di marmo di Carrara anche per 18 mesi consecutivi) dimostra a tutti che la determinazione verso ci\u00f2 che amiamo pu\u00f2 portarci ovunque. Manager di se stesso, Jago afferma che<em> \u201cQuando immaginiamo le cose, poi diventano possibili\u201d<\/em> dando cos\u00ec valore al potere della volont\u00e0. E in questa spettacolare mostra romana possiamo apprezzare una dozzina di opere, attraverso le quali cogliere appieno la raffinatezza nello scolpire, la realizzazione di un&#8217;idea classica in un soggetto contemporaneo, il realismo sconcertante di certe figure in marmo: come <em>Apparato circolatorio<\/em>, <em>Memoria di S\u00e9<\/em> o <em>Sphynx<\/em>. Il tutto in una cornice senza pari: un palazzo storico proprio nel cuore di Roma, con una spettacolare vista su Piazza Venezia. Imperdibile. <em>(testo e ph_Marina De Benedictis, tutti i diritti riservati: in apertura, \u00a9Jago_Apparato Circolatorio, 2017; a seguire, \u00a9Jago_Il Figlio<\/em> <em>Velato, 2019 e sullo sfondo la vista spettacolare che affaccia da Palazzo Bonaparte sull&#8217;Altare della Patria)<\/em><\/p>\n\n\n\n<p class=\"wp-block-paragraph\"><strong>Jago, scultore classico e moderno<\/strong><br>Numerosi i premi che questo giovane creativo ha conquistato per la sua professionalit\u00e0, tra i quali ricordiamo la Medaglia Pontificia ottenuta a soli 24 anni, dopo essere stato &#8211; su presentazione di <strong>Maria Teresa Benedetti &#8211;<\/strong> selezionato da <strong>Vittorio Sgarbi<\/strong> per partecipare alla 54a edizione della Biennale di Venezia, con il busto in marmo di Papa Benedetto XVI (2009). La scultura \u00e8 stata poi rielaborata nel 2016, prendendo il nome di <em>Habemus Hominem<\/em>: l\u2019avvenuta spoliazione del Papa emerito dai suoi paramenti \u00e8 stata esposta a Roma, nel 2018, presso il Museo Carlo Bilotti di Villa Borghese, attirando un numero record di visitatori (pi\u00f9 di 3.500 durante l\u2019inaugurazione). A seguito di un\u2019esposizione all\u2019Armory Show di Manhattan, JAGO si trasferisce a New York. Qui inizia la realizzazione del<em> Figlio Velato<\/em>, esposto permanentemente all\u2019interno della Cappella dei Bianchi nella Chiesa di San Severo Fuori le Mura a Napoli. L\u2019opera \u00e8 ispirata al settecentesco Cristo Velato di Giuseppe Sanmartino, collocato nel Museo Cappella San Severo sempre a Napoli. Nel 2019, in occasione della missione Beyond dell\u2019ESA (European Space Agency), JAGO \u00e8 stato il primo artista ad aver inviato una scultura in marmo sulla Stazione Spaziale Internazionale. Intitolata <em>The First Baby <\/em>e raffigurante il feto di un neonato, \u00e8 tornata sulla Terra a febbraio 2020 sotto la custodia del capo missione Luca Parmitano. Da maggio 2020 Jago risiede a Napoli avendo eletto il suo studio nella Chiesa di Sant\u2019Aspreno ai Crociferi. Realizza all\u2019inizio di novembre l\u2019installazione <em>Look Down<\/em> allora temporaneamente collocata in Piazza del Plebiscito (ora nel deserto di Al Haniyah a Fujairah), mentre il 1 ottobre 2021 installa l&#8217;opera <em>Piet\u00e0<\/em> nella Basilica di Santa Maria in Montesanto, in Piazza del Popolo a Roma.<\/p>\n\n\n\n<p class=\"wp-block-paragraph\"><strong>Jago. The Exhibition<\/strong><br>Sino al 3 Luglio 2022<br>Palazzo Bonaparte, Piazza Venezia 5 Roma<br>dal luned\u00ec al venerd\u00ec 9.00 &#8211; 19.00 sabato e domenica 9.00 \u2013 21.00<br><a href=\"http:\/\/www.mostrepalazzobonaparte.it\/\">www.mostrepalazzobonaparte.it<\/a><br><a href=\"http:\/\/www.arthemisia.it\/\">www.arthemisia.it<\/a><\/p>\n","protected":false},"excerpt":{"rendered":"<p>Palazzo Bonaparte ha appena inaugurato la prima mostra antologica di Jago grazie ad Arthemisia, che propone in questa stessa location anche il primo studio d&#8217;Artista dove lo scultore realizzer\u00e0 un&#8217;opera ex novo durante il periodo della esposizione che lo riguarda. Jago The Exhibition \u00e8 dunque la summa delle opere sinora ideate dall&#8217;Artista che \u00e8 nato [&hellip;]<\/p>\n","protected":false},"author":5,"featured_media":7326,"comment_status":"closed","ping_status":"closed","sticky":false,"template":"","format":"standard","meta":{"footnotes":""},"categories":[3,30],"tags":[86,3683,3682,243,3012,3684],"class_list":["post-7323","post","type-post","status-publish","format-standard","has-post-thumbnail","hentry","category-arte-cultura","category-mostre","tag-in-evidenza","tag-jago","tag-jago-the-exhibition","tag-marina-de-benedictis","tag-palazzo-bonaparte","tag-scultura"],"_links":{"self":[{"href":"https:\/\/www.farecentronews.com\/index.php?rest_route=\/wp\/v2\/posts\/7323","targetHints":{"allow":["GET"]}}],"collection":[{"href":"https:\/\/www.farecentronews.com\/index.php?rest_route=\/wp\/v2\/posts"}],"about":[{"href":"https:\/\/www.farecentronews.com\/index.php?rest_route=\/wp\/v2\/types\/post"}],"author":[{"embeddable":true,"href":"https:\/\/www.farecentronews.com\/index.php?rest_route=\/wp\/v2\/users\/5"}],"replies":[{"embeddable":true,"href":"https:\/\/www.farecentronews.com\/index.php?rest_route=%2Fwp%2Fv2%2Fcomments&post=7323"}],"version-history":[{"count":4,"href":"https:\/\/www.farecentronews.com\/index.php?rest_route=\/wp\/v2\/posts\/7323\/revisions"}],"predecessor-version":[{"id":7329,"href":"https:\/\/www.farecentronews.com\/index.php?rest_route=\/wp\/v2\/posts\/7323\/revisions\/7329"}],"wp:featuredmedia":[{"embeddable":true,"href":"https:\/\/www.farecentronews.com\/index.php?rest_route=\/wp\/v2\/media\/7326"}],"wp:attachment":[{"href":"https:\/\/www.farecentronews.com\/index.php?rest_route=%2Fwp%2Fv2%2Fmedia&parent=7323"}],"wp:term":[{"taxonomy":"category","embeddable":true,"href":"https:\/\/www.farecentronews.com\/index.php?rest_route=%2Fwp%2Fv2%2Fcategories&post=7323"},{"taxonomy":"post_tag","embeddable":true,"href":"https:\/\/www.farecentronews.com\/index.php?rest_route=%2Fwp%2Fv2%2Ftags&post=7323"}],"curies":[{"name":"wp","href":"https:\/\/api.w.org\/{rel}","templated":true}]}}