{"id":7312,"date":"2022-03-08T12:47:02","date_gmt":"2022-03-08T12:47:02","guid":{"rendered":"http:\/\/www.farecentronews.com\/?p=7312"},"modified":"2022-03-08T15:38:24","modified_gmt":"2022-03-08T15:38:24","slug":"icons-of-light-larte-di-bill-viola-risveglia-lanima","status":"publish","type":"post","link":"https:\/\/www.farecentronews.com\/?p=7312","title":{"rendered":"Icons of Light. L&#8217;Arte di Bill Viola risveglia l&#8217;Anima"},"content":{"rendered":"\n<div class=\"wp-block-image\"><figure class=\"alignleft size-full is-resized\"><a href=\"http:\/\/www.farecentronews.com\/wp-content\/uploads\/2022\/03\/Allestimento_Bill-Viola_Bon.jpg\"><img loading=\"lazy\" decoding=\"async\" src=\"http:\/\/www.farecentronews.com\/wp-content\/uploads\/2022\/03\/Allestimento_Bill-Viola_Bon.jpg\" alt=\"\" class=\"wp-image-7316\" width=\"368\" height=\"491\" srcset=\"https:\/\/www.farecentronews.com\/wp-content\/uploads\/2022\/03\/Allestimento_Bill-Viola_Bon.jpg 600w, https:\/\/www.farecentronews.com\/wp-content\/uploads\/2022\/03\/Allestimento_Bill-Viola_Bon-225x300.jpg 225w\" sizes=\"auto, (max-width: 368px) 100vw, 368px\" \/><\/a><\/figure><\/div>\n\n\n\n<p class=\"wp-block-paragraph\">Torna nella Capitale dopo ben 14 anni <strong>Bill Viola <\/strong>con la nuova mostra<strong> Icons of Light<\/strong> a <strong>Palazzo Bonaparte<\/strong>: 14 video-installazioni proiettate in <em>loop<\/em> su diversi schermi nel buio delle sale affrescate di questo splendido palazzo al n.5 di Piazza Venezia. La mostra \u00e8 organizzata e prodotta da <strong>Arthemisia<\/strong>, che ci introduce alla stagione primaverile dell&#8217;arte a Roma con un trittico di eventi imbattibili: Gustav Klimt che chiude questo mese; Bill Viola appena inaugurato; Jago presto imminente.<br>Per apprezzare totalmente le opere di Bill Viola, diciamolo subito, \u00e8 necessario <em>in primis<\/em> un atto di fede: occorre tollerare l&#8217;attesa, restare sospesi, elogiare la lentezza, essere presenti nell&#8217;<em>hic et nunc<\/em> sapendo che qualcosa sta per accadere. Qualcosa di travolgente, spaventoso e bellissimo, ma sempre emotivamente rilevante. S\u00ec perch\u00e9 la videoarte di Bill Viola \u00e8 il trionfo dell&#8217;<em>unexpected <\/em>mentre si svolge una trama, quando magicamente cambia tutto, soprattutto il nostro punto di vista. Osservando le opere, infatti, non possiamo fare a meno di notare che &#8211; nella lentezza dello <em>slow motion<\/em> \u2013 le immagini stimolano inevitabilmente curiosit\u00e0, aspettativa, ragionamenti deduttivi, identificazioni proiettive, innescando ricordi atavici, collegamenti di idee, richiami a simbolismi religiosi e significati profondamente psicoanalitici. L&#8217;arte di Viola \u00e8 infatti un viaggio nel S\u00e9 ma anche una immersione nell&#8217;immaginario collettivo junghiano e al contempo nell&#8217;inconscio di freudiana memoria, con continui spunti all&#8217;arte classica e all&#8217;attualit\u00e0 sociale.<\/p>\n\n\n\n<div class=\"wp-block-image\"><figure class=\"alignright size-large is-resized\"><a href=\"http:\/\/www.farecentronews.com\/wp-content\/uploads\/2022\/03\/Allestimento_Bill-Viola_Bonaparte-15-1.jpeg\"><img loading=\"lazy\" decoding=\"async\" src=\"http:\/\/www.farecentronews.com\/wp-content\/uploads\/2022\/03\/Allestimento_Bill-Viola_Bonaparte-15-1-768x1024.jpeg\" alt=\"\" class=\"wp-image-7317\" width=\"339\" height=\"452\" srcset=\"https:\/\/www.farecentronews.com\/wp-content\/uploads\/2022\/03\/Allestimento_Bill-Viola_Bonaparte-15-1-768x1024.jpeg 768w, https:\/\/www.farecentronews.com\/wp-content\/uploads\/2022\/03\/Allestimento_Bill-Viola_Bonaparte-15-1-225x300.jpeg 225w, https:\/\/www.farecentronews.com\/wp-content\/uploads\/2022\/03\/Allestimento_Bill-Viola_Bonaparte-15-1-1152x1536.jpeg 1152w, https:\/\/www.farecentronews.com\/wp-content\/uploads\/2022\/03\/Allestimento_Bill-Viola_Bonaparte-15-1.jpeg 1536w\" sizes=\"auto, (max-width: 339px) 100vw, 339px\" \/><\/a><\/figure><\/div>\n\n\n\n<p class=\"wp-block-paragraph\">Cos\u00ec in <em>Three women<\/em>, l&#8217;esperienza \u00e8 quella della dimensione parallela, degli spiriti nel Limbo, del trapasso: l&#8217;aldil\u00e0 e il presente, dove l&#8217;orizzonte degli eventi \u00e8 costituito dall&#8217;acqua e dal passaggio dal bianco e nero al colore &#8211; come ne <em>Il cielo sopra Berlino <\/em>di Wenders. In <em>Sharon <\/em>invece, l&#8217;acqua \u00e8 come un liquido amniotico nel quale dormire e risvegliarsi in apnea; in <em>The Reflecting Pool<\/em> di nuovo l&#8217;acqua diventa specchio del tempo, mentre un uomo si tuffa dissolvendosi nel fogliame prima di rinascere nudo dalla piscina, mentre tutto \u00e8 relativo e compaiono riflessi umani. Intensissimo <em>Observance<\/em>, dove diverse persone in successione sembrano guardare qualcosa di tragico appena avvenuto al di fuori dello schermo, proprio dove siamo noi, costringendoci a partecipare alle emozioni cos\u00ec chiaramente espresse nei volti dei performer e attivando la nostra immaginazione verso diversi scenari: la perdita di una persona cara, un terribile incidente, le vittime di una guerra? Poi c&#8217;\u00e8 <em>Ascension<\/em>, dove un uomo si tuffa nel profondo blu a braccia aperte mentre sembra riflettersi, fra le bolle d&#8217;acqua e la luce, la forma di una croce. Appare chiaro che la nascita e la morte per Viola sono un <em>continuum<\/em> dello stesso percorso e quindi i temi ricorrenti in ogni sua opera. L&#8217;Artista afferma inoltre che \u201cL&#8217;Arte per me \u00e8 il risveglio dell&#8217;Anima\u201d. E il ritorno all&#8217;arte, per tutti noi, significa proteggere le emozioni. Mostra curata da Kira Perov, prodotta e organizzata da<strong> Arthemisia <\/strong>con la collaborazione del Bill Viola Studio. Sponsor: Generali Valore Cultura; consigliata da Sky Arte. Catalogo: Skira. <em>(ph_allestimento courtesy of Arthemisia Press Office; Kira Perov \u00a9 Bill Viola Studio: in apertura, The Greeting, 1995; a seguire: The Reflecting Pool, 1977-9; un dettaglio dell&#8217;allestimento nelle splendide sale di Palazzo Bonaparte)<\/em><\/p>\n\n\n\n<p class=\"wp-block-paragraph\"><strong>Bill Viola, Icons of Light<\/strong>  <br><strong><em>Fino al 26 Giugno 2022<\/em><\/strong><br>Palazzo Bonaparte &#8211; Piazza Venezia, 5 Roma<br>Info e prenotazioni: tel. 06 87 15 111 <br><a href=\"http:\/\/www.mostrepalazzobonaparte.it\/\"><strong>www.mostrepalazzobonaparte.it<\/strong><\/a><br><a href=\"http:\/\/www.arthemisia.it\/\"><strong>www.arthemisia.it<\/strong><\/a><\/p>\n","protected":false},"excerpt":{"rendered":"<p>Torna nella Capitale dopo ben 14 anni Bill Viola con la nuova mostra Icons of Light a Palazzo Bonaparte: 14 video-installazioni proiettate in loop su diversi schermi nel buio delle sale affrescate di questo splendido palazzo al n.5 di Piazza Venezia. La mostra \u00e8 organizzata e prodotta da Arthemisia, che ci introduce alla stagione primaverile [&hellip;]<\/p>\n","protected":false},"author":4,"featured_media":7314,"comment_status":"closed","ping_status":"closed","sticky":false,"template":"","format":"standard","meta":{"footnotes":""},"categories":[3,30],"tags":[3680,3681,86,243,3012],"class_list":["post-7312","post","type-post","status-publish","format-standard","has-post-thumbnail","hentry","category-arte-cultura","category-mostre","tag-bill-viola","tag-icons-of-light","tag-in-evidenza","tag-marina-de-benedictis","tag-palazzo-bonaparte"],"_links":{"self":[{"href":"https:\/\/www.farecentronews.com\/index.php?rest_route=\/wp\/v2\/posts\/7312","targetHints":{"allow":["GET"]}}],"collection":[{"href":"https:\/\/www.farecentronews.com\/index.php?rest_route=\/wp\/v2\/posts"}],"about":[{"href":"https:\/\/www.farecentronews.com\/index.php?rest_route=\/wp\/v2\/types\/post"}],"author":[{"embeddable":true,"href":"https:\/\/www.farecentronews.com\/index.php?rest_route=\/wp\/v2\/users\/4"}],"replies":[{"embeddable":true,"href":"https:\/\/www.farecentronews.com\/index.php?rest_route=%2Fwp%2Fv2%2Fcomments&post=7312"}],"version-history":[{"count":3,"href":"https:\/\/www.farecentronews.com\/index.php?rest_route=\/wp\/v2\/posts\/7312\/revisions"}],"predecessor-version":[{"id":7320,"href":"https:\/\/www.farecentronews.com\/index.php?rest_route=\/wp\/v2\/posts\/7312\/revisions\/7320"}],"wp:featuredmedia":[{"embeddable":true,"href":"https:\/\/www.farecentronews.com\/index.php?rest_route=\/wp\/v2\/media\/7314"}],"wp:attachment":[{"href":"https:\/\/www.farecentronews.com\/index.php?rest_route=%2Fwp%2Fv2%2Fmedia&parent=7312"}],"wp:term":[{"taxonomy":"category","embeddable":true,"href":"https:\/\/www.farecentronews.com\/index.php?rest_route=%2Fwp%2Fv2%2Fcategories&post=7312"},{"taxonomy":"post_tag","embeddable":true,"href":"https:\/\/www.farecentronews.com\/index.php?rest_route=%2Fwp%2Fv2%2Ftags&post=7312"}],"curies":[{"name":"wp","href":"https:\/\/api.w.org\/{rel}","templated":true}]}}