{"id":7287,"date":"2022-02-28T18:56:34","date_gmt":"2022-02-28T18:56:34","guid":{"rendered":"http:\/\/www.farecentronews.com\/?p=7287"},"modified":"2022-02-28T18:56:36","modified_gmt":"2022-02-28T18:56:36","slug":"guido-reni-a-roma-il-sacro-e-la-natura","status":"publish","type":"post","link":"https:\/\/www.farecentronews.com\/?p=7287","title":{"rendered":"Guido Reni a Roma. Il Sacro e la natura"},"content":{"rendered":"\n<div class=\"wp-block-image\"><figure class=\"alignleft size-full is-resized\"><a href=\"http:\/\/www.farecentronews.com\/wp-content\/uploads\/2022\/02\/T7FYEb8g.jpg\"><img loading=\"lazy\" decoding=\"async\" src=\"http:\/\/www.farecentronews.com\/wp-content\/uploads\/2022\/02\/T7FYEb8g.jpg\" alt=\"\" class=\"wp-image-7292\" width=\"333\" height=\"500\" srcset=\"https:\/\/www.farecentronews.com\/wp-content\/uploads\/2022\/02\/T7FYEb8g.jpg 600w, https:\/\/www.farecentronews.com\/wp-content\/uploads\/2022\/02\/T7FYEb8g-200x300.jpg 200w\" sizes=\"auto, (max-width: 333px) 100vw, 333px\" \/><\/a><\/figure><\/div>\n\n\n\n<p class=\"wp-block-paragraph\">A trent&#8217;anni dall&#8217;ultima esposizione dedicata al Maestro del Seicento italiano, la<strong> Galleria Borghese<\/strong> prende spunto dal dipinto <strong>Gita Campestre<\/strong> (1605 c.a.), che \u00e8 tornato da un anno a far parte del fondo museale, per ricostruire gli anni del soggiorno romano dell&#8217;artista. Attraverso 30 opere verranno rappresentati i primi anni della presenza a Roma di <strong>Guido Reni<\/strong>, il suo studio appassionato dell&#8217;antico e del Rinascimento, la sua passione per la pittura del<strong> Caravaggio<\/strong> (che conobbe e frequent\u00f2) e i rapporti con i suoi committenti. <em>&#8220;La mostra, nata intorno al nostro nuovo dipinto, il numero 609 della raccolta, ricostruisce il primo soggiorno di Guido Reni a Roma: non possiamo definirlo un percorso di formazione giovanile perch\u00e9 il grande artista arriva a 26 anni, per curiosit\u00e0 e alla ricerca di nuove occasioni, ma sull&#8217;onda di una carriera brillante in patria. Era un pittore che gi\u00e0 sapeva troppo, come pare avesse a dire di lui Annibale Carracci, e che a Roma resta un isolato di grande successo. Cosa gli ha dato questa citt\u00e0 e cosa vi ha lasciato \u00e8 la storia che vogliamo raccontare e di cui la mostra \u00e8 solo il punto di partenza. Al catalogo si affiancher\u00e0 un itinerario sui luoghi romani di Guido, perch\u00e9 il visitatore possa scoprire chiese e musei che conservano altre opere del nostro pittore e collegare la Galleria alla citt\u00e0, osservare gli affreschi, andare oltre gli anni del soggiorno romano, capire la fortuna critica dell&#8217;artista e le radici della leggendaria perfezione, che gli viene attribuita&#8221;<\/em>, commenta Francesca Cappelletti.<\/p>\n\n\n\n<p class=\"wp-block-paragraph\"><strong><em>Dal 1 marzo al 22 maggio 2022<\/em><\/strong><br><strong>Guido Reni a Roma. Il Sacro e la Natura<\/strong><br>Galleria Borghese &#8211; Piazza Scipione Borghese, 5 &#8211; Roma<br><a href=\"https:\/\/galleriaborghese.beniculturali.it\/\">https:\/\/galleriaborghese.beniculturali.it<\/a><a href=\"https:\/\/www.google.com\/search?q=galleria+borghese+roma&amp;oq=galleria+borghese+roma&amp;aqs=chrome..69i57j46i175i199i433i512j0i512l8.5071j0j7&amp;sourceid=chrome&amp;ie=UTF-8#\"><\/a><a href=\"https:\/\/webcache.googleusercontent.com\/search?q=cache:6fenr0Gr4Z0J:https:\/\/galleriaborghese.beniculturali.it\/+&amp;cd=1&amp;hl=it&amp;ct=clnk&amp;gl=it\"><\/a><\/p>\n","protected":false},"excerpt":{"rendered":"<p>A trent&#8217;anni dall&#8217;ultima esposizione dedicata al Maestro del Seicento italiano, la Galleria Borghese prende spunto dal dipinto Gita Campestre (1605 c.a.), che \u00e8 tornato da un anno a far parte del fondo museale, per ricostruire gli anni del soggiorno romano dell&#8217;artista. Attraverso 30 opere verranno rappresentati i primi anni della presenza a Roma di Guido [&hellip;]<\/p>\n","protected":false},"author":3,"featured_media":7291,"comment_status":"closed","ping_status":"closed","sticky":false,"template":"","format":"standard","meta":{"footnotes":""},"categories":[3,30],"tags":[957,239,549,3674,961,86,3675],"class_list":["post-7287","post","type-post","status-publish","format-standard","has-post-thumbnail","hentry","category-arte-cultura","category-mostre","tag-caravaggio","tag-carlo-valenti","tag-galleria-borghese","tag-gita-campestre","tag-guido-reni","tag-in-evidenza","tag-mostre"],"_links":{"self":[{"href":"https:\/\/www.farecentronews.com\/index.php?rest_route=\/wp\/v2\/posts\/7287","targetHints":{"allow":["GET"]}}],"collection":[{"href":"https:\/\/www.farecentronews.com\/index.php?rest_route=\/wp\/v2\/posts"}],"about":[{"href":"https:\/\/www.farecentronews.com\/index.php?rest_route=\/wp\/v2\/types\/post"}],"author":[{"embeddable":true,"href":"https:\/\/www.farecentronews.com\/index.php?rest_route=\/wp\/v2\/users\/3"}],"replies":[{"embeddable":true,"href":"https:\/\/www.farecentronews.com\/index.php?rest_route=%2Fwp%2Fv2%2Fcomments&post=7287"}],"version-history":[{"count":4,"href":"https:\/\/www.farecentronews.com\/index.php?rest_route=\/wp\/v2\/posts\/7287\/revisions"}],"predecessor-version":[{"id":7293,"href":"https:\/\/www.farecentronews.com\/index.php?rest_route=\/wp\/v2\/posts\/7287\/revisions\/7293"}],"wp:featuredmedia":[{"embeddable":true,"href":"https:\/\/www.farecentronews.com\/index.php?rest_route=\/wp\/v2\/media\/7291"}],"wp:attachment":[{"href":"https:\/\/www.farecentronews.com\/index.php?rest_route=%2Fwp%2Fv2%2Fmedia&parent=7287"}],"wp:term":[{"taxonomy":"category","embeddable":true,"href":"https:\/\/www.farecentronews.com\/index.php?rest_route=%2Fwp%2Fv2%2Fcategories&post=7287"},{"taxonomy":"post_tag","embeddable":true,"href":"https:\/\/www.farecentronews.com\/index.php?rest_route=%2Fwp%2Fv2%2Ftags&post=7287"}],"curies":[{"name":"wp","href":"https:\/\/api.w.org\/{rel}","templated":true}]}}