{"id":7241,"date":"2022-02-11T17:14:44","date_gmt":"2022-02-11T17:14:44","guid":{"rendered":"http:\/\/www.farecentronews.com\/?p=7241"},"modified":"2022-02-11T17:14:45","modified_gmt":"2022-02-11T17:14:45","slug":"alberto-di-lenardo-il-fotografo-nascosto-in-soffitta","status":"publish","type":"post","link":"https:\/\/www.farecentronews.com\/?p=7241","title":{"rendered":"Alberto Di Lenardo, il fotografo nascosto in soffitta"},"content":{"rendered":"\n<div class=\"wp-block-image\"><figure class=\"alignleft size-full\"><a href=\"http:\/\/www.farecentronews.com\/wp-content\/uploads\/2022\/02\/image001-1.jpg\"><img loading=\"lazy\" decoding=\"async\" width=\"358\" height=\"224\" src=\"http:\/\/www.farecentronews.com\/wp-content\/uploads\/2022\/02\/image001-1.jpg\" alt=\"\" class=\"wp-image-7246\" srcset=\"https:\/\/www.farecentronews.com\/wp-content\/uploads\/2022\/02\/image001-1.jpg 358w, https:\/\/www.farecentronews.com\/wp-content\/uploads\/2022\/02\/image001-1-300x188.jpg 300w, https:\/\/www.farecentronews.com\/wp-content\/uploads\/2022\/02\/image001-1-240x150.jpg 240w\" sizes=\"auto, (max-width: 358px) 100vw, 358px\" \/><\/a><\/figure><\/div>\n\n\n\n<p class=\"wp-block-paragraph\">Il <strong>WeGil<\/strong> di Roma, un hub culturale nel cuore di Trastevere, ospita dal <strong>12 febbraio al 22 maggio 2022<\/strong>, la mostra: <strong>Alberto di Lenardo. Lo sguardo inedito di un grande fotografo<\/strong>.  Uno spaccato di vita personale del fotografo racchiusa in 154 scatti di montagne, spiagge, bar, viaggi in auto, il tutto catturato attraverso colori vividi per conservare la bellezza del tempo. Scatti che comunicano quella poesia dei sentimenti impossibile da esprimere attraverso le parole e che trasmettono al pubblico quelle stesse emozioni provate dall&#8217;autore. <strong>Carlotta Di Lenardo<\/strong>, nipote del fotografo e curatrice della mostra cos\u00ec ricorda suo nonno:  &#8220;<em>Mio nonno ha sempre amato fotografare e ha continuato a farlo per tutta la vita. Era il suo modo di comunicare i suoi sentimenti e gli permetteva di rivelare emozioni che la sua generazione faticava ad esprimere a parole. Le sue immagini riflettono accuratamente la sua serenit\u00e0 interiore, uno stato d&#8217;animo che ha sempre cercato di trasmetterci, e allo stesso tempo manifestano la sua costante ricerca di uno scatto rubato e mai banale. Preferiva infatti che i suoi soggetti fossero quasi sempre ignari della macchina fotografica, cos\u00ec da essere spontanei e reali, un puro riflesso del momento. Queste immagini e il modo in cui lui si emozionava mentre le condivideva con me, disegnandole nella sua incredibile e dettagliata memoria, mi hanno fatto innamorare della fotografia e hanno condizionato la mia intera vita lavorativa in questo campo. La fotografia era qualcosa di nostro, qualcosa che lui ed io condividevamo e custodivamo gelosamente. Al punto di riuscire a incidere sul mio stesso modo di guardare, sul mio gusto estetico. Da quando ho iniziato a lavorare alla selezione delle tante immagini dell&#8217;archivio, per\u00f2, mi \u00e8 stato chiaro quanto la fotografia di mio nonno, quella personale visione del mondo, rappresentasse molto pi\u00f9 che unamemoria familiare. La mostra ha l\u2019ambizione di svelare proprio quella particolare lettura della realt\u00e0, lo sguardo inedito e la cifra stilistica del fotografo Alberto di Lenardo .Tra i soggetti delle sue fotografie ci sono sia familiari che volti sconosciuti, sia luoghi della quotidianit\u00e0 che momenti di viaggio. Ma ogni scatto \u00e8 in grado di trasportare lo spettatore in un passato intriso di emozioni, rendendolo partecipe di un mondo fatto al contempo di avventura e intimit\u00e0<\/em>&#8220;. <br>La mostra si articola in tre sezioni: immagini tratte dal campionario di viaggi e situazioni familiari; scatti autobiografici e pareti tematiche.<br><br><strong>Dal<\/strong> <strong>12 febbraio al 22 maggio 2022<\/strong><br><strong>Alberto di Lenardo. Lo sguardo inedito di un grande fotografo<\/strong><br>WEGIL &#8211; Largo Ascianghi, 5, Trastevere -Roma<br>Biglietti: intero \u20ac 6; ridotto \u20ac 3 (18-26 anni e over 65)<br><a href=\"http:\/\/www.wegil.it\/\">www.wegil.it<\/a>; <a href=\"mailto:info@wegil.it\">info@wegil.it<\/a><\/p>\n\n\n\n<p class=\"wp-block-paragraph\"><br><\/p>\n","protected":false},"excerpt":{"rendered":"<p>Il WeGil di Roma, un hub culturale nel cuore di Trastevere, ospita dal 12 febbraio al 22 maggio 2022, la mostra: Alberto di Lenardo. Lo sguardo inedito di un grande fotografo. Uno spaccato di vita personale del fotografo racchiusa in 154 scatti di montagne, spiagge, bar, viaggi in auto, il tutto catturato attraverso colori vividi [&hellip;]<\/p>\n","protected":false},"author":3,"featured_media":7245,"comment_status":"closed","ping_status":"closed","sticky":false,"template":"","format":"standard","meta":{"footnotes":""},"categories":[3,30],"tags":[3663,239,3664,852,86,3662],"class_list":["post-7241","post","type-post","status-publish","format-standard","has-post-thumbnail","hentry","category-arte-cultura","category-mostre","tag-alberto-di-lenardo","tag-carlo-valenti","tag-carlotta-di-lenardo","tag-fotografia","tag-in-evidenza","tag-wegil"],"_links":{"self":[{"href":"https:\/\/www.farecentronews.com\/index.php?rest_route=\/wp\/v2\/posts\/7241","targetHints":{"allow":["GET"]}}],"collection":[{"href":"https:\/\/www.farecentronews.com\/index.php?rest_route=\/wp\/v2\/posts"}],"about":[{"href":"https:\/\/www.farecentronews.com\/index.php?rest_route=\/wp\/v2\/types\/post"}],"author":[{"embeddable":true,"href":"https:\/\/www.farecentronews.com\/index.php?rest_route=\/wp\/v2\/users\/3"}],"replies":[{"embeddable":true,"href":"https:\/\/www.farecentronews.com\/index.php?rest_route=%2Fwp%2Fv2%2Fcomments&post=7241"}],"version-history":[{"count":2,"href":"https:\/\/www.farecentronews.com\/index.php?rest_route=\/wp\/v2\/posts\/7241\/revisions"}],"predecessor-version":[{"id":7247,"href":"https:\/\/www.farecentronews.com\/index.php?rest_route=\/wp\/v2\/posts\/7241\/revisions\/7247"}],"wp:featuredmedia":[{"embeddable":true,"href":"https:\/\/www.farecentronews.com\/index.php?rest_route=\/wp\/v2\/media\/7245"}],"wp:attachment":[{"href":"https:\/\/www.farecentronews.com\/index.php?rest_route=%2Fwp%2Fv2%2Fmedia&parent=7241"}],"wp:term":[{"taxonomy":"category","embeddable":true,"href":"https:\/\/www.farecentronews.com\/index.php?rest_route=%2Fwp%2Fv2%2Fcategories&post=7241"},{"taxonomy":"post_tag","embeddable":true,"href":"https:\/\/www.farecentronews.com\/index.php?rest_route=%2Fwp%2Fv2%2Ftags&post=7241"}],"curies":[{"name":"wp","href":"https:\/\/api.w.org\/{rel}","templated":true}]}}