{"id":7214,"date":"2022-02-02T14:03:40","date_gmt":"2022-02-02T14:03:40","guid":{"rendered":"http:\/\/www.farecentronews.com\/?p=7214"},"modified":"2022-02-02T14:03:41","modified_gmt":"2022-02-02T14:03:41","slug":"altaroma-2022-tre-giorni-di-sfilate-sul-futuro-della-moda","status":"publish","type":"post","link":"https:\/\/www.farecentronews.com\/?p=7214","title":{"rendered":"Altaroma 2022. Tre giorni di sfilate sul futuro della Moda"},"content":{"rendered":"\n<div class=\"wp-block-image\"><figure class=\"alignleft size-full is-resized\"><a href=\"http:\/\/www.farecentronews.com\/wp-content\/uploads\/2022\/02\/2.LOCANDINA_RFW_feb22.jpg\"><img loading=\"lazy\" decoding=\"async\" src=\"http:\/\/www.farecentronews.com\/wp-content\/uploads\/2022\/02\/2.LOCANDINA_RFW_feb22.jpg\" alt=\"\" class=\"wp-image-7217\" width=\"428\" height=\"212\" srcset=\"https:\/\/www.farecentronews.com\/wp-content\/uploads\/2022\/02\/2.LOCANDINA_RFW_feb22.jpg 600w, https:\/\/www.farecentronews.com\/wp-content\/uploads\/2022\/02\/2.LOCANDINA_RFW_feb22-300x149.jpg 300w\" sizes=\"auto, (max-width: 428px) 100vw, 428px\" \/><\/a><\/figure><\/div>\n\n\n\n<p class=\"wp-block-paragraph\"><strong>Altaroma Fashion Week 2022<\/strong> riparte in presenza (ma solo per giornalisti, buyer e addetti ai lavori) dal 2 al 4 Febbraio nel mitico <em>Studio 5<\/em> di Cinecitt\u00e0: la location di Federico Fellini, che in tre giorni ospiter\u00e0 le creazioni in sfilata dei giovani Designer, pi\u00f9 l&#8217;esposizione di 79 Brand del fashion di <em>Showcase <\/em>presso la Basilica Aemilia nel set di Roma Antica. Il tutto visibile anche in digitale su <em>Altaroma Digital Runway<\/em> (<a href=\"https:\/\/digitalrunway.altaroma.it\/it\/\"><strong>https:\/\/digitalrunway.altaroma.it\/it\/<\/strong><\/a>) e attraverso l&#8217;App Altaroma. Nell\u2019abside della Basilica, inoltre, si potr\u00e0 visitare la mostra <em>Startup Fashion Academy<\/em>, un\u2019esposizione dei progetti degli studenti della Scuola di Impresa per giovani designer delle accademie di moda, promossa da <em>Lazio Innova<\/em> in collaborazione con Altaroma. Appuntamenti <em>in town<\/em>, inoltre, in diverse location anche nel programma di quest&#8217;anno: <strong>Gaia Caramazza<\/strong> con \u201cRitmo\u201d, una esposizione di gioielli dallo stile concettuale, accompagnata da un quadro moda e da musica live nella Galleria d\u2019Arte Marchetti; poi la performance <em>Le Cicatrici Preziose<\/em>, il 3 febbraio nella Galleria Plus Art Pulse; il 4<strong> International Couture Fashion Show<\/strong>, progetto promosso dall\u2019International Couture &amp; IFN Foundation, nel Baglioni Hotel Regina. Talk e filmati a tema completano l&#8217;opera, come il <em>Fashion Film Festival Milano Digital Awards <\/em>e diversi girati delle accademie italiane. <em>(ph: fashion composit di Marina De Benedictis, tutti i diritti riservati; la locandina di questa edizione_courtesy of AltaRoma Press Office; una veduta del set di Roma Antica a Cinecitt\u00e0, ph_di Marina De Benedictis, tutti i diritti riservati)<\/em><\/p>\n\n\n\n<p class=\"wp-block-paragraph\"><strong>Il mood di questa edizione<\/strong><\/p>\n\n\n\n<div class=\"wp-block-image\"><figure class=\"alignright size-full is-resized\"><a href=\"http:\/\/www.farecentronews.com\/wp-content\/uploads\/2022\/02\/3.jpg\"><img loading=\"lazy\" decoding=\"async\" src=\"http:\/\/www.farecentronews.com\/wp-content\/uploads\/2022\/02\/3.jpg\" alt=\"\" class=\"wp-image-7218\" width=\"404\" height=\"276\" srcset=\"https:\/\/www.farecentronews.com\/wp-content\/uploads\/2022\/02\/3.jpg 600w, https:\/\/www.farecentronews.com\/wp-content\/uploads\/2022\/02\/3-300x206.jpg 300w\" sizes=\"auto, (max-width: 404px) 100vw, 404px\" \/><\/a><\/figure><\/div>\n\n\n\n<p class=\"wp-block-paragraph\"><em>\u00abAltaroma resta uno dei momenti di maggiore aggregazione del panorama della Moda e vogliamo dare ancora una volta un segnale positivo \u2013 <\/em>dichiara <strong>Silvia Venturini Fendi<\/strong>, Presidente di Altaroma<em> &#8211; nonostante la pandemia non si sia ancora arrestata, consci delle difficolt\u00e0 che molte aziende italiane stanno affrontando, ma presenti e fiduciosi per offrire un\u2019opportunit\u00e0 a tutti coloro che iniziano il loro percorso nella moda. Altaroma \u00e8 di fatto il canale di sviluppo e di internazionalizzazione dedicato alle realt\u00e0 come quelle da noi sostenute, e se possiamo farlo \u00e8 grazie al sostegno dei nostri soci &#8211; in particolare di Camera di Commercio di Roma e Regione Lazio &#8211; di ICE Agenzia e del Ministero degli Affari Esteri e della Cooperazione Internazionale\u00bb.<\/em><\/p>\n\n\n\n<p class=\"wp-block-paragraph\">Una edizione, dunque, totalmente dedicata ai nuovi talenti e al futuro innovativo e sostenibile della Moda italiana.<em> \u00abPer questa edizione &#8211; <\/em>conclude il Direttore Generale di Altaroma, <strong>Adriano Franchi <\/strong><em>&#8211; abbiamo lanciato il cuore oltre gli ostacoli determinati del riacuirsi della pandemia, scegliendo di non sottrarci al nostro ruolo di supporto a tutti i giovani brand e start-up innovative e sostenibili, che contano sul sostegno delle istituzioni per garantire continuit\u00e0 al loro percorso di crescita\u00bb.<\/em><\/p>\n","protected":false},"excerpt":{"rendered":"<p>Altaroma Fashion Week 2022 riparte in presenza (ma solo per giornalisti, buyer e addetti ai lavori) dal 2 al 4 Febbraio nel mitico Studio 5 di Cinecitt\u00e0: la location di Federico Fellini, che in tre giorni ospiter\u00e0 le creazioni in sfilata dei giovani Designer, pi\u00f9 l&#8217;esposizione di 79 Brand del fashion di Showcase presso la [&hellip;]<\/p>\n","protected":false},"author":4,"featured_media":7216,"comment_status":"closed","ping_status":"closed","sticky":false,"template":"","format":"standard","meta":{"footnotes":""},"categories":[35,1],"tags":[3294,3460,3642,1972,86,3643,243,1389],"class_list":["post-7214","post","type-post","status-publish","format-standard","has-post-thumbnail","hentry","category-fashion-news","category-moda-shopping","tag-adriano-franchi","tag-altaroma-digital-runway","tag-altaroma-fashion-week-2022","tag-gaia-caramazza","tag-in-evidenza","tag-international-couture-fashion-show","tag-marina-de-benedictis","tag-silvia-venturini-fendi"],"_links":{"self":[{"href":"https:\/\/www.farecentronews.com\/index.php?rest_route=\/wp\/v2\/posts\/7214","targetHints":{"allow":["GET"]}}],"collection":[{"href":"https:\/\/www.farecentronews.com\/index.php?rest_route=\/wp\/v2\/posts"}],"about":[{"href":"https:\/\/www.farecentronews.com\/index.php?rest_route=\/wp\/v2\/types\/post"}],"author":[{"embeddable":true,"href":"https:\/\/www.farecentronews.com\/index.php?rest_route=\/wp\/v2\/users\/4"}],"replies":[{"embeddable":true,"href":"https:\/\/www.farecentronews.com\/index.php?rest_route=%2Fwp%2Fv2%2Fcomments&post=7214"}],"version-history":[{"count":3,"href":"https:\/\/www.farecentronews.com\/index.php?rest_route=\/wp\/v2\/posts\/7214\/revisions"}],"predecessor-version":[{"id":7220,"href":"https:\/\/www.farecentronews.com\/index.php?rest_route=\/wp\/v2\/posts\/7214\/revisions\/7220"}],"wp:featuredmedia":[{"embeddable":true,"href":"https:\/\/www.farecentronews.com\/index.php?rest_route=\/wp\/v2\/media\/7216"}],"wp:attachment":[{"href":"https:\/\/www.farecentronews.com\/index.php?rest_route=%2Fwp%2Fv2%2Fmedia&parent=7214"}],"wp:term":[{"taxonomy":"category","embeddable":true,"href":"https:\/\/www.farecentronews.com\/index.php?rest_route=%2Fwp%2Fv2%2Fcategories&post=7214"},{"taxonomy":"post_tag","embeddable":true,"href":"https:\/\/www.farecentronews.com\/index.php?rest_route=%2Fwp%2Fv2%2Ftags&post=7214"}],"curies":[{"name":"wp","href":"https:\/\/api.w.org\/{rel}","templated":true}]}}