{"id":7115,"date":"2021-12-13T10:53:32","date_gmt":"2021-12-13T10:53:32","guid":{"rendered":"http:\/\/www.farecentronews.com\/?p=7115"},"modified":"2021-12-13T10:53:33","modified_gmt":"2021-12-13T10:53:33","slug":"felice-anno-nuovo-con-very-peri","status":"publish","type":"post","link":"https:\/\/www.farecentronews.com\/?p=7115","title":{"rendered":"Felice Anno Nuovo con Very Peri!"},"content":{"rendered":"\n<div class=\"wp-block-image\"><figure class=\"alignleft size-large is-resized\"><a href=\"http:\/\/www.farecentronews.com\/wp-content\/uploads\/2021\/12\/ARPER_Babar_ph_credits@Sche.jpg\"><img loading=\"lazy\" decoding=\"async\" src=\"http:\/\/www.farecentronews.com\/wp-content\/uploads\/2021\/12\/ARPER_Babar_ph_credits@Sche.jpg\" alt=\"\" class=\"wp-image-7118\" width=\"308\" height=\"436\" srcset=\"https:\/\/www.farecentronews.com\/wp-content\/uploads\/2021\/12\/ARPER_Babar_ph_credits@Sche.jpg 600w, https:\/\/www.farecentronews.com\/wp-content\/uploads\/2021\/12\/ARPER_Babar_ph_credits@Sche-212x300.jpg 212w\" sizes=\"auto, (max-width: 308px) 100vw, 308px\" \/><\/a><\/figure><\/div>\n\n\n\n<p class=\"wp-block-paragraph\">Il colore<strong> Pantone\u00ae dell&#8217;Anno 2022<\/strong> \u00e8 della famiglia dei blu, ma con un inaspettato sottotono viola-rosso: <strong>Very Peri <\/strong>\u00e8 infatti una tinta speciale, selezionata <em>ad hoc<\/em> per smuovere la creativit\u00e0 e la fantasia proprio in un&#8217;epoca storica di cambiamenti del tutto imprevedibili. E&#8217; una rappresentazione dello <em>zeitgeist<\/em> globale del momento che stiamo attraversando, dopo l&#8217;isolamento e verso nuove vite. Coinvolge l&#8217;arte, la grafica, il design digitale e gli stili di vita del futuro: <em>\u201cPantone Color of the Year riflette quanto sta accadendo nella nostra cultura globale, esprimendo ci\u00f2 che le persone stanno cercando in un colore che sperano sia la risposta\u201d &#8211; <\/em>afferma <strong>Laurie Pressman<\/strong>, Vice Presidente di <strong>Pantone Color Institute\u2122 &#8211;<\/strong><em>\u201ccreando un nuovo colore per la prima volta nella storia del nostro programma colore educativo Pantone Color of the Year, riflettiamo l&#8217;innovazione e la trasformazione globale in atto. Mentre la societ\u00e0 continua a riconoscere il colore come forma fondamentale di comunicazione e modo di esprimere, di influenzare e creare idee ed emozioni, di coinvolgimento e connessione, la complessit\u00e0 di questa nuova tonalit\u00e0 blu infusa di rosso-viola evidenzia le sconfinate possibilit\u00e0 che si mostrano davanti a noi.\u201d <\/em> <strong>Pantone\u00ae 17-3938 Very Peri <\/strong>\u00e8 gioioso, equilibrato e dinamico: come vorremmo che fosse il nostro avvenire. <em>(ph apertura_courtesy of Pantone_Marketing Emea)<\/em><br><strong>Pantone\u00ae Very Peri nel design<\/strong><br>La tavolozza dei colori che si sviluppano da <em>Very Peri<\/em> &#8211; per virare verso il viola, il blu e il fucsia &#8211; \u00e8 perfettamente rappresentata da<strong> Arper<\/strong> con le varianti dello sgabello <strong>Babar<\/strong> (design<strong> Simon Pengelly<\/strong>): una forma semplice, quasi istintiva, rivela uno spirito giocoso e sofisticato che cela una straordinaria complessit\u00e0 tecnica e funzionale. La seduta fissa o girevole in poliuretano \u00e8 disponibile in diverse tonalit\u00e0 e combinazioni bicolore, anche con cuscino imbottito rivestito in tessuto, pelle o ecopelle. Questa versione, personalizzabile su richiesta, pu\u00f2 essere dotata di schienalino. Base disponibile in acciaio inox, con finitura satinata o cromata, predisposta per il fissaggio a terra e in versione fissa, ad altezza personalizzabile o regolabile in altezza. I modelli con seduta in poliuretano a vista senza schienalino hanno ottenuto la certificazione Environmental Product Declaration (EPD).<\/p>\n\n\n\n<div class=\"wp-block-image\"><figure class=\"alignright size-large is-resized\"><a href=\"http:\/\/www.farecentronews.com\/wp-content\/uploads\/2021\/12\/ARPER_LOOP_Penthouse03_2017.jpg\"><img loading=\"lazy\" decoding=\"async\" src=\"http:\/\/www.farecentronews.com\/wp-content\/uploads\/2021\/12\/ARPER_LOOP_Penthouse03_2017.jpg\" alt=\"\" class=\"wp-image-7119\" width=\"430\" height=\"449\" srcset=\"https:\/\/www.farecentronews.com\/wp-content\/uploads\/2021\/12\/ARPER_LOOP_Penthouse03_2017.jpg 555w, https:\/\/www.farecentronews.com\/wp-content\/uploads\/2021\/12\/ARPER_LOOP_Penthouse03_2017-287x300.jpg 287w\" sizes=\"auto, (max-width: 430px) 100vw, 430px\" \/><\/a><\/figure><\/div>\n\n\n\n<p class=\"wp-block-paragraph\"><br>Un tono puro di <em>Veri Pery <\/em>\u00e8 invece declinato nel divano <strong>Loop<\/strong> di <strong>Arper<\/strong> (design<strong> Lievore Altherr Molina<\/strong>), un sistema modulare componibile di sedute che si presta a combinazioni fluide e lineari o intime e compatte. Stilizzato nella forma e architettonico nell\u2019effetto, telaio in legno imbottito su struttura in acciaio satinato con piedi in acciaio (o alluminio), rivestimento in una vasta gamma di tessuti; moduli centrali e finali di diverse dimensioni, moduli angolari concavi (30\u00b0), moduli angolari convessi (30\/45\/90\u00b0) e braccioli staccabili. Disponibile inoltre con rivestimento personalizzato e in versione sfoderabile. <em>(ph_courtesy of Umbrella Press Office: Arper Babar_credits@Scheltens&amp;Abbenes; Arper Loop_Penthouse)<\/em> &#8211; <a href=\"http:\/\/www.umbrella.it\/\"><strong>www.umbrella.it<\/strong><\/a><br><strong>Pantone Color Institute\u2122<\/strong><br>E&#8217; la divisione commerciale di Pantone\u00ae che mette in evidenza i principali colori stagionali delle passerelle, seleziona il Pantone Color of the Year, prevede le tendenze cromatiche mondiali e fornisce consulenza alle aziende in fatto di colore nell\u2019identit\u00e0 visiva del marchio e dei prodotti. Pantone Color Institute collabora con marchi di livello mondiale fornendo previsioni sulle tendenze stagionali, ricerche sulla psicologia del colore e consulenza, per integrare nella loro strategia di design tutta la potenza, la psicologia e l\u2019emozione del colore. <em>(fonte: www.pantone.com\/eu\/it\/color-of-the-year-2022)<\/em> &#8211; <a href=\"http:\/\/www.pantone.com\/\"><strong>www.pantone.com<\/strong><\/a><\/p>\n","protected":false},"excerpt":{"rendered":"<p>Il colore Pantone\u00ae dell&#8217;Anno 2022 \u00e8 della famiglia dei blu, ma con un inaspettato sottotono viola-rosso: Very Peri \u00e8 infatti una tinta speciale, selezionata ad hoc per smuovere la creativit\u00e0 e la fantasia proprio in un&#8217;epoca storica di cambiamenti del tutto imprevedibili. E&#8217; una rappresentazione dello zeitgeist globale del momento che stiamo attraversando, dopo l&#8217;isolamento [&hellip;]<\/p>\n","protected":false},"author":4,"featured_media":7117,"comment_status":"closed","ping_status":"closed","sticky":false,"template":"","format":"standard","meta":{"footnotes":""},"categories":[47,28],"tags":[86,243,2563,3619],"class_list":["post-7115","post","type-post","status-publish","format-standard","has-post-thumbnail","hentry","category-dal-mondo","category-lusso","tag-in-evidenza","tag-marina-de-benedictis","tag-pantone","tag-very-peri"],"_links":{"self":[{"href":"https:\/\/www.farecentronews.com\/index.php?rest_route=\/wp\/v2\/posts\/7115","targetHints":{"allow":["GET"]}}],"collection":[{"href":"https:\/\/www.farecentronews.com\/index.php?rest_route=\/wp\/v2\/posts"}],"about":[{"href":"https:\/\/www.farecentronews.com\/index.php?rest_route=\/wp\/v2\/types\/post"}],"author":[{"embeddable":true,"href":"https:\/\/www.farecentronews.com\/index.php?rest_route=\/wp\/v2\/users\/4"}],"replies":[{"embeddable":true,"href":"https:\/\/www.farecentronews.com\/index.php?rest_route=%2Fwp%2Fv2%2Fcomments&post=7115"}],"version-history":[{"count":3,"href":"https:\/\/www.farecentronews.com\/index.php?rest_route=\/wp\/v2\/posts\/7115\/revisions"}],"predecessor-version":[{"id":7121,"href":"https:\/\/www.farecentronews.com\/index.php?rest_route=\/wp\/v2\/posts\/7115\/revisions\/7121"}],"wp:featuredmedia":[{"embeddable":true,"href":"https:\/\/www.farecentronews.com\/index.php?rest_route=\/wp\/v2\/media\/7117"}],"wp:attachment":[{"href":"https:\/\/www.farecentronews.com\/index.php?rest_route=%2Fwp%2Fv2%2Fmedia&parent=7115"}],"wp:term":[{"taxonomy":"category","embeddable":true,"href":"https:\/\/www.farecentronews.com\/index.php?rest_route=%2Fwp%2Fv2%2Fcategories&post=7115"},{"taxonomy":"post_tag","embeddable":true,"href":"https:\/\/www.farecentronews.com\/index.php?rest_route=%2Fwp%2Fv2%2Ftags&post=7115"}],"curies":[{"name":"wp","href":"https:\/\/api.w.org\/{rel}","templated":true}]}}