{"id":7046,"date":"2021-11-09T10:45:30","date_gmt":"2021-11-09T10:45:30","guid":{"rendered":"http:\/\/www.farecentronews.com\/?p=7046"},"modified":"2021-11-09T10:46:13","modified_gmt":"2021-11-09T10:46:13","slug":"show-di-chef-all8va-edizione-di-excellence","status":"publish","type":"post","link":"https:\/\/www.farecentronews.com\/?p=7046","title":{"rendered":"Show di Chef all&#8217;8va edizione di Excellence"},"content":{"rendered":"\n<div class=\"wp-block-image\"><figure class=\"alignleft size-large is-resized\"><a href=\"http:\/\/www.farecentronews.com\/wp-content\/uploads\/2021\/11\/locandina-fb-evento-1068x55-1.jpg\"><img loading=\"lazy\" decoding=\"async\" src=\"http:\/\/www.farecentronews.com\/wp-content\/uploads\/2021\/11\/locandina-fb-evento-1068x55-1.jpg\" alt=\"\" class=\"wp-image-7053\" width=\"439\" height=\"230\" srcset=\"https:\/\/www.farecentronews.com\/wp-content\/uploads\/2021\/11\/locandina-fb-evento-1068x55-1.jpg 600w, https:\/\/www.farecentronews.com\/wp-content\/uploads\/2021\/11\/locandina-fb-evento-1068x55-1-300x157.jpg 300w\" sizes=\"auto, (max-width: 439px) 100vw, 439px\" \/><\/a><\/figure><\/div>\n\n\n\n<p class=\"wp-block-paragraph\">Torna ampliato &#8211; e con importanti novit\u00e0 &#8211; l\u2019appuntamento capitolino di&nbsp;<strong>Excellence<\/strong>, giunto all\u2019<strong>8^ edizione<\/strong>, organizzato dai fratelli editori&nbsp;<strong>Pietro e Claudio Ciccotti&nbsp;<\/strong>in programma&nbsp;<strong>dal 10 al 13 novembre<\/strong>. Una quattro giorni che, come da tradizione, accender\u00e0 i riflettori sui grandi temi del&nbsp;<strong>made in Italy enogastronomico<\/strong>&nbsp;dal \u2018palco\u2019 di un teatro d\u2019eccezione: il&nbsp;<strong>Roma Convention Center La Nuvola&nbsp;<\/strong>di Viale Asia, 40. Il capolavoro dell\u2019<em>Archistar<\/em>&nbsp;Massimiliano Fuksas \u2013 che sar\u00e0 la casa di Excellence&nbsp;<strong>fino al 2024<\/strong>&nbsp;grazie all\u2019intesa con EUR spa &#8211; si prepara a ospitare&nbsp;<strong>cooking show<\/strong>,&nbsp;<strong>tavole rotonde<\/strong>,&nbsp;<strong>degustazioni<\/strong>,&nbsp;<strong>talk show<\/strong>, incontri&nbsp;<strong>B2B e B2C<\/strong>, ma anche cuochi e realt\u00e0 aziendali tra i pi\u00f9 importanti del settore a livello nazionale e internazionale. Senza dimenticare enti istituzionali, scuole di formazione professionale, di sala e di cucina, associazioni d\u2019impresa, buyer, opinion leader, giornalisti, imprenditori F&amp;B, sommelier e ristoratori.<\/p>\n\n\n\n<p class=\"wp-block-paragraph\"><strong>Oltre 80<\/strong>&nbsp;<strong>gli chef&nbsp;<\/strong>&#8211; moltissimi dei quali stellati &#8211; protagonisti delle performance di cucina che si svolgeranno in tre aree diverse:&nbsp;<strong>Food Experience<\/strong>,&nbsp;<strong>Food Innovation&nbsp;<\/strong>ed&nbsp;<strong>Excellence Stars Restaurant.&nbsp;<\/strong>Ed \u00e8 proprio quest\u2019ultimo la grande novit\u00e0. Un&nbsp;<em>temporary restaurant<\/em>&nbsp;che vedr\u00e0 alternarsi 4 grandi chef stellati come&nbsp;<strong>Iside de Cesare<\/strong>&nbsp;(La Parolina*),&nbsp;<strong>Daniele Lippi<\/strong>&nbsp;(Aquolina*),&nbsp;<strong>Giuseppe di Iorio<\/strong>&nbsp;(Aroma*) e&nbsp;<strong>Andrea Pasqualucci&nbsp;<\/strong>(Moma*) che proporranno tre men\u00f9 degustazione ciascuno. <strong>Circa 100 le aziende&nbsp;<\/strong>espositrici, tra artigiani del gusto e industriali di alta qualit\u00e0, schierati nell\u2019avveniristica struttura congressuale che accoglier\u00e0 anche diverse cantine vitivinicole italiane, alcune delle quali saranno protagoniste dello spazio di degustazione&nbsp;<strong>We Love Tasting.<\/strong><\/p>\n\n\n\n<p class=\"wp-block-paragraph\">Torna per il 3\u00b0 anno il&nbsp;<strong>contest Race to The Stars&nbsp;<\/strong>in memoria dello chef Alessandro Narducci (una competizione riservata a giovani chef under 30 nati o residenti nel Lazio) organizzato in collaborazione con la&nbsp;<strong>Regione Lazio e Arsial<\/strong>&nbsp;che si terr\u00e0 venerd\u00ec 12 novembre. Il vincitore avr\u00e0, come premio, uno stage all\u2019interno di una cucina stellata.<br>Sul fronte delle conferme c\u2019\u00e8 da annoverare il \u2018fuori salone\u2019&nbsp;<strong>Excellence Off<\/strong>: due cene all\u2019insegna dell\u2019alta cucina e dei grandi vini italiani, in programma&nbsp;<strong>il 9 e l\u201911 novembre<\/strong>&nbsp;(a pagamento e su prenotazione fino a esaurimento posti) che permetteranno di vivere una vera e propria food experience in pieno stile Excellence. Si comincer\u00e0 il 9 con&nbsp;<strong>Francesco Apreda di Idylio*.<\/strong><\/p>\n\n\n\n<p class=\"wp-block-paragraph\"><strong>10-11-12-13 novembre<\/strong><br><strong>EXCELLENCE 2021<\/strong><br>Roma Convention Center La Nuvola &#8211; Viale Asia, 40<br> Orari: dalle 11 alle 18 &#8211; info www.excellence-eventi.it<\/p>\n","protected":false},"excerpt":{"rendered":"<p>Torna ampliato &#8211; e con importanti novit\u00e0 &#8211; l\u2019appuntamento capitolino di&nbsp;Excellence, giunto all\u20198^ edizione, organizzato dai fratelli editori&nbsp;Pietro e Claudio Ciccotti&nbsp;in programma&nbsp;dal 10 al 13 novembre. Una quattro giorni che, come da tradizione, accender\u00e0 i riflettori sui grandi temi del&nbsp;made in Italy enogastronomico&nbsp;dal \u2018palco\u2019 di un teatro d\u2019eccezione: il&nbsp;Roma Convention Center La Nuvola&nbsp;di Viale Asia, [&hellip;]<\/p>\n","protected":false},"author":5,"featured_media":7052,"comment_status":"closed","ping_status":"closed","sticky":false,"template":"","format":"standard","meta":{"footnotes":""},"categories":[92],"tags":[3595,3593,3594,3591,86,3592,321],"class_list":["post-7046","post","type-post","status-publish","format-standard","has-post-thumbnail","hentry","category-lifestyle","tag-chef","tag-ciccotti","tag-enogastronomia","tag-excellence","tag-in-evidenza","tag-la-nuvola","tag-night-and-food"],"_links":{"self":[{"href":"https:\/\/www.farecentronews.com\/index.php?rest_route=\/wp\/v2\/posts\/7046","targetHints":{"allow":["GET"]}}],"collection":[{"href":"https:\/\/www.farecentronews.com\/index.php?rest_route=\/wp\/v2\/posts"}],"about":[{"href":"https:\/\/www.farecentronews.com\/index.php?rest_route=\/wp\/v2\/types\/post"}],"author":[{"embeddable":true,"href":"https:\/\/www.farecentronews.com\/index.php?rest_route=\/wp\/v2\/users\/5"}],"replies":[{"embeddable":true,"href":"https:\/\/www.farecentronews.com\/index.php?rest_route=%2Fwp%2Fv2%2Fcomments&post=7046"}],"version-history":[{"count":6,"href":"https:\/\/www.farecentronews.com\/index.php?rest_route=\/wp\/v2\/posts\/7046\/revisions"}],"predecessor-version":[{"id":7054,"href":"https:\/\/www.farecentronews.com\/index.php?rest_route=\/wp\/v2\/posts\/7046\/revisions\/7054"}],"wp:featuredmedia":[{"embeddable":true,"href":"https:\/\/www.farecentronews.com\/index.php?rest_route=\/wp\/v2\/media\/7052"}],"wp:attachment":[{"href":"https:\/\/www.farecentronews.com\/index.php?rest_route=%2Fwp%2Fv2%2Fmedia&parent=7046"}],"wp:term":[{"taxonomy":"category","embeddable":true,"href":"https:\/\/www.farecentronews.com\/index.php?rest_route=%2Fwp%2Fv2%2Fcategories&post=7046"},{"taxonomy":"post_tag","embeddable":true,"href":"https:\/\/www.farecentronews.com\/index.php?rest_route=%2Fwp%2Fv2%2Ftags&post=7046"}],"curies":[{"name":"wp","href":"https:\/\/api.w.org\/{rel}","templated":true}]}}