{"id":7027,"date":"2021-10-14T16:13:25","date_gmt":"2021-10-14T16:13:25","guid":{"rendered":"http:\/\/www.farecentronews.com\/?p=7027"},"modified":"2021-10-14T16:13:27","modified_gmt":"2021-10-14T16:13:27","slug":"limbrunire-roma-e-altrove-fotografie-di-giancarlo-pediconi","status":"publish","type":"post","link":"https:\/\/www.farecentronews.com\/?p=7027","title":{"rendered":"L\u2019imbrunire. Roma e altrove,  fotografie di Giancarlo Pediconi"},"content":{"rendered":"\n<div class=\"wp-block-image\"><figure class=\"alignleft size-large is-resized\"><a href=\"http:\/\/www.farecentronews.com\/wp-content\/uploads\/2021\/10\/000-Giancarlo-Pediconi_Roma.jpg\"><img loading=\"lazy\" decoding=\"async\" src=\"http:\/\/www.farecentronews.com\/wp-content\/uploads\/2021\/10\/000-Giancarlo-Pediconi_Roma.jpg\" alt=\"\" class=\"wp-image-7033\" width=\"345\" height=\"345\" srcset=\"https:\/\/www.farecentronews.com\/wp-content\/uploads\/2021\/10\/000-Giancarlo-Pediconi_Roma.jpg 600w, https:\/\/www.farecentronews.com\/wp-content\/uploads\/2021\/10\/000-Giancarlo-Pediconi_Roma-300x300.jpg 300w, https:\/\/www.farecentronews.com\/wp-content\/uploads\/2021\/10\/000-Giancarlo-Pediconi_Roma-150x150.jpg 150w\" sizes=\"auto, (max-width: 345px) 100vw, 345px\" \/><\/a><\/figure><\/div>\n\n\n\n<p class=\"wp-block-paragraph\">Dal 29 ottobre al 24 dicembre 2021 la galleri<strong>a La Nuova Pesa<\/strong> di Roma ospita \u201c<strong>L\u2019imbrunire. Roma e altrove<\/strong>\u201d, mostra fotografica di <strong>Giancarlo Pediconi<\/strong>. Nella Sala detta Babele saranno esposte 35 immagini di medio formato, in un potente e assoluto bianco e nero, raffiguranti scorci noti e meno noti della capitale, ma anche altri siti della Toscana, (Maremma, Val d\u2019Orcia, Montagnola senese, ecc.), della Provenza nei pressi della Camargue. Giancarlo Pediconi \u00e8 architetto e l\u2019architettura \u00e8 molto presente in ogni immagine esposta, sia quando la troviamo realmente al centro della scena, sia quando invece ne \u00e8 completamente assente, ma impone comunque il suo perfetto ordine geometrico alla foto. In alcuni scatti, lungo le fughe prospettiche che possiamo seguire sino a un punto, lontano, nell\u2019orizzonte, troviamo un edificio o un monumento, che emergono dall\u2019oscurit\u00e0, messi in risalto dal chiarore che scompare alle loro spalle o disegnati nei dettagli dalle prime luci artificiali che li illuminano dall\u2019interno o che si accendono intorno a loro, quasi come fuochi fatui che attraversano la scena.<\/p>\n\n\n\n<div class=\"wp-block-image\"><figure class=\"alignright size-large is-resized\"><a href=\"http:\/\/www.farecentronews.com\/wp-content\/uploads\/2021\/10\/006-Giancarlo-Pediconi_Roma.jpg\"><img loading=\"lazy\" decoding=\"async\" src=\"http:\/\/www.farecentronews.com\/wp-content\/uploads\/2021\/10\/006-Giancarlo-Pediconi_Roma.jpg\" alt=\"\" class=\"wp-image-7034\" width=\"267\" height=\"401\" srcset=\"https:\/\/www.farecentronews.com\/wp-content\/uploads\/2021\/10\/006-Giancarlo-Pediconi_Roma.jpg 600w, https:\/\/www.farecentronews.com\/wp-content\/uploads\/2021\/10\/006-Giancarlo-Pediconi_Roma-200x300.jpg 200w\" sizes=\"auto, (max-width: 267px) 100vw, 267px\" \/><\/a><\/figure><\/div>\n\n\n\n<p class=\"wp-block-paragraph\">Le immagini, digitali, sono state scattate da Pediconi con una <strong>Leica M10 MONO<\/strong>, nel corso di questi 2 ultimi anni. Il bianco e nero enfatizza \u201cl\u2019imbrunire\u201d del momento in cui sono state scattate, fa risaltare in modo drammatico le superfici, cos\u00ec i giochi della Roma Barocca acquistano potenza nell\u2019alternarsi dei chiari e degli scuri, gli animali che popolano le fontane sembrano prendere vita e imparare movimenti nuovi, persino i sanpietrini o l\u2019asfalto bagnato acquistano una loro matericit\u00e0, che fa quasi pensare alla pittura. <strong>Giancarlo Pediconi<\/strong> \u00e8 nato a Roma del 1937, laureato in Architettura presso l\u2019Universit\u00e0 La Sapienza di Roma. Alla sua attivit\u00e0 di progettista ha sempre affiancato la fotografia come passione, coltivata fin dalla prima giovent\u00f9, complice il regalo paterno di una vecchia Leica F. La predilezione per il BN e un periodo di pratica formativa nella camera oscura, con lunghe ore notturne rubate al riposo, hanno alimentato questo interesse inducendolo a intensificare questa attivit\u00e0, ma restando sempre nell\u2019ambito amatoriale. Ha esposto a Roma con delle personali nella Galleria dell\u2019Oca di Luisa Laureati Briganti nel 1996 e nel 2007, a Napoli a Palazzo Gravina, Facolt\u00e0 di Architettura Federico II, nel 2010.<\/p>\n\n\n\n<p class=\"wp-block-paragraph\">Il 20 luglio 2013 il Comune di Orbetello lo invitava per una personale nella seicentesca <em>Polveriera Guzman<\/em>, il tema era il territorio dello Stato dei Presidi con foto in BN e per la prima volta a colori i sorprendenti interni dell\u2019abbandonata fabbrica ex Montecatini, ora SI.TO.CO. a Orbetello Scalo. Nell\u2019agosto del 2017 partecipa a una mostra insieme al fotografo Simon D\u2019Exea a Gagliano del Capo (Lecce) a <em>Palazzo Petrucci<\/em> organizzata da Christine Ferry. Ha esposto nella <em>Librogalleria Diagnole<\/em> di Roma per la mostra \u201cQuasi Utopia\u201d con le foto di un\u2019architettura del prof. Tato Dierna. Invitato dalla<em> Galleria del Cembalo<\/em> di Roma alla mostra \u201cLe Regole del Gioco\u201d insieme a Raffaele Bartoli e Luca Canonici a Marzo 2021. Tre amateurs: un architetto, un ingegnere industriale, un cantante lirico, tenore.<\/p>\n\n\n\n<p class=\"wp-block-paragraph\"><em><strong>Dal 29 ottobre al 24 dicembre 2021<\/strong><\/em><br><strong>L&#8217;imbrunire. Roma e altrove.<\/strong><br>La Nuova Pesa<br>Via del Corso 530 | 00186 Roma<br><a href=\"http:\/\/www.nuovapesa.it\">www.nuovapesa.it<\/a><\/p>\n","protected":false},"excerpt":{"rendered":"<p>Dal 29 ottobre al 24 dicembre 2021 la galleria La Nuova Pesa di Roma ospita \u201cL\u2019imbrunire. Roma e altrove\u201d, mostra fotografica di Giancarlo Pediconi. Nella Sala detta Babele saranno esposte 35 immagini di medio formato, in un potente e assoluto bianco e nero, raffiguranti scorci noti e meno noti della capitale, ma anche altri siti [&hellip;]<\/p>\n","protected":false},"author":5,"featured_media":7032,"comment_status":"closed","ping_status":"closed","sticky":false,"template":"","format":"standard","meta":{"footnotes":""},"categories":[3,30],"tags":[3567,86,3566,1041],"class_list":["post-7027","post","type-post","status-publish","format-standard","has-post-thumbnail","hentry","category-arte-cultura","category-mostre","tag-giancarlo-pediconi","tag-in-evidenza","tag-la-nuova-pesa","tag-mostra-fotografica"],"_links":{"self":[{"href":"https:\/\/www.farecentronews.com\/index.php?rest_route=\/wp\/v2\/posts\/7027","targetHints":{"allow":["GET"]}}],"collection":[{"href":"https:\/\/www.farecentronews.com\/index.php?rest_route=\/wp\/v2\/posts"}],"about":[{"href":"https:\/\/www.farecentronews.com\/index.php?rest_route=\/wp\/v2\/types\/post"}],"author":[{"embeddable":true,"href":"https:\/\/www.farecentronews.com\/index.php?rest_route=\/wp\/v2\/users\/5"}],"replies":[{"embeddable":true,"href":"https:\/\/www.farecentronews.com\/index.php?rest_route=%2Fwp%2Fv2%2Fcomments&post=7027"}],"version-history":[{"count":6,"href":"https:\/\/www.farecentronews.com\/index.php?rest_route=\/wp\/v2\/posts\/7027\/revisions"}],"predecessor-version":[{"id":7036,"href":"https:\/\/www.farecentronews.com\/index.php?rest_route=\/wp\/v2\/posts\/7027\/revisions\/7036"}],"wp:featuredmedia":[{"embeddable":true,"href":"https:\/\/www.farecentronews.com\/index.php?rest_route=\/wp\/v2\/media\/7032"}],"wp:attachment":[{"href":"https:\/\/www.farecentronews.com\/index.php?rest_route=%2Fwp%2Fv2%2Fmedia&parent=7027"}],"wp:term":[{"taxonomy":"category","embeddable":true,"href":"https:\/\/www.farecentronews.com\/index.php?rest_route=%2Fwp%2Fv2%2Fcategories&post=7027"},{"taxonomy":"post_tag","embeddable":true,"href":"https:\/\/www.farecentronews.com\/index.php?rest_route=%2Fwp%2Fv2%2Ftags&post=7027"}],"curies":[{"name":"wp","href":"https:\/\/api.w.org\/{rel}","templated":true}]}}