{"id":6987,"date":"2021-10-01T12:25:09","date_gmt":"2021-10-01T12:25:09","guid":{"rendered":"http:\/\/www.farecentronews.com\/?p=6987"},"modified":"2021-10-01T12:25:10","modified_gmt":"2021-10-01T12:25:10","slug":"salgado-a-roma-il-paradiso-esiste-ed-e-in-amazzonia","status":"publish","type":"post","link":"https:\/\/www.farecentronews.com\/?p=6987","title":{"rendered":"Salgado a Roma. Il Paradiso esiste ed \u00e8 in Amazzonia"},"content":{"rendered":"\n<div class=\"wp-block-image\"><figure class=\"alignleft size-large is-resized\"><a href=\"http:\/\/www.farecentronews.com\/wp-content\/uploads\/2021\/10\/SECONDA-FOTO_9-MAXXI_Salgado.jpg\"><img loading=\"lazy\" decoding=\"async\" src=\"http:\/\/www.farecentronews.com\/wp-content\/uploads\/2021\/10\/SECONDA-FOTO_9-MAXXI_Salgado-683x1024.jpg\" alt=\"\" class=\"wp-image-6990\" width=\"359\" height=\"538\" srcset=\"https:\/\/www.farecentronews.com\/wp-content\/uploads\/2021\/10\/SECONDA-FOTO_9-MAXXI_Salgado-683x1024.jpg 683w, https:\/\/www.farecentronews.com\/wp-content\/uploads\/2021\/10\/SECONDA-FOTO_9-MAXXI_Salgado-200x300.jpg 200w, https:\/\/www.farecentronews.com\/wp-content\/uploads\/2021\/10\/SECONDA-FOTO_9-MAXXI_Salgado.jpg 709w\" sizes=\"auto, (max-width: 359px) 100vw, 359px\" \/><\/a><\/figure><\/div>\n\n\n\n<p class=\"wp-block-paragraph\">E&#8217; come tuffarsi direttamente e profondamente nella foresta sub-tropicale. E&#8217; un viaggio immersivo e commovente in una natura rigogliosa, immensa, sorprendente, paradisiaca. Queste in sintesi le sensazioni che si provano visitando la mostra in anteprima assoluta italiana (e unica tappa) al <strong>Maxxi <\/strong>di Roma: \u201c<strong>Sebasti\u00e3o Salgado. Amaz\u00f4nia<\/strong>\u201d, che apre i battenti al pubblico oggi 1 Ottobre per proseguire sino al 13 Febbraio 2022. Grandi pannelli sospesi ritraggono le immagini in bianco e nero del fotoreporter brasiliano che ha dedicato prima di tutti oltre 9 anni a questa terra, per fissare nei suoi scatti la vita nascosta delle popolazioni indigene, la bellezza della natura con le montagne maestose, i fiumi e le cascate prorompenti, la vegetazione avvolgente e misteriosa.<br>La mostra, con oltre 200 fotografie, \u00e8 divisa in due parti: nella prima, le fotografie di ambientazione paesaggistica, con le sezioni che vanno dalla <em>Panoramica della foresta<\/em> con l\u2019Amazzonia vista dall\u2019alto, a<em> I fiumi volanti<\/em> una delle caratteristiche pi\u00f9 straordinarie e meno conosciute della foresta pluviale, ovvero la grande quantit\u00e0 d\u2019acqua che si innalza verso l\u2019atmosfera. Tutta la forza, a volte devastante, delle piogge \u00e8 raccontata in <em>Tempeste tropicali<\/em>, mentre <em>Montagne <\/em>presenta i rilievi montuosi che definiscono la vita del bacino amazzonico. Si prosegue con la sezione <em>La foresta<\/em>, un tempo definita \u201cInferno Verde\u201d, oggi straordinario tesoro della natura; per finire con <em>Isole nel fiume<\/em>, l\u2019arcipelago che emerge dalle acque del Rio Negro. La seconda parte: con le diverse popolazioni indigene immortalate da Salgado nei suoi viaggi, come gli Aw\u00e1-Guaj\u00e1 che contano solo 450 membri e sono considerati la trib\u00f9 pi\u00f9 minacciata del pianeta, agli Yawanaw\u00e1 che, sul punto di sparire, hanno ripreso il controllo delle proprie terre e la diffusione della loro cultura; fino ai Korubo fra le trib\u00f9 con meno contatti esterni, fotografati per la prima volta grazie a una spedizione del 2017. In sottofondo, le parole dei nativi che raccontano i cambiamenti apportati dalla presenza dell&#8217;uomo bianco in questi territori incontaminati; e poi le note di <strong>Jean-Michel Jarre<\/strong> con un composit sonoro realizzato ad hoc: il rumore dell&#8217;acqua, il canto degli uccelli, il frusc\u00eco degli alberi, il soffio del vento, la grande pioggia. Cos\u00ec <strong>Sebasti\u00e3o Salgado<\/strong>: <em>\u201cQuesta mostra \u00e8 il frutto di sette anni di vissuto umano e di spedizioni fotografiche compiute via terra, acqua e aria. Sin dal momento della sua ideazione, con Amaz\u00f4nia volevo ricreare un ambiente in cui il visitatore si sentisse avvolto dalla foresta e potesse immergersi sia nella sua vegetazione rigogliosa sia nella quotidianit\u00e0 delle popolazioni native. Queste immagini vogliono essere la testimonianza di ci\u00f2 che resta di questo patrimonio immenso, che rischia di scomparire. Affinch\u00e9 la vita e la natura possano sottrarsi a ulteriori episodi di distruzione e depredazione, spetta a ogni singolo essere umano del pianeta prendere parte alla sua tutela\u201d. <\/em><\/p>\n\n\n\n<div class=\"wp-block-image\"><figure class=\"alignright size-large is-resized\"><a href=\"http:\/\/www.farecentronews.com\/wp-content\/uploads\/2021\/10\/TERZA-FOTO_13MAXXI_Salgado.jpg\"><img loading=\"lazy\" decoding=\"async\" src=\"http:\/\/www.farecentronews.com\/wp-content\/uploads\/2021\/10\/TERZA-FOTO_13MAXXI_Salgado-1024x748.jpg\" alt=\"\" class=\"wp-image-6991\" width=\"524\" height=\"382\" srcset=\"https:\/\/www.farecentronews.com\/wp-content\/uploads\/2021\/10\/TERZA-FOTO_13MAXXI_Salgado-1024x748.jpg 1024w, https:\/\/www.farecentronews.com\/wp-content\/uploads\/2021\/10\/TERZA-FOTO_13MAXXI_Salgado-300x219.jpg 300w, https:\/\/www.farecentronews.com\/wp-content\/uploads\/2021\/10\/TERZA-FOTO_13MAXXI_Salgado-768x561.jpg 768w, https:\/\/www.farecentronews.com\/wp-content\/uploads\/2021\/10\/TERZA-FOTO_13MAXXI_Salgado.jpg 1063w\" sizes=\"auto, (max-width: 524px) 100vw, 524px\" \/><\/a><\/figure><\/div>\n\n\n\n<p class=\"wp-block-paragraph\">Una mostra, quindi, che \u00e8 anche denuncia per ricordare a tutti che il 18% del territorio amazzonico \u00e8 andato ormai perduto. Ma anche che il Brasile \u00e8 l&#8217;unico paese al mondo che ha tutelato per legge la pi\u00f9 grande riserva naturale e i suoi nativi: grazie alla FUNAI &#8211; Fondazione Nazionale dell&#8217;Indio &#8211; il 25% \u00e8 protetto dalla Costituzione brasiliana; e grazie all&#8217;IBAMA \u2013 Istituto Brasiliano dell&#8217;Ambiente e delle Risorse Rinnovabili &#8211; il 24% \u00e8 Parco Nazionale. Un monito a preservare il nostro mondo perch\u00e9, sinora, non c&#8217;\u00e8 un pianeta B. <em>(crediti fotografici: in apertura, \u00a9Sebasti\u00e3o Salgado\/Contrasto_Anavilhanas, isole boscose del R\u00edo Negro. Stato di Amazonas, Brasile, 2009; a seguire: \u00a9Sebasti\u00e3o Salgado\/Contrasto_Monte Roraima. Stato del Roraima, Brasile, 2018; \u00a9Sebasti\u00e3o Salgado\/Contrasto_Indigeni Marubo. Stato di Amazonas, Brasile, 1998)<\/em><br><strong>Incontri, art work, interviste<\/strong><br>La mostra \u00e8 accompagnata da un nutrito programma di iniziative, fra numerosi incontri a tema, progetti per studenti nell&#8217;ambito dell&#8217;alternanza scuola\/lavoro, interviste. E&#8217; anche disponibile un talk realizzato da <strong>Mario Calabresi<\/strong> (che nel luglio scorso ha incontrato Salgado al museo) della puntata del suo podcast <em>Altre\/Storie<\/em> dedicata al fotografo brasiliano e intitolata<em> \u201c<strong>Il Paradiso esiste<\/strong>\u201d<\/em>. Disponibile su tutte le piattaforme audio gratuite da venerd\u00ec 1\u00b0 Ottobre.<br>La mostra, prodotta dal MAXXI in collaborazione con <strong>Contrasto<\/strong>, \u00e8 curata da <strong>L\u00e9lia Wanick Salgado<\/strong>, compagna di viaggio e di vita del grande fotografo. Global partner Zurich, sponsor Bulgarelli Production.<br><strong><br>Dal 1 Ottobre al 13 Febbraio 2021 <\/strong><br><strong>MAXXI &#8211; Museo nazionale delle arti del XXI secolo<\/strong><br><a href=\"http:\/\/www.maxxi.art\/\">www.maxxi.art<\/a><br>info: 06.320.19.54; <a href=\"mailto:info@fondazionemaxxi.it\">info@fondazionemaxxi.it<\/a><br>biglietti: solo mostra Amaz\u00f4nia : intero \u20ac 12,00 | ridotto \u20ac 10,00; Mostra Amaz\u00f4nia + Museo MAXXI: intero \u20ac 22,00 | ridotto \u20ac 20,00; solo Museo MAXXI: intero \u20ac 12,00 | ridotto \u20ac 9,00<\/p>\n","protected":false},"excerpt":{"rendered":"<p>E&#8217; come tuffarsi direttamente e profondamente nella foresta sub-tropicale. E&#8217; un viaggio immersivo e commovente in una natura rigogliosa, immensa, sorprendente, paradisiaca. Queste in sintesi le sensazioni che si provano visitando la mostra in anteprima assoluta italiana (e unica tappa) al Maxxi di Roma: \u201cSebasti\u00e3o Salgado. Amaz\u00f4nia\u201d, che apre i battenti al pubblico oggi 1 [&hellip;]<\/p>\n","protected":false},"author":4,"featured_media":6989,"comment_status":"closed","ping_status":"closed","sticky":false,"template":"","format":"standard","meta":{"footnotes":""},"categories":[3,30],"tags":[776,86,3527,243,152,3526],"class_list":["post-6987","post","type-post","status-publish","format-standard","has-post-thumbnail","hentry","category-arte-cultura","category-mostre","tag-contrasto","tag-in-evidenza","tag-jean-michel-jarre","tag-marina-de-benedictis","tag-maxxi","tag-sebastiao-salgado-amazonia"],"_links":{"self":[{"href":"https:\/\/www.farecentronews.com\/index.php?rest_route=\/wp\/v2\/posts\/6987","targetHints":{"allow":["GET"]}}],"collection":[{"href":"https:\/\/www.farecentronews.com\/index.php?rest_route=\/wp\/v2\/posts"}],"about":[{"href":"https:\/\/www.farecentronews.com\/index.php?rest_route=\/wp\/v2\/types\/post"}],"author":[{"embeddable":true,"href":"https:\/\/www.farecentronews.com\/index.php?rest_route=\/wp\/v2\/users\/4"}],"replies":[{"embeddable":true,"href":"https:\/\/www.farecentronews.com\/index.php?rest_route=%2Fwp%2Fv2%2Fcomments&post=6987"}],"version-history":[{"count":2,"href":"https:\/\/www.farecentronews.com\/index.php?rest_route=\/wp\/v2\/posts\/6987\/revisions"}],"predecessor-version":[{"id":6992,"href":"https:\/\/www.farecentronews.com\/index.php?rest_route=\/wp\/v2\/posts\/6987\/revisions\/6992"}],"wp:featuredmedia":[{"embeddable":true,"href":"https:\/\/www.farecentronews.com\/index.php?rest_route=\/wp\/v2\/media\/6989"}],"wp:attachment":[{"href":"https:\/\/www.farecentronews.com\/index.php?rest_route=%2Fwp%2Fv2%2Fmedia&parent=6987"}],"wp:term":[{"taxonomy":"category","embeddable":true,"href":"https:\/\/www.farecentronews.com\/index.php?rest_route=%2Fwp%2Fv2%2Fcategories&post=6987"},{"taxonomy":"post_tag","embeddable":true,"href":"https:\/\/www.farecentronews.com\/index.php?rest_route=%2Fwp%2Fv2%2Ftags&post=6987"}],"curies":[{"name":"wp","href":"https:\/\/api.w.org\/{rel}","templated":true}]}}