{"id":6947,"date":"2021-09-20T08:39:03","date_gmt":"2021-09-20T08:39:03","guid":{"rendered":"http:\/\/www.farecentronews.com\/?p=6947"},"modified":"2021-09-20T08:39:04","modified_gmt":"2021-09-20T08:39:04","slug":"touch-nature-a-roma-larte-si-fa-denuncia-dei-danni-ambientali-attraverso-il-pathos","status":"publish","type":"post","link":"https:\/\/www.farecentronews.com\/?p=6947","title":{"rendered":"Touch Nature. A Roma l&#8217;arte si fa denuncia dei danni ambientali attraverso il pathos"},"content":{"rendered":"\n<div class=\"wp-block-image\"><figure class=\"alignleft size-large is-resized\"><a href=\"http:\/\/www.farecentronews.com\/wp-content\/uploads\/2021\/09\/UNTER-WOLFEN.jpg\"><img loading=\"lazy\" decoding=\"async\" src=\"http:\/\/www.farecentronews.com\/wp-content\/uploads\/2021\/09\/UNTER-WOLFEN.jpg\" alt=\"\" class=\"wp-image-6951\" width=\"448\" height=\"336\" srcset=\"https:\/\/www.farecentronews.com\/wp-content\/uploads\/2021\/09\/UNTER-WOLFEN.jpg 600w, https:\/\/www.farecentronews.com\/wp-content\/uploads\/2021\/09\/UNTER-WOLFEN-300x225.jpg 300w\" sizes=\"auto, (max-width: 448px) 100vw, 448px\" \/><\/a><\/figure><\/div>\n\n\n\n<p class=\"wp-block-paragraph\"><strong>Roma, Forum Austriaco di Cultura<\/strong>. E&#8217; stata appena inaugurata nella Capitale la mostra collettiva \u201c<strong>Touch Nature<\/strong>\u201d che raccoglie le opere di 15 Artisti austriaci e 4 italiani, con le loro creazioni sul tema del rapporto uomo\/natura e sui danni ambientali. Diverse le tecniche utilizzate per esprimere la sofferenza ambientale, lo scempio e la distruzione operati dall&#8217;uomo ormai sin dalla prima industrializzazione a oggi: pittura, grafica, fotografia, scultura, installazioni e video. Ad accoglierci, sulle scale del Forum, l&#8217;emblematica opera in resina dipinta di nero di Judith Wagner \u201c<em>Unter Wolfen\u201d<\/em>, dove un uomo animalesco incede carponi nel bel mezzo di un branco di lupi generando nello spettatore inquietudine e pathos. <em>\u201cLa Natura &#8211; <\/em>afferma la curatrice <strong>Adriana Rispoli<\/strong> <em>&#8211; non \u00e8 pi\u00f9 materia prima, medium o specchio, ma, come testimonia una nuova generazione di artisti di ogni latitudine, un\u2019esigenza primaria manifesta nella necessit\u00e0 di riavvicinarsi ad essa, nel ricercare un doveroso equilibrio, nel rileggerne la forza propulsiva facendosi portavoce della sua potenza e soprattutto della sua fragilit\u00e0. La nostra mostra si inserisce in un proliferare di eventi espositivi iniziato gi\u00e0 da alcuni anni a livello globale, che mischiando generazioni, aree geografiche e modalit\u00e0 espressive, dimostrano quanto la tematica ambientale sia presente nell\u2019orizzonte dilatato dell\u2019arte contemporanea. Ma la tempestivit\u00e0 del momento, Settembre 2021, un periodo di apparente transizione tra un\u2019era pre e post Covid, fa di Touch Nature e naturalmente degli artisti coinvolti, un caposaldo da cui ripartire\u201d.<\/em> <\/p>\n\n\n\n<div class=\"wp-block-image\"><figure class=\"alignright size-large is-resized\"><a href=\"http:\/\/www.farecentronews.com\/wp-content\/uploads\/2021\/09\/touch_nature-locandina-ita.jpg\"><img loading=\"lazy\" decoding=\"async\" src=\"http:\/\/www.farecentronews.com\/wp-content\/uploads\/2021\/09\/touch_nature-locandina-ita.jpg\" alt=\"\" class=\"wp-image-6953\" width=\"443\" height=\"313\" srcset=\"https:\/\/www.farecentronews.com\/wp-content\/uploads\/2021\/09\/touch_nature-locandina-ita.jpg 600w, https:\/\/www.farecentronews.com\/wp-content\/uploads\/2021\/09\/touch_nature-locandina-ita-300x212.jpg 300w\" sizes=\"auto, (max-width: 443px) 100vw, 443px\" \/><\/a><\/figure><\/div>\n\n\n\n<p class=\"wp-block-paragraph\">Gli Artisti che espongono, ciascuno con una diversa e pregnante interpretazione del tema portante, sono: <strong>Elena Mazzi, Andrea Francolino, Luana Perilli, Leone Contini, Barbara Anna Husar, Claudia M\u00e4rzendorfer, Edgar Honetschl\u00e4ger, Ferdinand Melichar, Hans Schabus, Ines Doujak, Judith Saupper, Judith Wagner, Klaus Pichler, Laurent Ziegler, Martin Schrampf, Nives Widauer, Oliver Ressler, Peter Hauenschild, Veronica Dirnhofer<\/strong>.<br>Il Forum Austriaco di Cultura di Roma, diretto da <strong>Georg Schnetzer<\/strong>, ospiter\u00e0 le opere sino al 15 novembre 2021. La collettiva \u00e8 stata concepita da <strong>Sabine Fellner<\/strong> e curata dalla stessa con <strong>Adriana Rispoli<\/strong>. <em>(credits foto: in apertura, l&#8217;opera Hanging Lava di Luana Perilli, ph_\u00a9 Marina De Benedictis; a seguire: Unter Wolfen di Judith Wagner, ph_\u00a9 Marina De Benedictis; la locandina della mostra, con l&#8217;immagine della serie Gras, \u00a9Laurent Ziegler-Georg Blaschke, courtesy of Enrica Procaccini, Ilaria Urbani Ufficio Stampa)<\/em><br><strong>Touch Nature<\/strong><br>Sino al 15 Novembre 2021<br>Forum Austriaco di Cultura di Roma<br>viale Bruno Buozzi, 113<br><strong>Ingresso gratuito-prenotazione obbligatoria<\/strong>: <a href=\"mailto:prenotazione.forumaustriaco@gmail.com\">prenotazione.forumaustriaco@gmail.com<\/a><br><strong>Orari: <\/strong>lun \u2013 ven, ore 9.00 \u2013 17.00; esclusi i giorni: 17, 22, 23 settembre; 24 settembre (fino alle ore 14.00); 21 ottobre; 22 ottobre (fino alle ore 15.00); 3 novembre (a partire dalle ore 15.00); 4 novembre<strong>; chiuso: <\/strong>26 ottobre (Festa nazionale austriaca); 1 novembre (Ognissanti)<br><strong>Performance di Leone Contini: <\/strong>25 settembre 2021, ore 18.00<strong>Norme anti-covid<\/strong>: obbligo di greenpass o tampone negativo 48 ore antecedenti, esclusi minori sotto i 12 a.; esonero con certificazione medica specifica. Distanziamento e mascherina<\/p>\n","protected":false},"excerpt":{"rendered":"<p>Roma, Forum Austriaco di Cultura. E&#8217; stata appena inaugurata nella Capitale la mostra collettiva \u201cTouch Nature\u201d che raccoglie le opere di 15 Artisti austriaci e 4 italiani, con le loro creazioni sul tema del rapporto uomo\/natura e sui danni ambientali. Diverse le tecniche utilizzate per esprimere la sofferenza ambientale, lo scempio e la distruzione operati [&hellip;]<\/p>\n","protected":false},"author":4,"featured_media":6950,"comment_status":"closed","ping_status":"closed","sticky":false,"template":"","format":"standard","meta":{"footnotes":""},"categories":[3,30],"tags":[3498,3497,86,243,3499],"class_list":["post-6947","post","type-post","status-publish","format-standard","has-post-thumbnail","hentry","category-arte-cultura","category-mostre","tag-adriana-rispoli","tag-forum-austriaco-di-cultura","tag-in-evidenza","tag-marina-de-benedictis","tag-touch-nature"],"_links":{"self":[{"href":"https:\/\/www.farecentronews.com\/index.php?rest_route=\/wp\/v2\/posts\/6947","targetHints":{"allow":["GET"]}}],"collection":[{"href":"https:\/\/www.farecentronews.com\/index.php?rest_route=\/wp\/v2\/posts"}],"about":[{"href":"https:\/\/www.farecentronews.com\/index.php?rest_route=\/wp\/v2\/types\/post"}],"author":[{"embeddable":true,"href":"https:\/\/www.farecentronews.com\/index.php?rest_route=\/wp\/v2\/users\/4"}],"replies":[{"embeddable":true,"href":"https:\/\/www.farecentronews.com\/index.php?rest_route=%2Fwp%2Fv2%2Fcomments&post=6947"}],"version-history":[{"count":4,"href":"https:\/\/www.farecentronews.com\/index.php?rest_route=\/wp\/v2\/posts\/6947\/revisions"}],"predecessor-version":[{"id":6954,"href":"https:\/\/www.farecentronews.com\/index.php?rest_route=\/wp\/v2\/posts\/6947\/revisions\/6954"}],"wp:featuredmedia":[{"embeddable":true,"href":"https:\/\/www.farecentronews.com\/index.php?rest_route=\/wp\/v2\/media\/6950"}],"wp:attachment":[{"href":"https:\/\/www.farecentronews.com\/index.php?rest_route=%2Fwp%2Fv2%2Fmedia&parent=6947"}],"wp:term":[{"taxonomy":"category","embeddable":true,"href":"https:\/\/www.farecentronews.com\/index.php?rest_route=%2Fwp%2Fv2%2Fcategories&post=6947"},{"taxonomy":"post_tag","embeddable":true,"href":"https:\/\/www.farecentronews.com\/index.php?rest_route=%2Fwp%2Fv2%2Ftags&post=6947"}],"curies":[{"name":"wp","href":"https:\/\/api.w.org\/{rel}","templated":true}]}}