{"id":6916,"date":"2021-07-08T13:02:12","date_gmt":"2021-07-08T13:02:12","guid":{"rendered":"http:\/\/www.farecentronews.com\/?p=6916"},"modified":"2021-07-08T13:32:08","modified_gmt":"2021-07-08T13:32:08","slug":"phygital-sustainability-expo-roma-la-moda-si-fa-etica-per-un-futuro-piu-verde","status":"publish","type":"post","link":"https:\/\/www.farecentronews.com\/?p=6916","title":{"rendered":"Phygital Sustainability Expo Roma. La Moda si fa etica per un futuro pi\u00f9 verde"},"content":{"rendered":"\n<div class=\"wp-block-image\"><figure class=\"alignleft size-large is-resized\"><a href=\"http:\/\/www.farecentronews.com\/wp-content\/uploads\/2021\/07\/3_20210705_202705.jpg\"><img loading=\"lazy\" decoding=\"async\" src=\"http:\/\/www.farecentronews.com\/wp-content\/uploads\/2021\/07\/3_20210705_202705.jpg\" alt=\"\" class=\"wp-image-6919\" width=\"392\" height=\"523\" srcset=\"https:\/\/www.farecentronews.com\/wp-content\/uploads\/2021\/07\/3_20210705_202705.jpg 600w, https:\/\/www.farecentronews.com\/wp-content\/uploads\/2021\/07\/3_20210705_202705-225x300.jpg 225w\" sizes=\"auto, (max-width: 392px) 100vw, 392px\" \/><\/a><\/figure><\/div>\n\n\n\n<p class=\"wp-block-paragraph\">Roma, Mercati Traianei_5 Luglio 2021. La location \u00e8 la pi\u00f9 scenografica che si potesse immaginare. L&#8217;evento \u00e8 il <strong>Phygital Sustainability Expo<\/strong> con ben 34 brand green del comparto Moda. Visitatori, buyers, giornalisti, influencers, relatori, ricercatori, manager e marchi del fashion si sono confrontati in una maratona dedicata alla sostenibilit\u00e0. In apertura di giornata, le start up:<em> Shaharlivne, Spiber Ulysses Aoki, Fairbrics, Air Guru, Fhi Collective, Talia Collective, Sekkei Eco Design, Zilli, ACBC<\/em>; a seguire, le conferenze dei relatori tra cui il Prof. Antonio Giordano, Carlo Palmieri (Carpisa e Yamamay), Andrea Puggelli (Automobili Lamborghini) e Antonio Franceschini (Responsabile Nazionale CNA Federmoda), moderate dalla presidente SFIS Valeria Mangani.<\/p>\n\n\n\n<p class=\"wp-block-paragraph\">Poi, nella rosea luce del tramonto con la voce narrante dello storico dell\u2019Arte Valerio Vernesi e il sottofondo dell\u2019aria \u201cVide Cor Meum\u201d di Patrick Cassidy, hanno sfilato le creazioni di: <em>Alter Designs, Bjanko, EmulEos, EsGivien, Eye of Ray, Fusioni Moda, Lungomare Studio, Ma Vie Collection, Made in Carcere, Muusa, Opera Campi, Par.co Denim, Pia Lauri Capri, Silence Please, Simone Tessadori, Soul Daze Collection, Vernisse, Vienso e Zummy. <\/em>Abiti racchiusi nelle antiche botteghe dei Mercati romani e in defil\u00e8 con 19 outfit lungo la via Beberatica, in un affascinante dialogo fra storia e futuro. Ogni collezione presente nell&#8217;evento, infatti, nasce da materie prime naturali e non inquinanti, con una filiera produttiva finalmente solidale e sostenibile.<\/p>\n\n\n\n<p class=\"wp-block-paragraph\">Per un futuro della Moda pi\u00f9 verde sin da subito. <em>(in apertura: una spettacolare vista dei Fori dai Mercati di Traiano; a seguire:  un outfit firmato EmulEos in sfilata sulla via Beberatica; <em>alcune creazioni ecosostenibili incastonate nelle millenarie botteghe romane<\/em>. Ph_Marina De Benedictis, tutti i diritti riservati)<\/em><\/p>\n\n\n\n<p class=\"wp-block-paragraph\">Direzione artistica: <strong>Stefano Trespidi<\/strong>, Vice Direttore Artistico della Fondazione Arena di Verona. Catering: Green Hole; Merumalia Wine Resort a km 0, acque minerali di H\u201dO Solutions nelle eco borracce di Zetema. Sostegni e patrocini: Regione Lazio, ASVIS- Alleanza per lo Sviluppo Sostenibile, Ministero della Transizione Ecologica, Ministero della Cultura, del Ministero dello Sviluppo Economico, ENEA, Comune di Roma, dell\u2019Universit\u00e0 Tor Vergata, Associazione Tessile e Salute, International Alliance of Women, Ambasciata Americana in Italia. Partnership: CNA Federmoda, Enel X, ICE, Ministero degli Affari Esteri e della Cooperazione Internazionale, Ferrovie dello Stato. Mentre i social hanno avuto la partnership con Igers Italia e Igers Roma.<\/p>\n\n\n\n<div class=\"wp-block-image\"><figure class=\"alignright size-large is-resized\"><a href=\"http:\/\/www.farecentronews.com\/wp-content\/uploads\/2021\/07\/2_20210705_194648-1.jpg\"><img loading=\"lazy\" decoding=\"async\" src=\"http:\/\/www.farecentronews.com\/wp-content\/uploads\/2021\/07\/2_20210705_194648-1.jpg\" alt=\"\" class=\"wp-image-6920\" width=\"487\" height=\"365\" srcset=\"https:\/\/www.farecentronews.com\/wp-content\/uploads\/2021\/07\/2_20210705_194648-1.jpg 600w, https:\/\/www.farecentronews.com\/wp-content\/uploads\/2021\/07\/2_20210705_194648-1-300x225.jpg 300w\" sizes=\"auto, (max-width: 487px) 100vw, 487px\" \/><\/a><\/figure><\/div>\n\n\n\n<p class=\"wp-block-paragraph\"><strong>Sustainable Fashion Innovation Society<\/strong><br>La<strong> SFIS<\/strong> \u00e8 un\u2019Associazione senza scopo di lucro, che supporta le aziende italiane della moda e del design nella trasformazione della loro filiera al green. I principi alla base di ogni attivit\u00e0 sono: la valorizzazione della moda e del <strong>Made in Italy<\/strong>, la promozione della sostenibilit\u00e0\u0300 del processo produttivo, l\u2019innovazione della filiera produttiva, il conseguimento di un\u2019economia circolare, la divulgazione dei temi volti a sensibilizzare gli utenti sull\u2019importanza del rispetto per il pianeta e dei mari e svolgere una serie di attivit\u00e0 il cui fine \u00e8 aumentare la consapevolezza dei consumatori sull\u2019importanza di un acquisto responsabile. La mission \u00e8 di supportare le PMI, le micro imprese italiane, gli artigiani e le startup della moda e del design nella trasformazione della loro filiera al green, adottando formule produttive pi\u00f9 responsabili e conformi agli SDGs: gli obiettivi di sviluppo sostenibile dell\u2019<strong>Agenda 2030<\/strong> delle Nazioni Unite. La SFIS organizza ogni anno la <strong>Phygital Sustainability Expo<\/strong>, primo evento al mondo dedicato alla transizione ecologica del sistema moda &amp; design attraverso l\u2019innovazione tecnologica. Presidente:<strong> Valeria Mangani<\/strong>, Esperta di Moda e di Ecologia, scrittrice di numerosi best-sellers sulla relazione tra Ambiente e Salute, Docente di Tecnologia dei tessuti alla Facolt\u00e0 di Medicina del Lavoro presso l\u2019Universit\u00e0 La Sapienza, opera attivamente nelle istituzioni italiane ed estere e nella moda con attivit\u00e0 legate alla promozione, all\u2019internazionalizzazione e alla divulgazione di tematiche sociali e ambientali; inoltre vanta un comitato tecnico d\u2019eccellenza di cui fanno parte professionisti, esperti e ricercatori.<br><a href=\"https:\/\/www.google.com\/url?sa=t&amp;rct=j&amp;q=&amp;esrc=s&amp;source=web&amp;cd=&amp;ved=2ahUKEwjCu92FhdPxAhXCzqQKHQTkBYUQFjABegQICxAD&amp;url=https%3A%2F%2Fwww.sustainablefashioninnovation.org%2F&amp;usg=AOvVaw02sRBHIAsMIH2QJXItdAVb\"><strong>www.sustainablefashioninnovation.org<\/strong><\/a><\/p>\n","protected":false},"excerpt":{"rendered":"<p>Roma, Mercati Traianei_5 Luglio 2021. La location \u00e8 la pi\u00f9 scenografica che si potesse immaginare. L&#8217;evento \u00e8 il Phygital Sustainability Expo con ben 34 brand green del comparto Moda. Visitatori, buyers, giornalisti, influencers, relatori, ricercatori, manager e marchi del fashion si sono confrontati in una maratona dedicata alla sostenibilit\u00e0. In apertura di giornata, le start [&hellip;]<\/p>\n","protected":false},"author":4,"featured_media":6918,"comment_status":"closed","ping_status":"closed","sticky":false,"template":"","format":"standard","meta":{"footnotes":""},"categories":[35,1],"tags":[86,243,3485,3484,83,3486],"class_list":["post-6916","post","type-post","status-publish","format-standard","has-post-thumbnail","hentry","category-fashion-news","category-moda-shopping","tag-in-evidenza","tag-marina-de-benedictis","tag-mercati-traianei","tag-phygital-sustainability-expo","tag-ultimissime","tag-valeria-mangani"],"_links":{"self":[{"href":"https:\/\/www.farecentronews.com\/index.php?rest_route=\/wp\/v2\/posts\/6916","targetHints":{"allow":["GET"]}}],"collection":[{"href":"https:\/\/www.farecentronews.com\/index.php?rest_route=\/wp\/v2\/posts"}],"about":[{"href":"https:\/\/www.farecentronews.com\/index.php?rest_route=\/wp\/v2\/types\/post"}],"author":[{"embeddable":true,"href":"https:\/\/www.farecentronews.com\/index.php?rest_route=\/wp\/v2\/users\/4"}],"replies":[{"embeddable":true,"href":"https:\/\/www.farecentronews.com\/index.php?rest_route=%2Fwp%2Fv2%2Fcomments&post=6916"}],"version-history":[{"count":3,"href":"https:\/\/www.farecentronews.com\/index.php?rest_route=\/wp\/v2\/posts\/6916\/revisions"}],"predecessor-version":[{"id":6924,"href":"https:\/\/www.farecentronews.com\/index.php?rest_route=\/wp\/v2\/posts\/6916\/revisions\/6924"}],"wp:featuredmedia":[{"embeddable":true,"href":"https:\/\/www.farecentronews.com\/index.php?rest_route=\/wp\/v2\/media\/6918"}],"wp:attachment":[{"href":"https:\/\/www.farecentronews.com\/index.php?rest_route=%2Fwp%2Fv2%2Fmedia&parent=6916"}],"wp:term":[{"taxonomy":"category","embeddable":true,"href":"https:\/\/www.farecentronews.com\/index.php?rest_route=%2Fwp%2Fv2%2Fcategories&post=6916"},{"taxonomy":"post_tag","embeddable":true,"href":"https:\/\/www.farecentronews.com\/index.php?rest_route=%2Fwp%2Fv2%2Ftags&post=6916"}],"curies":[{"name":"wp","href":"https:\/\/api.w.org\/{rel}","templated":true}]}}