{"id":6904,"date":"2021-06-30T09:18:25","date_gmt":"2021-06-30T09:18:25","guid":{"rendered":"http:\/\/www.farecentronews.com\/?p=6904"},"modified":"2021-06-30T09:18:27","modified_gmt":"2021-06-30T09:18:27","slug":"estate-romana-2021-tante-novita-per-far-ripartire-larte-e-la-cultura","status":"publish","type":"post","link":"https:\/\/www.farecentronews.com\/?p=6904","title":{"rendered":"Estate Romana 2021. Tante novit\u00e0 per far ripartire l&#8217;arte e la cultura"},"content":{"rendered":"\n<p class=\"wp-block-paragraph\">Il 30 giugno&nbsp;si aprir\u00e0 la nuova stagione del&nbsp;<strong>Gigi Proietti Globe Theatre Silvano Toti<\/strong>, il teatro elisabettiano di Villa Borghese appena intitolato al suo indimenticato direttore. Fino a ottobre, in scena, come da tradizione, grandi pi\u00e8ce shakespeariane come&nbsp;<em>Romeo e Giulietta<\/em>, nella regia originale di&nbsp;<strong>Proietti<\/strong>&nbsp;(30 giugno \u2013 25 luglio), o il&nbsp;<em>Falstaff e le allegre comari di Windsor<\/em>&nbsp;per la regia di&nbsp;<strong>Marco Carniti<\/strong>&nbsp;(17 settembre \u2013 3 ottobre); nonch\u00e9 altri imponenti testi della storia teatrale come il&nbsp;<em>Faust<\/em>, scritto e diretto da&nbsp;<strong>Stefano Reali<\/strong>&nbsp;(7 e 8 settembre). Largo spazio alle rappresentazioni per i pi\u00f9 piccoli con la sezione&nbsp;<em>Al Globe con mamma e pap\u00e0<\/em>&nbsp;e gli spettacoli di&nbsp;<strong>Gigi Palla<\/strong>&nbsp;<em>Riccardino terzo, C\u2019\u00e8 del marcio in Danimarca e Nonna Lia(r) e le sue tre nipoti<\/em>.<br>Ricca la proposta di&nbsp;<strong>Estate al MAXXI<\/strong>, che, al via oggi,&nbsp;a giugno e luglio&nbsp;vedr\u00e0 protagonisti, grazie al contributo di Roma Capitale,&nbsp;<strong>Marina Abramovi\u0107<\/strong>&nbsp;(evento speciale&nbsp;il 16 luglio),&nbsp;<strong>Francesco Vezzoli<\/strong>,&nbsp;<strong>Levante<\/strong>,&nbsp;<strong>Vasco Brondi<\/strong>,&nbsp;<strong>Luca Barbarossa<\/strong>,&nbsp;<strong>Jhumpa Lahiri<\/strong>,&nbsp;<strong>Sandro Veronesi<\/strong>,&nbsp;<strong>Valerio Magrelli<\/strong>,&nbsp;<strong>Slavoj \u017di\u017eek<\/strong>&nbsp;e molti altri.<br>Nel piazzale antistante al museo anche l\u2019ottava edizione di&nbsp;<strong>Cinema al MAXXI<\/strong>, a cura di&nbsp;&nbsp;<strong>Fondazione Cinema per Roma<\/strong>&nbsp;e&nbsp;<strong>MAXXI.<\/strong>&nbsp;Il programma curato da&nbsp;<strong>Mario Sesti<\/strong>&nbsp;proporr\u00e0&nbsp;fino al 21 luglio&nbsp;i format&nbsp;<em>Extra Doc Festival<\/em>&nbsp;e&nbsp;<em>Video Essay Film Festival<\/em>. Non mancheranno serate per i pi\u00f9 giovani realizzate da&nbsp;<strong>Alice nella citt\u00e0<\/strong>. Info:&nbsp;<a rel=\"noreferrer noopener\" target=\"_blank\" href=\"http:\/\/www.romacinemafest.org\/\">www.romacinemafest.org<\/a>&nbsp;e&nbsp;<a rel=\"noreferrer noopener\" target=\"_blank\" href=\"http:\/\/www.maxxi.art\/\">www.maxxi.art<\/a>.<br><br>All\u2019<strong>Auditorium Parco della Musica<\/strong>: la rassegna&nbsp;<strong>Si pu\u00f2 fare<\/strong>, vedr\u00e0 alla Cavea grandi nomi della musica italiana e internazionale come&nbsp;<strong>Emma, Niccol\u00f2 Fabi, Edoardo Bennato, Fiorella Mannoia, Gino Paoli, Nicola Piovani, Pier\u00f2 Pel\u00f9, Max Gazz\u00e8, Fabrizio Moro, Robben Ford e Bill Evans, Noa<\/strong>, ma anche alcuni tra gli artisti pi\u00f9 amati dai giovani, da&nbsp;<strong>Myss Keta, Motta, ColapesceDimartino<\/strong>, a&nbsp;<strong>Willie Peyote, Ghemon, Lo Stato Sociale<\/strong>.<br>Alla Cavea e nella Sala Santa Cecilia,&nbsp;dal 6 luglio, i&nbsp;<strong>Concerti d\u2019Estate dell\u2019Accademia Nazionale di Santa Cecilia<\/strong>&nbsp;con sei concerti speciali con l\u2019Orchestra e il Coro dell\u2019Accademia oltre a performance e omaggi a Stravinskij, Gershwin e al genio di&nbsp;<strong>Sebasti\u00e3o Salgado<\/strong>.&nbsp;<strong>Antonio Pappano<\/strong>,&nbsp;<strong>Corrado Augias<\/strong>,&nbsp;<strong>Beatrice Rana<\/strong>,&nbsp;<strong>Wayne Marshall<\/strong>&nbsp;e&nbsp;<strong>Richard Galliano<\/strong>, che eseguir\u00e0 la prima esecuzione assoluta della sua&nbsp;<em>Les chemins noirs<\/em>, sono solo alcuni degli interpreti di un programma che intreccia musica, danza, racconto, suoni e visioni.<br><br>Musica per quattro mesi alla&nbsp;<strong>Casa del Jazz<\/strong>. Sul palco all\u2019aperto, grazie all\u2019impegno della&nbsp;<strong>Fondazione Musica per Roma<\/strong>, si alterneranno nomi di spicco del panorama italiano come&nbsp;<strong>Enrico Rava, Enrico Pieranunzi, Geg\u00e8 Munari, Stefano di Battista, Ada Montellanico, Gianluca Petrella, Rita Marcotulli, Danilo Rea, Roberto Gatto, Fabrizio Bosso, Tullio de Piscopo, Alex Britti, Geg\u00e8 Telesforo<\/strong>, nonch\u00e9 grandi artisti stranieri come&nbsp;<strong>Michel Portal, Michael League, Bill Laurance, Fred Hersch, Antonio Sanchez, Marcus Schinkel, Sarah Jane Morris, Dave Douglas, Bill&nbsp;Frisell, Dominik Wania, Rymden, John Patitucci\/Brian Blade\/Chris Potter, Avishai Cohen, David Murray, Forq<\/strong>.<br>Il&nbsp;<strong>Teatro dell\u2019Opera<\/strong>&nbsp;di Roma,&nbsp;dal 15 giugno al 6 agosto, porter\u00e0 la propria programmazione estiva al Circo Massimo, dal nuovo allestimento de&nbsp;<em>Il trovatore<\/em>&nbsp;di Verdi con la direzione di&nbsp;<strong>Daniele Gatti<\/strong>&nbsp;e la regia di&nbsp;<strong>Lorenzo Mariani<\/strong>&nbsp;al debutto del maestro&nbsp;<strong>Myung-Whun Chung<\/strong>&nbsp;alla direzione dell\u2019Orchestra del Lirico capitolino con la&nbsp;<em>Messa da Requiem<\/em>&nbsp;di Verdi; e due allestimenti pensati appositamente per il nuovo palcoscenico del Circo Massimo:&nbsp;<em>Madama Butterfly<\/em>&nbsp;e&nbsp;<em>La boh\u00e8me<\/em>&nbsp;di Puccini. Non mancher\u00e0 la grande danza con&nbsp;<em>Il lago dei cigni<\/em>&nbsp;e il gala di&nbsp;<strong>Roberto Bolle<\/strong>,&nbsp;mentre&nbsp;<strong>Vinicio Capossela<\/strong>&nbsp;si esibir\u00e0 con l\u2019<strong>Orchestra Maderna<\/strong>.<br>A&nbsp;settembre, dal 3 al 13&nbsp;&#8211; con anteprima il 2 &#8211; si terr\u00e0 la sedicesima edizione di&nbsp;<strong>Short Theatre<\/strong>, che interesser\u00e0 diversi luoghi: le consuete sedi del festival&nbsp;<strong>WEGIL<\/strong>&nbsp;e&nbsp;<strong>La Pelanda<\/strong>&nbsp;<strong>\u2013 Mattatoio di Roma<\/strong>, oltre che il&nbsp;<strong>Teatro Argentina<\/strong>&nbsp;e il&nbsp;<strong>Teatro India<\/strong>, pi\u00f9 alcuni spazi urbani disseminati nella citt\u00e0, in collaborazione con realt\u00e0 attive nel tessuto cittadino.&nbsp;<br>A settembre torner\u00e0 ad animare la capitale anche il&nbsp;<strong>Romaeuropa Festival<\/strong>&nbsp;diretto da&nbsp;Fabrizio Grifasi, con un programma internazionale di oltre due mesi,&nbsp;dal 14 settembre al 21 novembre. Ad anticiparlo sar\u00e0 un\u2019anteprima estiva al&nbsp;<strong>Teatro India<\/strong>&nbsp;realizzata dalla compagnia&nbsp;<strong>Muta Imago<\/strong>&nbsp;(<strong>Claudia Sorace<\/strong>&nbsp;e&nbsp;<strong>Riccardo Fazi<\/strong>) che,&nbsp;fino al 20 giugno, in collaborazione con il Teatro di Roma, sar\u00e0 in scena con&nbsp;<em>Sonora Desert<\/em>, un formato inedito tra istallazione, concerto e performance sonora.&nbsp;Dal 14 al 16 settembre&nbsp;si entrer\u00e0 nel vivo della trentaseiesima edizione del festival con l\u2019inaugurazione alla Cavea dell\u2019Auditorium Parco della Musica in compagnia dello spettacolo&nbsp;<em>M\u00f6bius<\/em>, degli acrobati&nbsp;<strong>XY&nbsp;<\/strong>e del coreografo&nbsp;<strong>Rachid Ouramdane<\/strong>. E poi nei giorni a seguire:&nbsp;<strong>Israel Galv\u00e1n<\/strong>&nbsp;al fianco del musicista&nbsp;<strong>Ni\u00f1o de Elche<\/strong>&nbsp;(18 e 19 settembre), l\u2019acclamato compositore britannico&nbsp;<strong>Max Richter<\/strong>&nbsp;(20 settembre), lo spettacolo&nbsp;<em>Pieces of a Woman<\/em>&nbsp;firmato dalla sceneggiatrice&nbsp;<strong>Kata W\u00e9ber<\/strong>&nbsp;e dal regista&nbsp;<strong>Korn\u00e9l Mundrucz\u00f3<\/strong>&nbsp;(dal 17 al 19 settembre).<br><br>A&nbsp;<strong>Palazzo delle Esposizioni<\/strong>&nbsp;prosegue&nbsp;fino al 18 luglio&nbsp;la&nbsp;<strong>Quadriennale d\u2019arte 2020 FUORI<\/strong>, a cura di&nbsp;<strong>Sarah Cosulich<\/strong>&nbsp;e&nbsp;<strong>Stefano Collicelli Cagol<\/strong>. L\u2019esposizione presenta pi\u00f9 di 300 opere di 43 artisti, esposte attraverso sale monografiche e nuovi lavori che tracciano un percorso alternativo nella lettura dell\u2019arte italiana dagli anni Sessanta a oggi. L\u2019ingresso \u00e8 gratuito.&nbsp;Dal 22 giugno&nbsp;aprir\u00e0 al pubblico&nbsp;<strong>Toccare la bellezza. Maria Montessori Bruno Munari<\/strong>, una mostra per tutti, adulti e bambini. L\u2019esposizione, a ingresso gratuito, sar\u00e0 un\u2019occasione per conoscere meglio il lavoro di due tra i pi\u00f9 illustri protagonisti della cultura italiana contemporanea.<\/p>\n\n\n\n<p class=\"wp-block-paragraph\">Al&nbsp;<strong>MACRO<\/strong>,&nbsp;tra giugno e luglio, tutte le sezioni espositive di&nbsp;<strong>Museo per l\u2019Immaginazione Preventiva<\/strong>, ospiteranno nuove mostre e progetti, presentando una variet\u00e0 di temi, linguaggi e protagonisti: dalla ricerca sonora di&nbsp;<strong>Franca Sacchi<\/strong>&nbsp;(dal 10 giugno) alla grande personale dell\u2019artista americano&nbsp;<strong>Tony Cokes<\/strong>&nbsp;(dal 15 luglio). Tra le altre&nbsp;<strong>Artists\u2019 Library 1989-2021<\/strong>&nbsp;con la partecipazione di&nbsp;<strong>Noah Barker, \u00c9ric Baudelaire, Pauline Curnier Jardin, Claudia de la Torre, Maria Eichhorn, Simone Fattal, Aaron Flint Jamison, David Horvitz, Tobias Kaspar, Giulio Paolini, Walid Raad, Georgia Sagri, Luca Trevisani<\/strong>&nbsp;(15 giugno \u2013 5 settembre);&nbsp;<strong>Friedl Kubelka vom Gr\u00f6ller<\/strong>&nbsp;con opere di&nbsp;<strong>Talia Chetrit, Philipp Fleischmann, Seiichi Furuya, Sophie Thun<\/strong>&nbsp;(22 giugno \u2013 10 ottobre);&nbsp;<strong>Reba Maybury<\/strong>&nbsp;(2 luglio \u2013 12 settembre);&nbsp;<strong>Julie Peeters<\/strong>&nbsp;(8 luglio \u2013 24 ottobre);&nbsp;<strong>Tony Cokes<\/strong>&nbsp;(15 luglio \u2013 24 ottobre);&nbsp;<strong>Mario Diacono<\/strong>&nbsp;con opere di&nbsp;<strong>Vito Acconci, Francesco Clemente, Enzo Cucchi, David McDermott &amp; Peter McGough, Donna Moylan, Claudio Parmiggiani<\/strong>&nbsp;(15 luglio \u2013 24 ottobre);&nbsp;<strong>Real Madrid, Margherita Raso e Alessandro Cicoria<\/strong>&nbsp;(in progress&nbsp;tra giugno e settembre). Tra le performance live e screening, si segnala la prima del film documentario nato dalla mostra&nbsp;<em>TRACCE\/TRACES<\/em>&nbsp;di&nbsp;<strong>Lawrence Weiner<\/strong>, mentre&nbsp;fino al 31 luglio&nbsp;prosegue la mostra in realt\u00e0 aumentata&nbsp;<strong>Bootlicker Suite<\/strong>&nbsp;di&nbsp;<strong>Darren Bader<\/strong>.<br>Il Padiglione 9A del&nbsp;<strong>Mattatoio<\/strong>&nbsp;ospita&nbsp;fino al 22 agosto&nbsp;la 64^ edizione del&nbsp;<strong>World Press Photo<\/strong>. Nel Padiglione 9B, dopo&nbsp;<strong>Le Storie della Vera Croce di Luigi Presicce<\/strong>&nbsp;(fino al 27 giugno), il programma&nbsp;<strong>Dispositivi Sensibili<\/strong>, a cura di&nbsp;<strong>Angel Moya Garcia<\/strong>, presenter\u00e0&nbsp;dal 13 luglio al 12 settembre,&nbsp;<em>While Being Other<\/em>&nbsp;del duo&nbsp;<strong>Prinz Gholam<\/strong>.&nbsp;Dal 24 giugno al 22 agosto&nbsp;si svolger\u00e0&nbsp;<strong>re \u2013 creatures<\/strong>, la programmazione estiva gratuita a cura di&nbsp;<strong>Ilaria Mancia<\/strong>: un palinsesto diffuso negli spazi esterni e in quelli de La Pelanda che inaugura con le installazioni video di&nbsp;<strong>Pierre Huyghe, Revital Cohen &amp; Tuur Van Balen&nbsp;<\/strong>e&nbsp;<strong>Valentina Furian<\/strong>, e una serie di performance aperte dal concerto di&nbsp;<strong>Lorenzo Senni<\/strong>. Il programma si svilupper\u00e0 con spettacoli dal vivo, installazioni, proiezioni di film, incontri, con protagonisti nazionali e internazionali. La programmazione estiva sar\u00e0 accompagnata da&nbsp;<strong>Ricreazione<\/strong>, programma di laboratori gratuiti negli spazi de La Pelanda che,&nbsp;a partire dal 15 giugno, proporr\u00e0 le attivit\u00e0 di&nbsp;<em>Mappa Mondi<\/em>, rivolte ai bambini dai 6 agli 8 anni, e di&nbsp;<em>Traiettorie<\/em>, destinate agli adulti.<br>Il programma di Estate Romana 2021 \u00e8 promosso da<strong> Roma Culture<\/strong>. Gli appuntamenti possono subire variazioni. Per informazioni e aggiornamenti<strong>&nbsp;<\/strong><a rel=\"noreferrer noopener\" target=\"_blank\" href=\"http:\/\/culture.roma.it\/\"><strong>culture.roma.it<\/strong><\/a><\/p>\n","protected":false},"excerpt":{"rendered":"<p>Il 30 giugno&nbsp;si aprir\u00e0 la nuova stagione del&nbsp;Gigi Proietti Globe Theatre Silvano Toti, il teatro elisabettiano di Villa Borghese appena intitolato al suo indimenticato direttore. Fino a ottobre, in scena, come da tradizione, grandi pi\u00e8ce shakespeariane come&nbsp;Romeo e Giulietta, nella regia originale di&nbsp;Proietti&nbsp;(30 giugno \u2013 25 luglio), o il&nbsp;Falstaff e le allegre comari di Windsor&nbsp;per [&hellip;]<\/p>\n","protected":false},"author":5,"featured_media":6906,"comment_status":"closed","ping_status":"closed","sticky":false,"template":"","format":"standard","meta":{"footnotes":""},"categories":[34,32,5,33],"tags":[77,1610,3480,3481,86,466,101,3380,83],"class_list":["post-6904","post","type-post","status-publish","format-standard","has-post-thumbnail","hentry","category-cinema","category-concerti","category-musica-spettacolo","category-teatro","tag-auditorium-parco-della-musica","tag-casa-del-jazz","tag-estate-romana-2021","tag-gigi-proietti-globe-theatre-silvano-toti","tag-in-evidenza","tag-macro","tag-palazzo-delle-esposizioni","tag-roma-culture","tag-ultimissime"],"_links":{"self":[{"href":"https:\/\/www.farecentronews.com\/index.php?rest_route=\/wp\/v2\/posts\/6904","targetHints":{"allow":["GET"]}}],"collection":[{"href":"https:\/\/www.farecentronews.com\/index.php?rest_route=\/wp\/v2\/posts"}],"about":[{"href":"https:\/\/www.farecentronews.com\/index.php?rest_route=\/wp\/v2\/types\/post"}],"author":[{"embeddable":true,"href":"https:\/\/www.farecentronews.com\/index.php?rest_route=\/wp\/v2\/users\/5"}],"replies":[{"embeddable":true,"href":"https:\/\/www.farecentronews.com\/index.php?rest_route=%2Fwp%2Fv2%2Fcomments&post=6904"}],"version-history":[{"count":2,"href":"https:\/\/www.farecentronews.com\/index.php?rest_route=\/wp\/v2\/posts\/6904\/revisions"}],"predecessor-version":[{"id":6907,"href":"https:\/\/www.farecentronews.com\/index.php?rest_route=\/wp\/v2\/posts\/6904\/revisions\/6907"}],"wp:featuredmedia":[{"embeddable":true,"href":"https:\/\/www.farecentronews.com\/index.php?rest_route=\/wp\/v2\/media\/6906"}],"wp:attachment":[{"href":"https:\/\/www.farecentronews.com\/index.php?rest_route=%2Fwp%2Fv2%2Fmedia&parent=6904"}],"wp:term":[{"taxonomy":"category","embeddable":true,"href":"https:\/\/www.farecentronews.com\/index.php?rest_route=%2Fwp%2Fv2%2Fcategories&post=6904"},{"taxonomy":"post_tag","embeddable":true,"href":"https:\/\/www.farecentronews.com\/index.php?rest_route=%2Fwp%2Fv2%2Ftags&post=6904"}],"curies":[{"name":"wp","href":"https:\/\/api.w.org\/{rel}","templated":true}]}}